{"id":761514,"date":"2024-10-15T12:45:44","date_gmt":"2024-10-15T08:45:44","guid":{"rendered":"https:\/\/arantv.az\/?p=761514"},"modified":"2024-10-15T12:45:44","modified_gmt":"2024-10-15T08:45:44","slug":"tayvan-muhasir%c9%99y%c9%99-alindi-ada-lideri-vasinqtona-muraci%c9%99t-etdi-bizi-cind%c9%99n-qoruyun","status":"publish","type":"post","link":"https:\/\/arantv.az\/?p=761514","title":{"rendered":"Tayvan m\u00fchasir\u0259y\u0259 al\u0131nd\u0131, ada lideri Va\u015finqtona m\u00fcraci\u0259t etdi: \u201cBizi \u00c7ind\u0259n qoruyun!\u201d"},"content":{"rendered":"<div class=\"text-content\" data-id=\"\" data-url=\"\">\n<p><strong>\u201cT\u0259liml\u0259r d\u0259nizd\u0259 t\u0131xanmaya s\u0259b\u0259b olub. \u201cChannel News Asia\u201d agentliyinin m\u0259lumat\u0131na g\u00f6r\u0259, \u00c7in\u0259 m\u0259xsus h\u0259rbi t\u0259yyar\u0259l\u0259rin v\u0259 g\u0259mil\u0259rin i\u015ftirak\u0131 il\u0259 oktyabr\u0131n 14-d\u0259 Tayvan \u0259traf\u0131nda ba\u015flanan h\u0259rbi t\u0259liml\u0259r adan\u0131 faktiki m\u00fchasir\u0259y\u0259 al\u0131b. \u00c7inin g\u00fcc n\u00fcmayi\u015finin bir hiss\u0259si olan bu t\u0259liml\u0259r son iki ild\u0259 geni\u015fmiqyasl\u0131 h\u0259rbi \u0259m\u0259liyyatlar\u0131n d\u00f6rd\u00fcnc\u00fc m\u0259rh\u0259l\u0259sidir\u201d.<\/strong><\/p>\n<p>Bu fikirl\u0259ri\u00a0<strong>Musavat.com<\/strong>-a\u00a0<strong>\u201cAtlas\u201d Ara\u015fd\u0131rmalar M\u0259rk\u0259zinin s\u0259dri, politoloq Elxan \u015eahino\u011flu<\/strong>\u00a0deyib.<\/p>\n<p><img loading=\"lazy\" src=\"https:\/\/cdn.musavat.com\/news\/thumbnails\/bff8840b679396d5cee02b649280a96d.jpg\" alt=\"elxan.jpg (68 KB)\" width=\"700\" height=\"436\" \/><\/p>\n<p>\u201c\u00c7in M\u00fcdafi\u0259 Nazirliyind\u0259n yay\u0131mlanan a\u00e7\u0131qlamada, \u201cBirg\u0259 q\u0131l\u0131nc &#8211; 2024B\u201d adl\u0131 t\u0259liml\u0259r \u201cd\u0259niz q\u00fcvv\u0259l\u0259ri komandanl\u0131\u011f\u0131n\u0131n qo\u015funlar\u0131n\u0131n birg\u0259 \u0259m\u0259liyyat imkanlar\u0131n\u0131n s\u0131naqdan ke\u00e7irilm\u0259si\u201d kimi qiym\u0259tl\u0259ndirilib. M\u00fcdafi\u0259 Nazirliyinin s\u00f6z\u00e7\u00fcs\u00fc, kapitan Li Xinin s\u00f6zl\u0259rin\u0259 g\u00f6r\u0259, t\u0259liml\u0259r Tayvan adas\u0131n\u0131n \u015fimal, c\u0259nub v\u0259 \u015f\u0259rqind\u0259ki \u0259razil\u0259rd\u0259 ke\u00e7irilir. O, bu t\u0259liml\u0259rl\u0259 d\u0259niz-hava d\u00f6y\u00fc\u015f haz\u0131rl\u0131\u011f\u0131 patrullar\u0131n\u0131n, \u0259sas limanlar\u0131n v\u0259 \u0259razil\u0259rin blokadalar\u0131n\u0131n, d\u0259niz v\u0259 yer\u00fcst\u00fc h\u0259d\u0259fl\u0259r\u0259 h\u00fccum daxil olmaqla, bir \u00e7ox sah\u0259l\u0259rin s\u0131naqdan ke\u00e7irildiyini bildirib. T\u0259liml\u0259r h\u0259m\u00e7inin \u201ch\u0259rt\u0259r\u0259fli \u00fcst\u00fcnl\u00fcy\u00fcn \u0259l\u0259 ke\u00e7irilm\u0259si\u201d kimi d\u0259 izah edilib.<\/p>\n<p>T\u0259liml\u0259r Tayvan lideri Lai \u00c7inte adan\u0131n milli g\u00fcn\u00fc &#8211; \u00c7in Respublikas\u0131n\u0131n yaranmas\u0131n\u0131n 113-c\u00fc ild\u00f6n\u00fcm\u00fc m\u00fcnasib\u0259ti il\u0259 etdiyi \u00e7\u0131x\u0131\u015fdan bir ne\u00e7\u0259 g\u00fcn sonraya t\u0259sad\u00fcf edib. O, ada il\u0259 ba\u011fl\u0131 \u00e7\u0131x\u0131\u015f\u0131nda \u00c7in Xalq Respublikas\u0131n\u0131n Tayvan\u0131 t\u0259msil etm\u0259k h\u00fcququnun olmad\u0131\u011f\u0131n\u0131 iddia edib. Lai \u00c7intenin s\u00f6zl\u0259rin\u0259 g\u00f6r\u0259, \u00c7in Xalq Respublikas\u0131 tayvanl\u0131lar \u00fc\u00e7\u00fcn v\u0259t\u0259n ola bilm\u0259z, \u00e7\u00fcnki \u00c7in oktyabr\u0131n 1-d\u0259 \u00f6z\u00fcn\u00fcn 75 illiyini, Tayvan is\u0259 r\u0259smi olaraq oktyabr\u0131n 10-da \u00c7in Respublikas\u0131n\u0131n 113-c\u00fc ild\u00f6n\u00fcm\u00fcn\u00fc qeyd edir. O \u0259lav\u0259 edib ki, Tayvan\u0131n prezidenti kimi onun missiyas\u0131 \u00f6lk\u0259ni qorumaq v\u0259 inki\u015faf etdirm\u0259k, adan\u0131n suverenliyinin pozulmamas\u0131n\u0131 v\u0259 ilhaq edilm\u0259m\u0259sini t\u0259min etm\u0259kdir. Lai \u00c7inte eyni zamanda Va\u015finqtona m\u00fcraci\u0259t ed\u0259r\u0259k Tayvan\u0131 \u00c7inin h\u0259d\u0259l\u0259rind\u0259n qoruma\u011fa \u00e7a\u011f\u0131r\u0131b\u201d, &#8211; politoloq bildirib.<\/p>\n<p><strong>Elxan \u015eahino\u011flunun fikrinc\u0259, r\u0259smi Pekinin t\u0259liml\u0259ri m\u0259hz Tayvan \u0259traf\u0131nda ke\u00e7irm\u0259si t\u0259sad\u00fcfi deyil:<\/strong><\/p>\n<p>\u201cAyd\u0131nd\u0131r ki, Pekin bu \u00e7\u0131x\u0131\u015f\u0131 t\u0259xribat kimi qiym\u0259tl\u0259ndirib v\u0259 cavab olaraq ada \u0259traf\u0131nda geni\u015fmiqyasl\u0131 h\u0259rbi t\u0259liml\u0259r\u0259 ba\u015flay\u0131b. T\u0259liml\u0259r Va\u015finqtonun naraz\u0131l\u0131\u011f\u0131na s\u0259b\u0259b olub. Pentaqon \u00c7inin Tayvan \u0259traf\u0131ndak\u0131 t\u0259liml\u0259rini \u201ck\u00f6vr\u0259k sabitliyin pozulmas\u0131\u201d kimi qiym\u0259tl\u0259ndirib.<\/p>\n<p>Pentaqonun m\u0259tbuat katibi general-mayor Pat Rayder AB\u015e-nin b\u00f6lg\u0259d\u0259ki h\u0259rbi q\u00fcvv\u0259l\u0259rinin Hind-Sakit Okeanda \u00c7ini Tayvana qar\u015f\u0131 \u00e7\u0259kindirm\u0259 q\u00fcvv\u0259si olaraq qalaca\u011f\u0131n\u0131 bildirib. Pentaqondan yay\u0131mlanan a\u00e7\u0131qlama Pekini daha da q\u0131c\u0131qland\u0131r\u0131b. \u00c7in M\u00fcdafi\u0259 Nazirliyi Tayvanla ba\u011fl\u0131 \u0259lav\u0259 t\u0259dbirl\u0259r g\u00f6r\u00fcl\u0259 bil\u0259c\u0259yi x\u0259b\u0259rdarl\u0131\u011f\u0131n\u0131 edib. Bildirilib ki, \u00c7in ordusu Tayvan m\u0259s\u0259l\u0259si tamamil\u0259 h\u0259ll olunana q\u0259d\u0259r b\u00f6lg\u0259d\u0259 varl\u0131\u011f\u0131n\u0131 qoruyacaq. M\u00f6vcud m\u00fcnasib\u0259tl\u0259r sistemi yaln\u0131z \u00c7in, Tayvan v\u0259 AB\u015e-ni \u0259hat\u0259 etmir, g\u0259rginlik artd\u0131qca d\u0259nizd\u0259 t\u0131xanma ba\u015f verir v\u0259 bundan beyn\u0259lxalq g\u0259mi\u00e7ilik, qlobal ticar\u0259t \u0259ziyy\u0259t \u00e7\u0259kir\u201d.<\/p>\n<p><strong>Nigar H\u018fS\u018fNL\u0130,<\/strong><br \/>\n<strong>Musavat.com<\/strong><\/p>\n<\/div>\n<div>\n<div class=\"form-group\"><img class=\"img-responsive\" src=\"https:\/\/cdn.musavat.com\/news\/images\/Ayten\/VAS%C4%B0NQ.jpeg\" \/><\/div>\n<\/div>\n","protected":false},"excerpt":{"rendered":"<p>\u201cT\u0259liml\u0259r d\u0259nizd\u0259 t\u0131xanmaya s\u0259b\u0259b olub. \u201cChannel News Asia\u201d agentliyinin m\u0259lumat\u0131na g\u00f6r\u0259, \u00c7in\u0259 m\u0259xsus h\u0259rbi t\u0259yyar\u0259l\u0259rin v\u0259 g\u0259mil\u0259rin i\u015ftirak\u0131 il\u0259 oktyabr\u0131n 14-d\u0259 Tayvan \u0259traf\u0131nda ba\u015flanan h\u0259rbi t\u0259liml\u0259r adan\u0131 faktiki m\u00fchasir\u0259y\u0259 al\u0131b. \u00c7inin g\u00fcc n\u00fcmayi\u015finin bir hiss\u0259si olan bu t\u0259liml\u0259r son iki ild\u0259 geni\u015fmiqyasl\u0131 h\u0259rbi \u0259m\u0259liyyatlar\u0131n d\u00f6rd\u00fcnc\u00fc m\u0259rh\u0259l\u0259sidir\u201d. Bu fikirl\u0259ri\u00a0Musavat.com-a\u00a0\u201cAtlas\u201d Ara\u015fd\u0131rmalar M\u0259rk\u0259zinin s\u0259dri, politoloq Elxan \u015eahino\u011flu\u00a0deyib. \u201c\u00c7in M\u00fcdafi\u0259 Nazirliyind\u0259n yay\u0131mlanan a\u00e7\u0131qlamada, \u201cBirg\u0259 q\u0131l\u0131nc &#8211; 2024B\u201d adl\u0131 t\u0259liml\u0259r \u201cd\u0259niz q\u00fcvv\u0259l\u0259ri komandanl\u0131\u011f\u0131n\u0131n qo\u015funlar\u0131n\u0131n birg\u0259 \u0259m\u0259liyyat imkanlar\u0131n\u0131n s\u0131naqdan ke\u00e7irilm\u0259si\u201d kimi qiym\u0259tl\u0259ndirilib. M\u00fcdafi\u0259 Nazirliyinin s\u00f6z\u00e7\u00fcs\u00fc, kapitan Li Xinin s\u00f6zl\u0259rin\u0259 g\u00f6r\u0259, t\u0259liml\u0259r Tayvan adas\u0131n\u0131n \u015fimal, c\u0259nub v\u0259&hellip;<\/p>\n","protected":false},"author":2,"featured_media":761515,"comment_status":"closed","ping_status":"closed","sticky":false,"template":"","format":"standard","meta":{"om_disable_all_campaigns":false,"_monsterinsights_skip_tracking":false,"_monsterinsights_sitenote_active":false,"_monsterinsights_sitenote_note":"","_monsterinsights_sitenote_category":0},"categories":[4],"tags":[],"aioseo_notices":[],"gutentor_comment":0,"rttpg_featured_image_url":{"full":["https:\/\/arantv.az\/wp-content\/uploads\/2024\/10\/04507e4cd082973e8103fb168fdf7b48.png",868,500,false],"landscape":["https:\/\/arantv.az\/wp-content\/uploads\/2024\/10\/04507e4cd082973e8103fb168fdf7b48.png",868,500,false],"portraits":["https:\/\/arantv.az\/wp-content\/uploads\/2024\/10\/04507e4cd082973e8103fb168fdf7b48.png",868,500,false],"thumbnail":["https:\/\/arantv.az\/wp-content\/uploads\/2024\/10\/04507e4cd082973e8103fb168fdf7b48-500x280.png",500,280,true],"medium":["https:\/\/arantv.az\/wp-content\/uploads\/2024\/10\/04507e4cd082973e8103fb168fdf7b48-634x365.png",634,365,true],"large":["https:\/\/arantv.az\/wp-content\/uploads\/2024\/10\/04507e4cd082973e8103fb168fdf7b48-840x484.png",640,369,true],"1536x1536":["https:\/\/arantv.az\/wp-content\/uploads\/2024\/10\/04507e4cd082973e8103fb168fdf7b48.png",868,500,false],"2048x2048":["https:\/\/arantv.az\/wp-content\/uploads\/2024\/10\/04507e4cd082973e8103fb168fdf7b48.png",868,500,false],"post-thumbnail":["https:\/\/arantv.az\/wp-content\/uploads\/2024\/10\/04507e4cd082973e8103fb168fdf7b48-240x172.png",240,172,true],"advps-thumb-one":["https:\/\/arantv.az\/wp-content\/uploads\/2024\/10\/04507e4cd082973e8103fb168fdf7b48.png",868,500,false]},"rttpg_author":{"display_name":"V\u00fcsal Rafiqo\u011flu","author_link":"https:\/\/arantv.az\/?author=2"},"rttpg_comment":0,"rttpg_category":"<a href=\"https:\/\/arantv.az\/?cat=4\" rel=\"category\">Siyas\u0259t<\/a>","rttpg_excerpt":"\u201cT\u0259liml\u0259r d\u0259nizd\u0259 t\u0131xanmaya s\u0259b\u0259b olub. \u201cChannel News Asia\u201d agentliyinin m\u0259lumat\u0131na g\u00f6r\u0259, \u00c7in\u0259 m\u0259xsus h\u0259rbi t\u0259yyar\u0259l\u0259rin v\u0259 g\u0259mil\u0259rin i\u015ftirak\u0131 il\u0259 oktyabr\u0131n 14-d\u0259 Tayvan \u0259traf\u0131nda ba\u015flanan h\u0259rbi t\u0259liml\u0259r adan\u0131 faktiki m\u00fchasir\u0259y\u0259 al\u0131b. \u00c7inin g\u00fcc n\u00fcmayi\u015finin bir hiss\u0259si olan bu t\u0259liml\u0259r son iki ild\u0259 geni\u015fmiqyasl\u0131 h\u0259rbi \u0259m\u0259liyyatlar\u0131n d\u00f6rd\u00fcnc\u00fc m\u0259rh\u0259l\u0259sidir\u201d. Bu fikirl\u0259ri\u00a0Musavat.com-a\u00a0\u201cAtlas\u201d Ara\u015fd\u0131rmalar M\u0259rk\u0259zinin s\u0259dri, politoloq Elxan \u015eahino\u011flu\u00a0deyib. \u201c\u00c7in&hellip;","_links":{"self":[{"href":"https:\/\/arantv.az\/index.php?rest_route=\/wp\/v2\/posts\/761514"}],"collection":[{"href":"https:\/\/arantv.az\/index.php?rest_route=\/wp\/v2\/posts"}],"about":[{"href":"https:\/\/arantv.az\/index.php?rest_route=\/wp\/v2\/types\/post"}],"author":[{"embeddable":true,"href":"https:\/\/arantv.az\/index.php?rest_route=\/wp\/v2\/users\/2"}],"replies":[{"embeddable":true,"href":"https:\/\/arantv.az\/index.php?rest_route=%2Fwp%2Fv2%2Fcomments&post=761514"}],"version-history":[{"count":1,"href":"https:\/\/arantv.az\/index.php?rest_route=\/wp\/v2\/posts\/761514\/revisions"}],"predecessor-version":[{"id":761516,"href":"https:\/\/arantv.az\/index.php?rest_route=\/wp\/v2\/posts\/761514\/revisions\/761516"}],"wp:featuredmedia":[{"embeddable":true,"href":"https:\/\/arantv.az\/index.php?rest_route=\/wp\/v2\/media\/761515"}],"wp:attachment":[{"href":"https:\/\/arantv.az\/index.php?rest_route=%2Fwp%2Fv2%2Fmedia&parent=761514"}],"wp:term":[{"taxonomy":"category","embeddable":true,"href":"https:\/\/arantv.az\/index.php?rest_route=%2Fwp%2Fv2%2Fcategories&post=761514"},{"taxonomy":"post_tag","embeddable":true,"href":"https:\/\/arantv.az\/index.php?rest_route=%2Fwp%2Fv2%2Ftags&post=761514"}],"curies":[{"name":"wp","href":"https:\/\/api.w.org\/{rel}","templated":true}]}}