{"id":761524,"date":"2024-10-15T13:19:47","date_gmt":"2024-10-15T09:19:47","guid":{"rendered":"https:\/\/arantv.az\/?p=761524"},"modified":"2024-10-15T13:19:47","modified_gmt":"2024-10-15T09:19:47","slug":"prezident-ilham-%c9%99liyev-az%c9%99rbaycanin-must%c9%99qilliyinin-v%c9%99-dinamik-inkisafinin-qaranti-olan-q%c9%99tiyy%c9%99tli-mudrik-lider","status":"publish","type":"post","link":"https:\/\/arantv.az\/?p=761524","title":{"rendered":"Prezident \u0130lham \u018fliyev &#8211; Az\u0259rbaycan\u0131n m\u00fcst\u0259qilliyinin v\u0259 dinamik inki\u015faf\u0131n\u0131n qarant\u0131 olan q\u0259tiyy\u0259tli, m\u00fcdrik Lider"},"content":{"rendered":"<p><strong>G\u00f6rk\u0259mli d\u00f6vl\u0259t xadimi, xalq\u0131m\u0131z\u0131n yeni \u0259srd\u0259 yeni lideri \u0130lham \u018fliyevin Az\u0259rbaycan Prezidenti se\u00e7ilm\u0259sind\u0259n 21 il \u00f6t\u00fcr. Ulu \u00d6nd\u0259r Heyd\u0259r \u018fliyevin siyasi kursunun layiqli davam\u00e7\u0131s\u0131 \u0130lham \u018fliyev 2003-c\u00fc il oktyabr\u0131n 15-d\u0259 xalq\u0131m\u0131z\u0131n etimad\u0131n\u0131 qazanaraq Az\u0259rbaycan Prezidenti se\u00e7ildi v\u0259 bununla da \u00f6lk\u0259mizin inki\u015faf\u0131nda yeni u\u011furlu bir m\u0259rh\u0259l\u0259 ba\u015fland\u0131.<\/strong><\/p>\n<p>1993-c\u00fc ild\u0259 Ulu \u00d6nd\u0259r Heyd\u0259r \u018fliyev \u00f6lk\u0259mizin siyasi r\u0259hb\u0259rliyin\u0259 qay\u0131dandan sonra m\u00fcst\u0259qilliyini itirm\u0259k, par\u00e7alanmaq t\u0259hl\u00fck\u0259sind\u0259n xilas olan Az\u0259rbaycan inki\u015faf yoluna \u00e7\u0131xd\u0131. \u00dcmummilli Liderin siyasi kursunun yegan\u0259 d\u00fczg\u00fcn yol oldu\u011funu g\u00f6r\u0259n xalq\u0131m\u0131z 2003-c\u00fc il oktyabr\u0131n 15-d\u0259 ke\u00e7iril\u0259n se\u00e7kil\u0259rd\u0259 onun layiqli varisi \u0130lham \u018fliyevi d\u0259st\u0259kl\u0259y\u0259r\u0259k 76,8 faiz s\u0259sl\u0259 onu \u00f6z\u00fcn\u0259 Prezident se\u00e7di. Prezident \u0130lham \u018fliyevin ali d\u00f6vl\u0259ti v\u0259zif\u0259d\u0259 ilk g\u00fcnl\u0259rd\u0259n ba\u015flayaraq n\u00fcmayi\u015f etdirdiyi y\u00fcks\u0259k idar\u0259\u00e7ilik m\u0259har\u0259ti, q\u0259tiyy\u0259tli, milli maraqlara s\u00f6yk\u0259n\u0259n daxili v\u0259 xarici siyas\u0259ti \u00e7ox ke\u00e7m\u0259d\u0259n \u00f6z m\u00fcsb\u0259t n\u0259tic\u0259l\u0259rini verdi. Xalq\u0131n \u00f6z liderin\u0259 inam\u0131 v\u0259 etimad\u0131 g\u00f6r\u00fclm\u0259mi\u015f d\u0259r\u0259c\u0259d\u0259 artd\u0131. M\u0259hz buna g\u00f6r\u0259 d\u0259 2008-ci, 2013-c\u00fc, 2018-ci v\u0259 2024-c\u00fc ill\u0259rd\u0259 ke\u00e7iril\u0259n prezident se\u00e7kil\u0259rind\u0259 \u0130lham \u018fliyev yenid\u0259n inaml\u0131 q\u0259l\u0259b\u0259 qazand\u0131. Bu q\u0259l\u0259b\u0259l\u0259r xalq\u0131n \u00f6z liderin\u0259 sars\u0131lmaz inam\u0131ndan qaynaqlanmaqla, son iyirmi bir ild\u0259 g\u00f6r\u00fcl\u0259n i\u015fl\u0259r\u0259, qazan\u0131lan u\u011furlara veril\u0259n d\u0259y\u0259rdir. Az\u0259rbaycan xalq\u0131 se\u00e7kil\u0259rd\u0259 s\u0259sini \u0130lham \u018fliyev\u0259 verm\u0259kl\u0259, \u00dcmummilli Lider Heyd\u0259r \u018fliyevin ideyalar\u0131na s\u0259daq\u0259tini n\u00fcmayi\u015f etdirir.<\/p>\n<p><img loading=\"lazy\" src=\"https:\/\/azertag.az\/store\/manual\/2024_10_15_670dea314b77d.jpg\" alt=\"\" width=\"500\" height=\"351\" \/><\/p>\n<p><strong>Prezident \u0130lham \u018fliyevin 21 illik hakimiyy\u0259ti d\u00f6vr\u00fcnd\u0259 Az\u0259rbaycan\u0131n ke\u00e7diyi misilsiz inki\u015faf yolunun b\u0259zi m\u0259qamlar\u0131na n\u0259z\u0259r salaq.<\/strong><\/p>\n<p>M\u00fcst\u0259qilliyini g\u00fcnb\u0259g\u00fcn, ilb\u0259il m\u00f6hk\u0259ml\u0259ndir\u0259n Az\u0259rbaycan d\u00f6vl\u0259tinin \u00e7a\u011fda\u015f tarixind\u0259 Prezident \u0130lham \u018fliyevin q\u0131z\u0131l h\u0259rfl\u0259rl\u0259 yazd\u0131\u011f\u0131 \u015fanl\u0131 s\u0259hif\u0259l\u0259rin say\u0131 getdikc\u0259 art\u0131r. \u0130yirmi bir illik m\u00f6ht\u0259\u015f\u0259m d\u00f6vr\u00fcn zirv\u0259sind\u0259 t\u0259bii ki, i\u015f\u011fal alt\u0131ndak\u0131 torpaqlar\u0131m\u0131z\u0131n azad olunmas\u0131 v\u0259 \u0259razi b\u00fct\u00f6vl\u00fcy\u00fcm\u00fcz\u00fcn b\u0259rpas\u0131 il\u0259 n\u0259tic\u0259l\u0259nmi\u015f V\u0259t\u0259n m\u00fcharib\u0259si dayan\u0131r. Prezident, M\u00fcz\u0259ff\u0259r Ali Ba\u015f Komandan \u0130lham \u018fliyevin r\u0259hb\u0259rliyi il\u0259 qazan\u0131lm\u0131\u015f Qaraba\u011f Z\u0259f\u0259ri xalq\u0131m\u0131z\u0131n q\u0259hr\u0259manl\u0131q tarixin\u0259 \u0259b\u0259di h\u0259kk olunub. Otuz il\u0259 yax\u0131n i\u015f\u011fal alt\u0131nda qalm\u0131\u015f torpaqlar\u0131m\u0131z 44 g\u00fcn \u0259rzind\u0259 azad edildi. Qaraba\u011f\u0131n tac\u0131, d\u00f6y\u00fcn\u0259n \u00fcr\u0259yi olan \u015eu\u015fan\u0131n f\u0259thi tariximiz\u0259 Z\u0259f\u0259r G\u00fcn\u00fc kimi yaz\u0131ld\u0131. Bundan iki g\u00fcn sonra is\u0259 i\u015f\u011fal\u00e7\u0131 Erm\u0259nistan kapitulyasiya akt\u0131na imza atma\u011fa m\u0259cbur oldu. Bel\u0259likl\u0259, BMT T\u0259hl\u00fck\u0259sizlik \u015euras\u0131n\u0131n 27 il ka\u011f\u0131z \u00fcz\u0259rind\u0259 qalm\u0131\u015f q\u0259tnam\u0259l\u0259rini Az\u0259rbaycan \u00f6z\u00fc icra etdi.<\/p>\n<p>\u015eanl\u0131 V\u0259t\u0259n m\u00fcharib\u0259si Prezident \u0130lham \u018fliyevin daha bir liderlik keyfiyy\u0259tini &#8211; s\u0259rk\u0259rd\u0259lik m\u0259har\u0259tini \u00fcz\u0259 \u00e7\u0131xard\u0131. Q\u0259l\u0259b\u0259ni \u015f\u0259rtl\u0259ndir\u0259n m\u00fch\u00fcm amill\u0259rd\u0259n biri d\u0259 Az\u0259rbaycan Prezidentinin diplomatiya m\u00fcst\u0259visind\u0259 \u00e7evik siyas\u0259ti oldu. M\u00fcharib\u0259 d\u00f6vr\u00fcnd\u0259 d\u00f6vl\u0259timizin ba\u015f\u00e7\u0131s\u0131 xarici mediaya otuzad\u0259k m\u00fcsahib\u0259 verdi ki, bu da m\u00fcnaqi\u015f\u0259 v\u0259 Qaraba\u011fla ba\u011fl\u0131 h\u0259qiq\u0259tl\u0259rin beyn\u0259lxalq ictimaiyy\u0259t\u0259 \u00e7atd\u0131r\u0131lmas\u0131nda m\u00fch\u00fcm rol oynad\u0131.<\/p>\n<p>R\u0259\u015fad\u0259tli Ordumuzun 2023-c\u00fc il sentyabr\u0131n 19-da Qaraba\u011fda ba\u015flatd\u0131\u011f\u0131 lokal xarakterli antiterror t\u0259dbirl\u0259ri h\u0259rb tariximiz\u0259 daha bir parlaq s\u0259hif\u0259 kimi yaz\u0131ld\u0131, qar\u015f\u0131ya qoyulan h\u0259d\u0259fl\u0259r\u0259 24 saatdan da az m\u00fcdd\u0259td\u0259 nail olundu. Bu, eyni zamanda, Prezident, M\u00fcz\u0259ff\u0259r Ali Ba\u015f Komandan \u0130lham \u018fliyevin q\u0259tiyy\u0259tinin, siyasi irad\u0259sinin, m\u00fcdrik q\u0259rarlar\u0131n\u0131n m\u0259ntiqi n\u0259tic\u0259si olmaqla, \u00f6z lideri \u0259traf\u0131nda \u201cd\u0259mir yumruq\u201d kimi birl\u0259\u015fmi\u015f xalq\u0131m\u0131z\u0131n g\u00fcc\u00fcn\u00fc v\u0259 q\u0259l\u0259b\u0259 \u0259zmini n\u00fcmayi\u015f etdirdi.<\/p>\n<p>Az\u0259rbaycan\u0131n Qaraba\u011f b\u00f6lg\u0259sind\u0259 Erm\u0259nistan silahl\u0131 q\u00fcvv\u0259l\u0259rinin birl\u0259\u015fm\u0259l\u0259rinin, qeyri-qanuni erm\u0259ni separat\u00e7\u0131 d\u0259st\u0259l\u0259rinin silah\u0131 yer\u0259 qoymas\u0131, d\u00f6y\u00fc\u015f m\u00f6vqel\u0259rind\u0259n, h\u0259rbi postlardan \u00e7\u0131xmas\u0131 v\u0259 t\u0259rk-silah olunmas\u0131, separat\u00e7\u0131 rejimin \u00f6z\u00fc-\u00f6z\u00fcn\u00fc buraxmas\u0131, eyni zamanda, paralel \u015f\u0259kild\u0259 b\u00fct\u00fcn silah-sursat v\u0259 a\u011f\u0131r texnikan\u0131n t\u0259hvil verilm\u0259si il\u0259 b\u00fct\u00fcn \u00f6lk\u0259 \u0259razisind\u0259 suveren h\u00fcquqlar\u0131m\u0131z tam v\u0259 q\u0259ti \u015f\u0259kild\u0259 b\u0259rq\u0259rar oldu.<\/p>\n<p><img loading=\"lazy\" src=\"https:\/\/azertag.az\/store\/manual\/2024_10_15_670dea5a029db.jpg\" alt=\"\" width=\"500\" height=\"406\" \/><\/p>\n<p>Qurucu liderimiz Prezident \u0130lham \u018fliyev i\u015f\u011faldan azad edilmi\u015f \u0259razil\u0259r\u0259 B\u00f6y\u00fck Qay\u0131d\u0131\u015f\u0131n realla\u015fmas\u0131 \u00fc\u00e7\u00fcn y\u00fcks\u0259k q\u0259tiyy\u0259t v\u0259 \u0259zmkarl\u0131q g\u00f6st\u0259rir. G\u00f6r\u00fcl\u0259n b\u00fct\u00fcn i\u015fl\u0259r Az\u0259rbaycan xalq\u0131n\u0131n daha xo\u015f g\u00fcz\u0259ran\u0131n\u0131 qurmaq, sabah\u0131n\u0131 daha firavan etm\u0259k m\u0259qs\u0259di da\u015f\u0131y\u0131r. \u0130\u015f\u011faldan azad olunmu\u015f \u0259razil\u0259r\u0259 h\u0259yat yenid\u0259n qay\u0131d\u0131r: infrastruktur obyektl\u0259ri il\u0259 paralel olaraq, ya\u015fay\u0131\u015f kompleksl\u0259ri, m\u0259kt\u0259b binalar\u0131 tikilib istifad\u0259y\u0259 verilir, yenil\u0259rinin t\u0259m\u0259li qoyulur. B\u00fct\u00fcn bunlar B\u00f6y\u00fck Qay\u0131d\u0131\u015f\u0131n geni\u015f perspektivind\u0259n x\u0259b\u0259r verir. Azad olunmu\u015f \u0259razil\u0259r\u0259 bu g\u00fcn\u0259d\u0259k 2263 ail\u0259, yaxud 8 min 660 n\u0259f\u0259r k\u00f6\u00e7\u00fcr\u00fcl\u00fcb. Onlara prezident v\u0259 parlament se\u00e7kil\u0259rind\u0259 ilk d\u0259f\u0259 olaraq do\u011fma yurdda s\u0259s verm\u0259k xo\u015fb\u0259xtliyi n\u0259sib olub.<\/p>\n<p>D\u00fc\u015fm\u0259nin darmada\u011f\u0131n etdiyi \u015f\u0259h\u0259rl\u0259rin v\u0259 k\u0259ndl\u0259rin b\u0259rpas\u0131 s\u00fcr\u0259tl\u0259 davam etdirilir, B\u00f6y\u00fck Qay\u0131d\u0131\u015f \u00e7\u0259r\u00e7iv\u0259sind\u0259 b\u00f6y\u00fck add\u0131mlar at\u0131l\u0131r. Azad olunmu\u015f \u015f\u0259h\u0259rl\u0259r\u0259 v\u0259 k\u0259ndl\u0259r\u0259 yax\u0131n \u00fc\u00e7 ild\u0259 140 min insan\u0131n k\u00f6\u00e7\u00fcr\u00fclm\u0259si planla\u015fd\u0131r\u0131l\u0131r. N\u0259h\u0259ng v\u0259sait v\u0259 q\u00fcvv\u0259 t\u0259l\u0259b ed\u0259n bu i\u015fl\u0259ri Az\u0259rbaycan k\u0259nardan bir manat bel\u0259 almadan \u00f6z\u00fc g\u00f6r\u00fcr. Bu, h\u0259m d\u0259 \u00f6lk\u0259mizin ild\u0259n-il\u0259 artan iqtisadi g\u00fcc\u00fcn\u00fcn g\u00f6st\u0259ricisidir.<\/p>\n<p>\u018flb\u0259tt\u0259, V\u0259t\u0259n m\u00fcharib\u0259sind\u0259 qazan\u0131lm\u0131\u015f \u015fanl\u0131 Q\u0259l\u0259b\u0259 h\u0259m d\u0259 son 30 ild\u0259 h\u0259yat\u0131n b\u00fct\u00fcn sah\u0259l\u0259rind\u0259 \u0259ld\u0259 olunmu\u015f u\u011furlarla, dinamik inki\u015fafla bilavasit\u0259 ba\u011fl\u0131d\u0131r. \u0130lk n\u00f6vb\u0259d\u0259, g\u00fccl\u00fc v\u0259 q\u00fcdr\u0259tli d\u00f6vl\u0259t yarad\u0131lmal\u0131 idi v\u0259 yarad\u0131ld\u0131. Prezident \u0130lham \u018fliyevin d\u0259f\u0259l\u0259rl\u0259 vur\u011fulad\u0131\u011f\u0131 kimi, Az\u0259rbaycan he\u00e7 vaxt indiki q\u0259d\u0259r g\u00fccl\u00fc olmay\u0131b. \u00d6t\u0259n 21 il\u0259 n\u0259z\u0259r salsaq, g\u00f6r\u0259rik ki, d\u00f6vl\u0259timizin ba\u015f\u00e7\u0131s\u0131 xalqa verdiyi b\u00fct\u00fcn v\u0259dl\u0259ri yerin\u0259 yetirib. Bu m\u00fcdd\u0259t \u0259rzind\u0259 \u00f6lk\u0259mizin b\u00fct\u00fcn sah\u0259l\u0259rd\u0259 s\u00fcr\u0259tli inki\u015faf\u0131na nail olunub, insanlar\u0131n rifah hal\u0131 daha da yax\u015f\u0131la\u015f\u0131b.<\/p>\n<p>Az\u0259rbaycan \u00f6t\u0259n 21 ild\u0259 bir \u00e7ox n\u0259h\u0259ng transmilli layih\u0259l\u0259r\u0259 imza at\u0131b ki, onlardan b\u0259zil\u0259rini xat\u0131rlamaq yerin\u0259 d\u00fc\u015f\u0259r. 2006-c\u0131 il iyulun 13-d\u0259 Bak\u0131-Tbilisi-Ceyhan neft boru k\u0259m\u0259rinin a\u00e7\u0131l\u0131\u015f\u0131 oldu v\u0259 h\u0259min il dekabr\u0131n 15-d\u0259 \u201c\u015eahd\u0259niz\u201d yata\u011f\u0131nda ilk quyu istismara verildi. 2014-c\u00fc il sentyabr\u0131n 20-d\u0259 \u201c\u018fsrin m\u00fcqavil\u0259si\u201dnin 20-ci ild\u00f6n\u00fcm\u00fcnd\u0259 S\u0259ng\u0259\u00e7alda \u201cC\u0259nub Qaz D\u0259hlizi\u201d layih\u0259sinin t\u0259m\u0259li qoyuldu.<\/p>\n<p>Prezident \u0130lham \u018fliyevin g\u0259rgin v\u0259 u\u011furlu f\u0259aliyy\u0259ti, ard\u0131c\u0131l s\u0259yl\u0259ri il\u0259 Bak\u0131-Tbilisi-Ceyhan neft k\u0259m\u0259rind\u0259n sonra Bak\u0131-Tbilisi-\u018frzurum, TANAP, TAP kimi transmilli qaz arteriyalar\u0131 yarad\u0131ld\u0131. Bununla da d\u00fcnya enerji x\u0259rit\u0259sind\u0259 yeni m\u0259nz\u0259r\u0259 formala\u015fd\u0131.<\/p>\n<p>2017-ci ild\u0259 Prezident \u0130lham \u018fliyevin \u015f\u0259xsi s\u0259yl\u0259ri n\u0259tic\u0259sind\u0259 X\u0259z\u0259r d\u0259nizinin Az\u0259rbaycan sektorundak\u0131 Az\u0259ri-\u00c7\u0131raq-G\u00fcn\u0259\u015fli neft yataqlar\u0131 blokunun i\u015fl\u0259nilm\u0259sind\u0259 yeni d\u00f6vr ba\u015fland\u0131, y\u0259ni \u201c\u018fsrin m\u00fcqavil\u0259si\u201dnin m\u00fcdd\u0259ti 2050-ci il\u0259d\u0259k uzad\u0131ld\u0131. 2020-ci il dekabr\u0131n 31-d\u0259 is\u0259 C\u0259nub Qaz D\u0259hlizinin son seqmenti olan Trans-Adriatik boru k\u0259m\u0259rinin istismara verilm\u0259si il\u0259 Az\u0259rbaycan qaz\u0131n\u0131n tarixd\u0259 ilk d\u0259f\u0259 olaraq Avropaya ixrac\u0131na ba\u015flan\u0131ld\u0131.<\/p>\n<p>B\u00fct\u00fcn bu irimiqyasl\u0131 neft-qaz layih\u0259l\u0259ri il\u0259 yana\u015f\u0131, Bak\u0131-Tbilisi-Qars d\u0259mir yolunun istismara verilm\u0259si, Bak\u0131 Beyn\u0259lxalq D\u0259niz Ticar\u0259t Liman\u0131 Kompleksinin v\u0259 \u018fl\u0259t Azad \u0130qtisadi Zonas\u0131n\u0131n a\u00e7\u0131l\u0131\u015f\u0131 il\u0259 Az\u0259rbaycan v\u0259 Bak\u0131 regionun \u0259n b\u00f6y\u00fck ticar\u0259t v\u0259 logistika hab\u0131na, \u015eimal-C\u0259nub, \u015e\u0259rq-Q\u0259rb v\u0259 Orta D\u0259hliz n\u0259qliyyat mar\u015frutlar\u0131n\u0131n m\u0259rk\u0259zin\u0259 \u00e7evrildi. Bu v\u0259 dig\u0259r layih\u0259l\u0259r \u00f6lk\u0259miz\u0259 h\u0259m iqtisadi, h\u0259m d\u0259 siyasi dividendl\u0259r qazand\u0131rmaqdad\u0131r.<\/p>\n<p>Prezidentimizin g\u0259l\u0259c\u0259y\u0259 hesablanm\u0131\u015f m\u00fcdrik siyas\u0259ti, t\u0259bii ki, ilk n\u00f6vb\u0259d\u0259, Az\u0259rbaycan d\u00f6vl\u0259tinin iqtisadi-siyasi sistemini daha da m\u00f6hk\u0259ml\u0259ndirdi. Biz V\u0259t\u0259n m\u00fcharib\u0259sinin gedi\u015find\u0259 bunun \u0259yani sur\u0259td\u0259 \u015fahidi olduq. Prezident \u0130lham \u018fliyev C\u0259nubi Qafqaz regionunun inki\u015faf meyill\u0259rini g\u00f6r\u0259n v\u0259 istiqam\u0259tl\u0259ndir\u0259n strateqdir. H\u0259d\u0259fi d\u0259qiq ni\u015fan alan bu strateji add\u0131mlar\u0131n b\u0259hr\u0259si haz\u0131rda h\u0259yat\u0131m\u0131z\u0131n h\u0259r bir sah\u0259sind\u0259 ayd\u0131n hiss olunur.<\/p>\n<p><img loading=\"lazy\" src=\"https:\/\/azertag.az\/store\/manual\/2024_10_15_670deab208bb7.jpg\" alt=\"\" width=\"500\" height=\"330\" \/><\/p>\n<p>Prezident \u0130lham \u018fliyev ali d\u00f6vl\u0259ti v\u0259zif\u0259sinin icras\u0131na ba\u015flad\u0131\u011f\u0131 ilk g\u00fcnd\u0259n b\u0259yan etmi\u015fdi ki, Az\u0259rbaycan\u0131 q\u00fcdr\u0259tli d\u00f6vl\u0259t\u0259 \u00e7evirm\u0259k \u00fc\u00e7\u00fcn var g\u00fcc\u00fc il\u0259 \u00e7al\u0131\u015facaq. Dediyi s\u00f6z\u0259, verdiyi v\u0259d\u0259 sadiq qalaraq \u00f6lk\u0259mizi d\u00fcnyan\u0131n \u0259n g\u00fccl\u00fc d\u00f6vl\u0259tl\u0259rind\u0259n birin\u0259 \u00e7evirdi. Bu, bir d\u00f6vl\u0259t adam\u0131n\u0131n b\u00f6y\u00fckl\u00fcy\u00fcn\u00fcn \u0259sas g\u00f6st\u0259ricisidir. Prezidentimizin \u015f\u0259xsiyy\u0259tinin b\u00f6y\u00fckl\u00fcy\u00fc h\u0259m d\u0259 ondad\u0131r ki, xalq\u0131 milli amallar v\u0259 m\u0259qs\u0259dl\u0259r namin\u0259 \u00f6z \u0259traf\u0131nda birl\u0259\u015fdir\u0259, sabaha inam yarada bildi. \u00d6t\u0259n ill\u0259r \u0259rzind\u0259 \u00f6lk\u0259mizd\u0259 m\u00f6vcud olan ictimai-siyasi sabitliyin v\u0259 v\u0259t\u0259nda\u015f h\u0259mr\u0259yliyinin \u0259sas\u0131nda da m\u0259hz bu birlik v\u0259 inam dayan\u0131r. Xalq\u0131n \u00f6z Liderin\u0259 sonsuz inam\u0131, Liderin is\u0259 \u00f6z xalq\u0131na arxalanmas\u0131 Az\u0259rbaycan\u0131n qazand\u0131\u011f\u0131 b\u00fct\u00fcn u\u011furlar\u0131n istinad n\u00f6qt\u0259sini t\u0259\u015fkil edib v\u0259 edir.<\/p>\n<p>M\u00fcasir Az\u0259rbaycan\u0131n intensiv t\u0259r\u0259qqisini t\u0259min ed\u0259n daha bir m\u00fch\u00fcm amil Prezident \u0130lham \u018fliyevin milli maraqlara \u0259saslanan, milli inki\u015faf\u0131 \u015f\u0259rtl\u0259ndir\u0259n regionlar\u0131n sosial-iqtisadi inki\u015faf\u0131 konsepsiyas\u0131d\u0131r. D\u00f6vl\u0259t ba\u015f\u00e7\u0131s\u0131 se\u00e7ildikd\u0259n sonra b\u00fct\u00fcn b\u00f6lg\u0259l\u0259rin inki\u015faf\u0131n\u0131 strateji m\u0259qs\u0259d kimi m\u00fc\u0259yy\u0259nl\u0259\u015fdir\u0259n \u0130lham \u018fliyev bu istiqam\u0259td\u0259 m\u00fch\u00fcm u\u011furlara nail olunmas\u0131n\u0131 t\u0259min edib. Milli iqtisadiyyat v\u0259 onun \u0259sas sektorlar\u0131 \u00fczr\u0259 strateji yol x\u0259rit\u0259l\u0259ri, konsepsiyalar v\u0259 dig\u0259r d\u00f6vl\u0259t proqramlar\u0131 \u00e7\u0259r\u00e7iv\u0259sind\u0259 m\u00fc\u0259yy\u0259n olunmu\u015f t\u0259dbirl\u0259rin icras\u0131 u\u011furla h\u0259yata ke\u00e7irilib. \u018fhalinin sosial rifah hal\u0131n\u0131n daha da yax\u015f\u0131la\u015fd\u0131r\u0131lmas\u0131, h\u0259yat\u0131m\u0131z\u0131n b\u00fct\u00fcn sferalar\u0131nda demokratik d\u0259y\u0259rl\u0259rin tam b\u0259rq\u0259rar olmas\u0131 istiqam\u0259tind\u0259 inki\u015faf\u0131n davaml\u0131l\u0131\u011f\u0131 t\u0259min olunub. S\u00f6zs\u00fcz ki, V\u0259t\u0259n m\u00fcharib\u0259sind\u0259 qazan\u0131lm\u0131\u015f Z\u0259f\u0259r h\u0259m d\u0259 son 30 ild\u0259 h\u0259yat\u0131n b\u00fct\u00fcn sah\u0259l\u0259rind\u0259 \u0259ld\u0259 olunmu\u015f u\u011furlarla, dinamik inki\u015fafla bilavasit\u0259 ba\u011fl\u0131d\u0131r. \u0130lk n\u00f6vb\u0259d\u0259, g\u00fccl\u00fc v\u0259 q\u00fcdr\u0259tli d\u00f6vl\u0259t yaratmaq laz\u0131m g\u0259lirdi. Bel\u0259 d\u0259 oldu: Az\u0259rbaycan do\u011frudan da he\u00e7 vaxt indiki q\u0259d\u0259r g\u00fccl\u00fc olmay\u0131b.<\/p>\n<p>Prezident \u0130lham \u018fliyevin r\u0259hb\u0259rliyi il\u0259 siyasi sistemin t\u0259kmill\u0259\u015fdirilm\u0259si, siyasi dialoq m\u00fchitinin yax\u015f\u0131la\u015fd\u0131r\u0131lmas\u0131, yeni siyasi konfiqurasiyan\u0131n formala\u015fd\u0131r\u0131lmas\u0131, demokratik t\u0259sisatlar\u0131n f\u0259aliyy\u0259tin\u0259 geni\u015f imkanlar\u0131n yarad\u0131lmas\u0131, pl\u00fcralizmin, insan h\u00fcquq v\u0259 azadl\u0131qlar\u0131n\u0131n, s\u00f6z v\u0259 m\u0259tbuat azadl\u0131\u011f\u0131n\u0131n t\u0259min olunmas\u0131, v\u0259t\u0259nda\u015f c\u0259miyy\u0259ti institutlar\u0131n\u0131n g\u00fccl\u0259ndirilm\u0259si, m\u0259hk\u0259m\u0259-h\u00fcquq sisteminin t\u0259kmill\u0259\u015fdirilm\u0259si istiqam\u0259tind\u0259 h\u0259yata ke\u00e7iril\u0259n ard\u0131c\u0131l siyas\u0259t Az\u0259rbaycan\u0131n demokratik s\u00fctunlar\u0131n\u0131n daha da m\u00f6hk\u0259ml\u0259nm\u0259sini t\u0259min edib.<\/p>\n<p>Xarizmatik liderlik v\u0259 y\u00fcks\u0259k idar\u0259\u00e7ilik m\u0259har\u0259ti il\u0259 f\u0259rql\u0259n\u0259n Az\u0259rbaycan Prezidentinin m\u00fcasir siyas\u0259t strategiyas\u0131 n\u0259tic\u0259sind\u0259 \u00f6lk\u0259miz modernl\u0259\u015f\u0259r\u0259k \u00f6z inki\u015faf\u0131n\u0131n yeni keyfiyy\u0259t m\u0259rh\u0259l\u0259sin\u0259 q\u0259d\u0259m qoyub, h\u0259yat\u0131n b\u00fct\u00fcn sah\u0259l\u0259ri yenil\u0259nib. Milli inki\u015faf doktrinas\u0131n\u0131n ba\u015fl\u0131ca h\u0259d\u0259fl\u0259rini t\u0259\u015fkil ed\u0259n modern v\u0259 innovativ iqtisadiyyat\u0131n idar\u0259 olunmas\u0131 \u015f\u0259ffafl\u0131\u011fa v\u0259 a\u00e7\u0131q c\u0259miyy\u0259t\u0259 \u0259saslan\u0131r. Bu praqmatik, \u00e7evik siyas\u0259t, sistemli v\u0259 ard\u0131c\u0131l strateji kurs \u00f6lk\u0259mizin m\u00fcasir inki\u015faf\u0131n\u0131n \u0259sas t\u0259minat\u00e7\u0131s\u0131d\u0131r.<\/p>\n<p>D\u00f6vl\u0259timizin ba\u015f\u00e7\u0131s\u0131n\u0131n h\u0259yata ke\u00e7irdiyi u\u011furlu g\u0259ncl\u0259r siyas\u0259ti d\u0259 kadr v\u0259 institusional islahatlar zaman\u0131 da diqq\u0259td\u0259 saxlan\u0131l\u0131r. D\u00f6vl\u0259t idar\u0259\u00e7iliyi sisteminin t\u0259kmill\u0259\u015fdirilm\u0259si istiqam\u0259tind\u0259 at\u0131lan add\u0131mlarda, ilk n\u00f6vb\u0259d\u0259, xalq\u0131n v\u0259 d\u00f6vl\u0259tin maraqlar\u0131, milli m\u0259nafel\u0259r n\u0259z\u0259r\u0259 al\u0131n\u0131r. D\u00f6vl\u0259t idar\u0259etm\u0259 sistemind\u0259 son ill\u0259r h\u0259yata ke\u00e7iril\u0259n struktur islahatlar\u0131 \u00e7\u0259r\u00e7iv\u0259sind\u0259 g\u0259nc kadrlar\u0131n r\u0259hb\u0259r v\u0259zif\u0259l\u0259r\u0259 ir\u0259li \u00e7\u0259kilm\u0259si r\u0259\u011fb\u0259tl\u0259 qar\u015f\u0131lan\u0131r. Bu, \u00f6lk\u0259nin inki\u015faf\u0131nda g\u0259ncl\u0259r\u0259 olan b\u00f6y\u00fck inam\u0131n v\u0259 etibar\u0131n t\u0259zah\u00fcr\u00fcd\u00fcr. Eyni zamanda, idar\u0259\u00e7ilik sistemind\u0259 ya\u015fl\u0131 n\u0259slin t\u0259cr\u00fcb\u0259si il\u0259 g\u0259ncliyin enerjisinin birl\u0259\u015fm\u0259si y\u00fcks\u0259k s\u0259m\u0259r\u0259 verir.<\/p>\n<p>Prezident \u0130lham \u018fliyevin z\u0259ngin siyasi bilikl\u0259ri v\u0259 t\u0259cr\u00fcb\u0259si, diplomatiya elmini d\u0259rind\u0259n bilm\u0259si \u00f6lk\u0259mizin xarici siyas\u0259t kursunun u\u011furla h\u0259yata ke\u00e7irilm\u0259sind\u0259 m\u00fch\u00fcm rol oynay\u0131r. \u00d6lk\u0259l\u0259rin bir-birinin suverenliyin\u0259 h\u00f6rm\u0259t etm\u0259l\u0259rinin, \u0259m\u0259kda\u015fl\u0131\u011f\u0131 g\u00fccl\u0259ndirm\u0259kl\u0259 qar\u015f\u0131l\u0131ql\u0131 faydal\u0131 \u0259laq\u0259l\u0259rin qurulmas\u0131n\u0131n vacibliyini b\u0259yan ed\u0259n Prezident \u0130lham \u018fliyev xarici siyas\u0259t kursunu bu prinsipl\u0259r \u0259sas\u0131nda qurub.<\/p>\n<p>Az\u0259rbaycan beyn\u0259lxalq h\u00fcququn norma v\u0259 prinsipl\u0259rin\u0259, suverenlik, \u0259razi b\u00fct\u00f6vl\u00fcy\u00fc v\u0259 d\u00f6vl\u0259tl\u0259rin beyn\u0259lxalq s\u0259viyy\u0259d\u0259 tan\u0131nm\u0131\u015f s\u0259rh\u0259dl\u0259rinin toxunulmazl\u0131\u011f\u0131na h\u00f6rm\u0259t v\u0259 riay\u0259t edilm\u0259si, h\u0259m\u00e7inin daxili i\u015fl\u0259r\u0259 qar\u0131\u015fmama kimi prinsipl\u0259r \u0259sas\u0131nda \u0259m\u0259kda\u015fl\u0131\u011fa haz\u0131r oldu\u011funu praktikada t\u0259sdiql\u0259yib. \u00d6lk\u0259miz \u0259n ziddiyy\u0259tli beyn\u0259lxalq m\u00fcnasib\u0259tl\u0259r fonunda da bu x\u0259tt\u0259 sadiqliyini n\u00fcmayi\u015f etdir\u0259r\u0259k m\u00fcst\u0259qil xarici siyas\u0259t y\u00fcr\u00fcd\u00fcr. M\u0259hz buna g\u00f6r\u0259 d\u0259 d\u00fcnya Az\u0259rbaycan\u0131n s\u00f6z\u00fcn\u00fc e\u015fidir, Prezidentimizin ir\u0259li s\u00fcrd\u00fcy\u00fc beyn\u0259lxalq v\u0259 regional t\u0259\u015f\u0259bb\u00fcsl\u0259r\u0259 d\u0259st\u0259k verir.<\/p>\n<p>Bu g\u00fcn d\u00fcnyada etibarl\u0131 t\u0259r\u0259fda\u015f kimi tan\u0131nan Az\u0259rbaycan qon\u015fu \u00f6lk\u0259l\u0259rl\u0259 m\u00fcxt\u0259lif platformalarda \u0259m\u0259kda\u015fl\u0131q \u0259laq\u0259l\u0259ri quraraq m\u00f6vcud m\u00fcnasib\u0259tl\u0259rini daha da m\u00f6hk\u0259ml\u0259ndirir. Bu ill\u0259r \u0259rzind\u0259 beyn\u0259lxalq qurumlarla da s\u0259m\u0259r\u0259li \u0259m\u0259kda\u015fl\u0131q \u0259laq\u0259l\u0259ri qurmas\u0131 \u00f6lk\u0259mizin qlobal imicinin formala\u015fmas\u0131nda m\u00fcst\u0259sna \u0259h\u0259miyy\u0259t k\u0259sb edir. Az\u0259rbaycan\u0131n 155 d\u00f6vl\u0259tin d\u0259st\u0259yi il\u0259 BMT T\u0259hl\u00fck\u0259sizlik \u015euras\u0131na qeyri-daimi \u00fczv se\u00e7ilm\u0259si, h\u0259m\u00e7inin 120 d\u00f6vl\u0259tin t\u0259msil olundu\u011fu Qo\u015fulmama H\u0259r\u0259kat\u0131na s\u0259drlik etm\u0259si \u00f6lk\u0259mizin d\u00fcnya miqyas\u0131ndak\u0131 n\u00fcfuzunun g\u00f6st\u0259ricisidir.<\/p>\n<p><img loading=\"lazy\" src=\"https:\/\/azertag.az\/store\/manual\/2024_10_15_670deac8a59f6.jpg\" alt=\"\" width=\"500\" height=\"335\" \/><\/p>\n<p>\u00d6t\u0259n ilin dekabr\u0131nda d\u00fcnya \u00f6lk\u0259l\u0259ri \u0259n b\u00f6y\u00fck beyn\u0259lxalq konfrans\u0131n (COP29) Bak\u0131da ke\u00e7irilm\u0259si haqq\u0131nda yekdil q\u0259rar q\u0259bul etdil\u0259r. Bu, Az\u0259rbaycana v\u0259 onun liderin\u0259 d\u00fcnya ictimaiyy\u0259ti t\u0259r\u0259find\u0259n g\u00f6st\u0259ril\u0259n b\u00f6y\u00fck h\u00f6rm\u0259tin v\u0259 r\u0259\u011fb\u0259tin ifad\u0259si olmaqla, eyni zamanda, \u00f6lk\u0259mizin ya\u015f\u0131l enerjiy\u0259 ke\u00e7idin\u0259 veril\u0259n b\u00f6y\u00fck qiym\u0259tdir.<\/p>\n<p>Prezident \u0130lham \u018fliyev \u00f6t\u0259n 21 illik f\u0259aliyy\u0259ti d\u00f6vr\u00fcnd\u0259 ona olan inam\u0131 b\u00fct\u00fcnl\u00fckl\u0259 do\u011fruldub, xalqa verdiyi b\u00fct\u00fcn v\u0259dl\u0259ri yerin\u0259 yetirib. B\u00fct\u00fcn sah\u0259l\u0259rd\u0259 s\u00fcr\u0259tli inki\u015fafa nail olunub, insanlar\u0131n rifah hal\u0131 ild\u0259n-il\u0259 yax\u015f\u0131la\u015f\u0131b. Az\u0259rbaycan\u0131n siyasi-iqtisadi imkanlar\u0131 geni\u015fl\u0259ndirilib, \u00f6lk\u0259mizin beyn\u0259lxalq arenadak\u0131 m\u00f6vqel\u0259ri m\u00f6hk\u0259ml\u0259ndirilib.<\/p>\n<p>D\u00f6vl\u0259timizin ba\u015f\u00e7\u0131s\u0131 \u0130lham \u018fliyevin 21 illik prezidentlik f\u0259aliyy\u0259tinin \u0259sas qay\u0259sind\u0259 xalqa l\u0259yaq\u0259tl\u0259 xidm\u0259t etm\u0259k, h\u0259r bir az\u0259rbaycanl\u0131n\u0131n Prezidenti olmaq, d\u00f6vl\u0259t\u00e7iliyimizi h\u0259r vasit\u0259 il\u0259 m\u00f6hk\u0259ml\u0259ndirm\u0259k dayan\u0131r. Tam \u0259minlikl\u0259 dey\u0259 bil\u0259rik ki, Az\u0259rbaycan\u0131n b\u00fct\u00fcn sah\u0259l\u0259rd\u0259 qazand\u0131\u011f\u0131 misilsiz u\u011furlar m\u0259hz \u0130lham \u018fliyev siyas\u0259tinin t\u0259nt\u0259n\u0259sidir v\u0259 Ulu \u00d6nd\u0259rin \u0259b\u0259diya\u015far ideyalar\u0131ndan qaynaqlan\u0131r.\/AZ\u018fRTAC<\/p>\n","protected":false},"excerpt":{"rendered":"<p>G\u00f6rk\u0259mli d\u00f6vl\u0259t xadimi, xalq\u0131m\u0131z\u0131n yeni \u0259srd\u0259 yeni lideri \u0130lham \u018fliyevin Az\u0259rbaycan Prezidenti se\u00e7ilm\u0259sind\u0259n 21 il \u00f6t\u00fcr. Ulu \u00d6nd\u0259r Heyd\u0259r \u018fliyevin siyasi kursunun layiqli davam\u00e7\u0131s\u0131 \u0130lham \u018fliyev 2003-c\u00fc il oktyabr\u0131n 15-d\u0259 xalq\u0131m\u0131z\u0131n etimad\u0131n\u0131 qazanaraq Az\u0259rbaycan Prezidenti se\u00e7ildi v\u0259 bununla da \u00f6lk\u0259mizin inki\u015faf\u0131nda yeni u\u011furlu bir m\u0259rh\u0259l\u0259 ba\u015fland\u0131. 1993-c\u00fc ild\u0259 Ulu \u00d6nd\u0259r Heyd\u0259r \u018fliyev \u00f6lk\u0259mizin siyasi r\u0259hb\u0259rliyin\u0259 qay\u0131dandan sonra m\u00fcst\u0259qilliyini itirm\u0259k, par\u00e7alanmaq t\u0259hl\u00fck\u0259sind\u0259n xilas olan Az\u0259rbaycan inki\u015faf yoluna \u00e7\u0131xd\u0131. \u00dcmummilli Liderin siyasi kursunun yegan\u0259 d\u00fczg\u00fcn yol oldu\u011funu g\u00f6r\u0259n xalq\u0131m\u0131z 2003-c\u00fc il oktyabr\u0131n 15-d\u0259 ke\u00e7iril\u0259n se\u00e7kil\u0259rd\u0259 onun layiqli varisi \u0130lham \u018fliyevi d\u0259st\u0259kl\u0259y\u0259r\u0259k 76,8&hellip;<\/p>\n","protected":false},"author":2,"featured_media":761525,"comment_status":"closed","ping_status":"closed","sticky":false,"template":"","format":"standard","meta":{"om_disable_all_campaigns":false,"_monsterinsights_skip_tracking":false,"_monsterinsights_sitenote_active":false,"_monsterinsights_sitenote_note":"","_monsterinsights_sitenote_category":0},"categories":[4],"tags":[],"aioseo_notices":[],"gutentor_comment":0,"rttpg_featured_image_url":{"full":["https:\/\/arantv.az\/wp-content\/uploads\/2024\/10\/38eea43808817c3cad64788ccc121dce.jpg",870,500,false],"landscape":["https:\/\/arantv.az\/wp-content\/uploads\/2024\/10\/38eea43808817c3cad64788ccc121dce.jpg",870,500,false],"portraits":["https:\/\/arantv.az\/wp-content\/uploads\/2024\/10\/38eea43808817c3cad64788ccc121dce.jpg",870,500,false],"thumbnail":["https:\/\/arantv.az\/wp-content\/uploads\/2024\/10\/38eea43808817c3cad64788ccc121dce-500x280.jpg",500,280,true],"medium":["https:\/\/arantv.az\/wp-content\/uploads\/2024\/10\/38eea43808817c3cad64788ccc121dce-635x365.jpg",635,365,true],"large":["https:\/\/arantv.az\/wp-content\/uploads\/2024\/10\/38eea43808817c3cad64788ccc121dce-840x483.jpg",640,368,true],"1536x1536":["https:\/\/arantv.az\/wp-content\/uploads\/2024\/10\/38eea43808817c3cad64788ccc121dce.jpg",870,500,false],"2048x2048":["https:\/\/arantv.az\/wp-content\/uploads\/2024\/10\/38eea43808817c3cad64788ccc121dce.jpg",870,500,false],"post-thumbnail":["https:\/\/arantv.az\/wp-content\/uploads\/2024\/10\/38eea43808817c3cad64788ccc121dce-240x172.jpg",240,172,true],"advps-thumb-one":["https:\/\/arantv.az\/wp-content\/uploads\/2024\/10\/38eea43808817c3cad64788ccc121dce.jpg",870,500,false]},"rttpg_author":{"display_name":"V\u00fcsal Rafiqo\u011flu","author_link":"https:\/\/arantv.az\/?author=2"},"rttpg_comment":0,"rttpg_category":"<a href=\"https:\/\/arantv.az\/?cat=4\" rel=\"category\">Siyas\u0259t<\/a>","rttpg_excerpt":"G\u00f6rk\u0259mli d\u00f6vl\u0259t xadimi, xalq\u0131m\u0131z\u0131n yeni \u0259srd\u0259 yeni lideri \u0130lham \u018fliyevin Az\u0259rbaycan Prezidenti se\u00e7ilm\u0259sind\u0259n 21 il \u00f6t\u00fcr. Ulu \u00d6nd\u0259r Heyd\u0259r \u018fliyevin siyasi kursunun layiqli davam\u00e7\u0131s\u0131 \u0130lham \u018fliyev 2003-c\u00fc il oktyabr\u0131n 15-d\u0259 xalq\u0131m\u0131z\u0131n etimad\u0131n\u0131 qazanaraq Az\u0259rbaycan Prezidenti se\u00e7ildi v\u0259 bununla da \u00f6lk\u0259mizin inki\u015faf\u0131nda yeni u\u011furlu bir m\u0259rh\u0259l\u0259 ba\u015fland\u0131. 1993-c\u00fc ild\u0259 Ulu \u00d6nd\u0259r Heyd\u0259r \u018fliyev \u00f6lk\u0259mizin siyasi r\u0259hb\u0259rliyin\u0259&hellip;","_links":{"self":[{"href":"https:\/\/arantv.az\/index.php?rest_route=\/wp\/v2\/posts\/761524"}],"collection":[{"href":"https:\/\/arantv.az\/index.php?rest_route=\/wp\/v2\/posts"}],"about":[{"href":"https:\/\/arantv.az\/index.php?rest_route=\/wp\/v2\/types\/post"}],"author":[{"embeddable":true,"href":"https:\/\/arantv.az\/index.php?rest_route=\/wp\/v2\/users\/2"}],"replies":[{"embeddable":true,"href":"https:\/\/arantv.az\/index.php?rest_route=%2Fwp%2Fv2%2Fcomments&post=761524"}],"version-history":[{"count":1,"href":"https:\/\/arantv.az\/index.php?rest_route=\/wp\/v2\/posts\/761524\/revisions"}],"predecessor-version":[{"id":761526,"href":"https:\/\/arantv.az\/index.php?rest_route=\/wp\/v2\/posts\/761524\/revisions\/761526"}],"wp:featuredmedia":[{"embeddable":true,"href":"https:\/\/arantv.az\/index.php?rest_route=\/wp\/v2\/media\/761525"}],"wp:attachment":[{"href":"https:\/\/arantv.az\/index.php?rest_route=%2Fwp%2Fv2%2Fmedia&parent=761524"}],"wp:term":[{"taxonomy":"category","embeddable":true,"href":"https:\/\/arantv.az\/index.php?rest_route=%2Fwp%2Fv2%2Fcategories&post=761524"},{"taxonomy":"post_tag","embeddable":true,"href":"https:\/\/arantv.az\/index.php?rest_route=%2Fwp%2Fv2%2Ftags&post=761524"}],"curies":[{"name":"wp","href":"https:\/\/api.w.org\/{rel}","templated":true}]}}