{"id":761530,"date":"2024-10-15T13:37:14","date_gmt":"2024-10-15T09:37:14","guid":{"rendered":"https:\/\/arantv.az\/?p=761530"},"modified":"2024-10-15T13:37:14","modified_gmt":"2024-10-15T09:37:14","slug":"avropa-ittifaqindan-qaqauz-turkl%c9%99rin%c9%99-qarsi-q%c9%99r%c9%99zli-sanksiya","status":"publish","type":"post","link":"https:\/\/arantv.az\/?p=761530","title":{"rendered":"Avropa \u0130ttifaq\u0131ndan Qaqauz t\u00fcrkl\u0259rin\u0259 qar\u015f\u0131 q\u0259r\u0259zli SANKS\u0130YA"},"content":{"rendered":"<div class=\"text-content\" data-id=\"\" data-url=\"\">\n<p><strong>Avropa \u0130ttifaq\u0131 (A\u0130) xristian t\u00fcrkl\u0259rinin ya\u015fad\u0131\u011f\u0131 Qaqauziya Muxtar B\u00f6lg\u0259si liderl\u0259rin\u0259 qar\u015f\u0131 sanksiya q\u0259rar\u0131 q\u0259bul edib.<\/strong><\/p>\n<p>Oktyabr\u0131n 14-d\u0259 A\u0130-nin xarici siyas\u0259t v\u0259 t\u0259hl\u00fck\u0259sizlik \u00fczr\u0259 ali n\u00fcmay\u0259nd\u0259si Josep Borrell t\u0259r\u0259find\u0259n elan edil\u0259n sanksiya &#8220;Rusiyan\u0131n Moldovan\u0131 qeyri-sabitl\u0259\u015fdirm\u0259k \u00fc\u00e7\u00fcn birba\u015fa m\u00fcdaxil\u0259l\u0259rin\u0259 t\u00f6hf\u0259 verdikl\u0259ri\u201d s\u0259b\u0259biyl\u0259 izah edilib.<\/p>\n<p><strong>Bu m\u0259s\u0259l\u0259d\u0259 A\u0130 r\u0259hb\u0259rliyi, Qaqauz Muxtar B\u00f6lg\u0259sinin r\u0259hb\u0259ri Yevgeniya Gutul il\u0259 birlikd\u0259 \u00fc\u00e7 t\u00fcrk r\u0259hb\u0259rini &#8220;Moldova Respublikas\u0131n\u0131 qeyri-sabitl\u0259\u015fdir\u0259n f\u0259aliyy\u0259tl\u0259rd\u0259&#8221; g\u00fcnahland\u0131r\u0131r. Siyah\u0131da olan dig\u0259r \u00fc\u00e7 t\u00fcrk r\u0259hb\u0259r is\u0259 m\u00fcxt\u0259lif v\u0259zif\u0259l\u0259rd\u0259 \u00e7al\u0131\u015fan Mixail Vlah, Yuri Kuznet\u00e7ov v\u0259 \u0130lya Uzundur.\u00a0<\/strong><\/p>\n<p><img loading=\"lazy\" src=\"https:\/\/cdn.musavat.com\/news\/thumbnails\/4fef145e57936a7e48f101fce6e20efb.jpg\" alt=\"ai_4.jpg (103 KB)\" width=\"600\" height=\"400\" \/><\/p>\n<p>Avropa \u0130ttifaq\u0131 onlar\u0131 &#8220;Moldovada separat\u00e7\u0131l\u0131\u011f\u0131 t\u0259\u015fviq etm\u0259k, bu yolla konstitusiya qurulu\u015funu m\u0259hv etm\u0259y\u0259 \u00e7al\u0131\u015fmaq v\u0259 m\u00fcst\u0259qillik t\u0259l\u0259bi il\u0259 \u00e7\u0131x\u0131\u015f etm\u0259kd\u0259 &#8221; ittiham edir.\u00a0 Adlar\u0131 \u00e7\u0259kil\u0259n Qaqauz liderl\u0259rin\u0259 A\u0130 \u00f6lk\u0259l\u0259rin\u0259 s\u0259yah\u0259t qada\u011fas\u0131 qoyulub.<\/p>\n<p>H\u0259m\u00e7inin siyah\u0131da olan \u015f\u0259xs v\u0259 qurumlar\u0131n A\u0130 daxilind\u0259ki \u0259mlaklar\u0131 dondurulacaq, onlara birba\u015fa v\u0259 ya dolay\u0131 yolla iqtisadi m\u0259nb\u0259l\u0259r t\u0259min edilm\u0259si qada\u011fan edil\u0259c\u0259k.<\/p>\n<p><strong>A\u0130 Xarici Siyas\u0259t v\u0259 T\u0259hl\u00fck\u0259sizlik \u00fczr\u0259 Ali N\u00fcmay\u0259nd\u0259si Josef Borrell, Qaqauz t\u00fcrkl\u0259rinin milli davalar\u0131n\u0131 \u201cRusiyan\u0131n Moldovan\u0131n suveren v\u0259 demokratik h\u0259yat\u0131na birba\u015fa t\u0259hl\u00fck\u0259si\u201d kimi qiym\u0259tl\u0259ndirib. O bildirib ki, \u201cAvropa \u0130ttifaq\u0131 Moldovaya tam d\u0259st\u0259k g\u00f6st\u0259rm\u0259y\u0259 davam ed\u0259c\u0259k. Bu g\u00fcnki sanksiyalar Moldovaya olan d\u0259st\u0259yimizin bir hiss\u0259sidir\u201d.<\/strong><\/p>\n<p><img loading=\"lazy\" src=\"https:\/\/cdn.musavat.com\/news\/thumbnails\/8e369f74a956d235f1e338c5193f06b0.jpg\" alt=\"1920x1080_cmsv2_9b17eca0-7e92-50.jpg (228 KB)\" width=\"1020\" height=\"574\" \/><\/p>\n<p>Moldova s\u0259rh\u0259dl\u0259ri daxilind\u0259ki Qaqauziya, t\u0259xmin\u0259n 150 min \u0259haliy\u0259 malik bir muxtar respublikad\u0131r. Moldovan\u0131n dig\u0259r \u015f\u0259h\u0259rl\u0259ri v\u0259 Rusiyada ya\u015fayanlarla birlikd\u0259 Qaqauzlar\u0131n \u00fcmumi say\u0131 250 mind\u0259n \u00e7oxdur. Qaqauz s\u00f6z\u00fcn\u00fcn &#8220;G\u00f6y-O\u011fuz&#8221;dan t\u00f6r\u0259diyi g\u00fcman edilir.\u00a0 T\u00fcrk dilinin O\u011fuz qrupuna aid bir dil dan\u0131\u015fan Qaqauzlar, Rusiyadan ba\u015fqa T\u00fcrkiy\u0259 il\u0259 d\u0259 yax\u0131n \u0259laq\u0259l\u0259r\u0259 malik Qaqauzlar, Pravoslav Xristian inanc\u0131na sahibdirl\u0259r.<\/p>\n<p>2-ci D\u00fcnya M\u00fcharib\u0259sinin \u0259vv\u0259lind\u0259 Qaqauz v\u0259t\u0259nini Moldova v\u0259 Ukrayna respublikalar\u0131 aras\u0131nda b\u00f6l\u00fc\u015fd\u00fcr\u00fcb. Sovetl\u0259r da\u011f\u0131ld\u0131qdan sonra Moldova m\u00fcst\u0259qilliyini elan etdi. Bunun \u00fcz\u0259rin\u0259 \u00f6lk\u0259d\u0259 milliyy\u0259t\u00e7iliyin y\u00fcks\u0259lm\u0259si il\u0259 birlikd\u0259 Qaqauzlar da muxtariyy\u0259t t\u0259l\u0259bl\u0259rini daha y\u00fcks\u0259k s\u0259sl\u0259 dil\u0259 g\u0259tirm\u0259y\u0259 ba\u015flad\u0131. 1994-c\u00fc ild\u0259 ke\u00e7iril\u0259n referendumdan sonra q\u0259bul edil\u0259n qanunla Moldova daxilind\u0259ki Qaqauz muxtar b\u00f6lg\u0259si elan edildi. Bu qanuna g\u00f6r\u0259, moldoval\u0131lar Rum\u0131niya il\u0259 birl\u0259\u015fs\u0259l\u0259r, Qaqauzlar m\u00fcst\u0259qilliyini elan ed\u0259 bil\u0259r\u0259l\u0259r.<\/p>\n<p><strong>N\u0259simi,<\/strong><br \/>\n<strong>X\u00fcsusi olaraq Musavat.com \u00fc\u00e7\u00fcn<\/strong><\/p>\n<\/div>\n<div><\/div>\n<div><\/div>\n<div class=\"inner-social-box\">\n<div class=\"subs-in-social subs-whatsapp\"><\/div>\n<\/div>\n","protected":false},"excerpt":{"rendered":"<p>Avropa \u0130ttifaq\u0131 (A\u0130) xristian t\u00fcrkl\u0259rinin ya\u015fad\u0131\u011f\u0131 Qaqauziya Muxtar B\u00f6lg\u0259si liderl\u0259rin\u0259 qar\u015f\u0131 sanksiya q\u0259rar\u0131 q\u0259bul edib. Oktyabr\u0131n 14-d\u0259 A\u0130-nin xarici siyas\u0259t v\u0259 t\u0259hl\u00fck\u0259sizlik \u00fczr\u0259 ali n\u00fcmay\u0259nd\u0259si Josep Borrell t\u0259r\u0259find\u0259n elan edil\u0259n sanksiya &#8220;Rusiyan\u0131n Moldovan\u0131 qeyri-sabitl\u0259\u015fdirm\u0259k \u00fc\u00e7\u00fcn birba\u015fa m\u00fcdaxil\u0259l\u0259rin\u0259 t\u00f6hf\u0259 verdikl\u0259ri\u201d s\u0259b\u0259biyl\u0259 izah edilib. Bu m\u0259s\u0259l\u0259d\u0259 A\u0130 r\u0259hb\u0259rliyi, Qaqauz Muxtar B\u00f6lg\u0259sinin r\u0259hb\u0259ri Yevgeniya Gutul il\u0259 birlikd\u0259 \u00fc\u00e7 t\u00fcrk r\u0259hb\u0259rini &#8220;Moldova Respublikas\u0131n\u0131 qeyri-sabitl\u0259\u015fdir\u0259n f\u0259aliyy\u0259tl\u0259rd\u0259&#8221; g\u00fcnahland\u0131r\u0131r. Siyah\u0131da olan dig\u0259r \u00fc\u00e7 t\u00fcrk r\u0259hb\u0259r is\u0259 m\u00fcxt\u0259lif v\u0259zif\u0259l\u0259rd\u0259 \u00e7al\u0131\u015fan Mixail Vlah, Yuri Kuznet\u00e7ov v\u0259 \u0130lya Uzundur.\u00a0 Avropa \u0130ttifaq\u0131 onlar\u0131 &#8220;Moldovada separat\u00e7\u0131l\u0131\u011f\u0131 t\u0259\u015fviq etm\u0259k, bu yolla konstitusiya qurulu\u015funu&hellip;<\/p>\n","protected":false},"author":2,"featured_media":761531,"comment_status":"closed","ping_status":"closed","sticky":false,"template":"","format":"standard","meta":{"om_disable_all_campaigns":false,"_monsterinsights_skip_tracking":false,"_monsterinsights_sitenote_active":false,"_monsterinsights_sitenote_note":"","_monsterinsights_sitenote_category":0},"categories":[7],"tags":[],"aioseo_notices":[],"gutentor_comment":0,"rttpg_featured_image_url":{"full":["https:\/\/arantv.az\/wp-content\/uploads\/2024\/10\/271115a8a368805ec4fa8025138f727d.jpg",770,415,false],"landscape":["https:\/\/arantv.az\/wp-content\/uploads\/2024\/10\/271115a8a368805ec4fa8025138f727d.jpg",770,415,false],"portraits":["https:\/\/arantv.az\/wp-content\/uploads\/2024\/10\/271115a8a368805ec4fa8025138f727d.jpg",770,415,false],"thumbnail":["https:\/\/arantv.az\/wp-content\/uploads\/2024\/10\/271115a8a368805ec4fa8025138f727d-500x280.jpg",500,280,true],"medium":["https:\/\/arantv.az\/wp-content\/uploads\/2024\/10\/271115a8a368805ec4fa8025138f727d-660x356.jpg",660,356,true],"large":["https:\/\/arantv.az\/wp-content\/uploads\/2024\/10\/271115a8a368805ec4fa8025138f727d.jpg",640,345,false],"1536x1536":["https:\/\/arantv.az\/wp-content\/uploads\/2024\/10\/271115a8a368805ec4fa8025138f727d.jpg",770,415,false],"2048x2048":["https:\/\/arantv.az\/wp-content\/uploads\/2024\/10\/271115a8a368805ec4fa8025138f727d.jpg",770,415,false],"post-thumbnail":["https:\/\/arantv.az\/wp-content\/uploads\/2024\/10\/271115a8a368805ec4fa8025138f727d-240x172.jpg",240,172,true],"advps-thumb-one":["https:\/\/arantv.az\/wp-content\/uploads\/2024\/10\/271115a8a368805ec4fa8025138f727d.jpg",770,415,false]},"rttpg_author":{"display_name":"V\u00fcsal Rafiqo\u011flu","author_link":"https:\/\/arantv.az\/?author=2"},"rttpg_comment":0,"rttpg_category":"<a href=\"https:\/\/arantv.az\/?cat=7\" rel=\"category\">D\u00fcnya<\/a>","rttpg_excerpt":"Avropa \u0130ttifaq\u0131 (A\u0130) xristian t\u00fcrkl\u0259rinin ya\u015fad\u0131\u011f\u0131 Qaqauziya Muxtar B\u00f6lg\u0259si liderl\u0259rin\u0259 qar\u015f\u0131 sanksiya q\u0259rar\u0131 q\u0259bul edib. Oktyabr\u0131n 14-d\u0259 A\u0130-nin xarici siyas\u0259t v\u0259 t\u0259hl\u00fck\u0259sizlik \u00fczr\u0259 ali n\u00fcmay\u0259nd\u0259si Josep Borrell t\u0259r\u0259find\u0259n elan edil\u0259n sanksiya &#8220;Rusiyan\u0131n Moldovan\u0131 qeyri-sabitl\u0259\u015fdirm\u0259k \u00fc\u00e7\u00fcn birba\u015fa m\u00fcdaxil\u0259l\u0259rin\u0259 t\u00f6hf\u0259 verdikl\u0259ri\u201d s\u0259b\u0259biyl\u0259 izah edilib. Bu m\u0259s\u0259l\u0259d\u0259 A\u0130 r\u0259hb\u0259rliyi, Qaqauz Muxtar B\u00f6lg\u0259sinin r\u0259hb\u0259ri Yevgeniya Gutul il\u0259 birlikd\u0259 \u00fc\u00e7&hellip;","_links":{"self":[{"href":"https:\/\/arantv.az\/index.php?rest_route=\/wp\/v2\/posts\/761530"}],"collection":[{"href":"https:\/\/arantv.az\/index.php?rest_route=\/wp\/v2\/posts"}],"about":[{"href":"https:\/\/arantv.az\/index.php?rest_route=\/wp\/v2\/types\/post"}],"author":[{"embeddable":true,"href":"https:\/\/arantv.az\/index.php?rest_route=\/wp\/v2\/users\/2"}],"replies":[{"embeddable":true,"href":"https:\/\/arantv.az\/index.php?rest_route=%2Fwp%2Fv2%2Fcomments&post=761530"}],"version-history":[{"count":1,"href":"https:\/\/arantv.az\/index.php?rest_route=\/wp\/v2\/posts\/761530\/revisions"}],"predecessor-version":[{"id":761532,"href":"https:\/\/arantv.az\/index.php?rest_route=\/wp\/v2\/posts\/761530\/revisions\/761532"}],"wp:featuredmedia":[{"embeddable":true,"href":"https:\/\/arantv.az\/index.php?rest_route=\/wp\/v2\/media\/761531"}],"wp:attachment":[{"href":"https:\/\/arantv.az\/index.php?rest_route=%2Fwp%2Fv2%2Fmedia&parent=761530"}],"wp:term":[{"taxonomy":"category","embeddable":true,"href":"https:\/\/arantv.az\/index.php?rest_route=%2Fwp%2Fv2%2Fcategories&post=761530"},{"taxonomy":"post_tag","embeddable":true,"href":"https:\/\/arantv.az\/index.php?rest_route=%2Fwp%2Fv2%2Ftags&post=761530"}],"curies":[{"name":"wp","href":"https:\/\/api.w.org\/{rel}","templated":true}]}}