{"id":761734,"date":"2024-10-16T09:48:19","date_gmt":"2024-10-16T05:48:19","guid":{"rendered":"https:\/\/arantv.az\/?p=761734"},"modified":"2024-10-16T09:48:19","modified_gmt":"2024-10-16T05:48:19","slug":"s%c9%99ngim%c9%99y%c9%99n-mina-terroru","status":"publish","type":"post","link":"https:\/\/arantv.az\/?p=761734","title":{"rendered":"S\u0259ngim\u0259y\u0259n mina terroru"},"content":{"rendered":"<p><em><strong>Az\u0259rbaycan 30 il\u0259 yax\u0131n davam ed\u0259n m\u00fcnaqi\u015f\u0259 v\u0259 \u0259razil\u0259rinin Erm\u0259nistan t\u0259r\u0259find\u0259n i\u015f\u011fal\u0131 n\u0259tic\u0259sind\u0259 minalarla \u00e7irkl\u0259nm\u0259si problemind\u0259n \u0259ziyy\u0259t \u00e7\u0259kir. Bu g\u00fcn Az\u0259rbaycan d\u00fcnyada minalarla \u0259n \u00e7ox \u00e7irkl\u0259nmi\u015f \u00f6lk\u0259l\u0259r s\u0131ras\u0131ndad\u0131r. M\u0259lumat \u00fc\u00e7\u00fcn bildir\u0259k ki,\u00a0 \u00f6lk\u0259 \u0259razisinin t\u0259xmin\u0259n 12 faizind\u0259 Erm\u0259nistan t\u0259r\u0259find\u0259n basd\u0131r\u0131lm\u0131\u015f mina v\u0259 nam\u0259lum sayda partlamam\u0131\u015f h\u0259rbi sursatlar vard\u0131r. Otuz il\u0259 yax\u0131n davam ed\u0259n i\u015f\u011fal m\u00fcdd\u0259tind\u0259 qad\u0131nlar v\u0259 u\u015faqlar da daxil olmaqla, y\u00fczl\u0259rl\u0259 \u015f\u0259xs mina qurban\u0131na \u00e7evrilib. Bu g\u00fcn d\u0259 torpaqlar\u0131m\u0131zda basd\u0131r\u0131lm\u0131\u015f h\u0259min minalar f\u0259sadlar t\u00f6r\u0259tm\u0259kd\u0259 davam edir. Bel\u0259 ki, oktyabr\u0131n 14-d\u0259 Qazax rayonunun Qu\u015f\u00e7u Ayr\u0131m k\u0259ndi \u0259razisind\u0259 bir n\u0259f\u0259r m\u00fclki \u015f\u0259xs piyada \u0259leyhin\u0259 minaya d\u00fc\u015f\u0259r\u0259k yaralan\u0131b. Yeri g\u0259lmi\u015fk\u0259n, qeyd ed\u0259k ki, Qaraba\u011f v\u0259 \u015e\u0259rqi Z\u0259ng\u0259zurun haylar t\u0259r\u0259find\u0259n mina tarlalar\u0131na \u00e7evirm\u0259si n\u0259tic\u0259sind\u0259 \u0130kinci Qaraba\u011f m\u00fcharib\u0259sind\u0259n bu g\u00fcn\u0259d\u0259k 380-d\u0259n \u00e7ox \u015f\u0259xs minalar\u0131n qurban\u0131 olub.<\/strong><\/em><\/p>\n<p><em><strong><img src=\"https:\/\/ikisahil.az\/upload\/\/2023\/09\/19\/\/-82f292a2169514092013111940810179043.jpg\" alt=\"\" \/><\/strong><\/em><\/p>\n<p>Ombudsman S\u0259bin\u0259 \u018fliyevan\u0131n bu hadis\u0259 il\u0259 ba\u011fl\u0131 a\u00e7\u0131qlamas\u0131nda\u00a0 deyildiyi kimi, Erm\u0259nistan t\u0259r\u0259find\u0259n \u0259razil\u0259rimizd\u0259 basd\u0131r\u0131lm\u0131\u015f minalar\u0131n d\u0259qiq x\u0259rit\u0259l\u0259rinin \u00f6lk\u0259miz\u0259 t\u0259qdim edilm\u0259m\u0259si insanlar\u0131n ya\u015famaq v\u0259 sa\u011flaml\u0131q h\u00fcququnu kobud \u015f\u0259kild\u0259 pozmaqla yana\u015f\u0131, ke\u00e7mi\u015f m\u0259cburi k\u00f6\u00e7k\u00fcnl\u0259rin \u00f6z do\u011fma torpaqlar\u0131na t\u0259hl\u00fck\u0259siz qay\u0131d\u0131\u015f\u0131na, sa\u011flam \u0259traf m\u00fchitd\u0259 ya\u015famaq h\u00fcququnun t\u0259min olunmas\u0131na, el\u0259c\u0259 d\u0259 b\u00f6lg\u0259d\u0259 h\u0259yata ke\u00e7iril\u0259n b\u0259rpa-quruculuq i\u015fl\u0259rin\u0259 ciddi mane\u0259 yarad\u0131r. Bununla yana\u015f\u0131, h\u0259min minalar\u0131n partlamas\u0131 suyun v\u0259 havan\u0131n \u00e7irkl\u0259nm\u0259si, torpaqlar\u0131n strukturunun pozulmas\u0131, \u00fcmumilikd\u0259, ekoloji b\u00f6hran\u0131n yaranmas\u0131 il\u0259 d\u0259 n\u0259tic\u0259l\u0259nir.<\/p>\n<p>Do\u011frudur, b\u00fct\u00fcn bu \u00e7\u0259tinlikl\u0259r\u0259 baxmayaraq, Az\u0259rbaycan erm\u0259ni separat\u00e7\u0131lar\u0131ndan t\u0259mizl\u0259diyi Qaraba\u011f v\u0259 \u015e\u0259rqi Z\u0259ng\u0259zurda\u00a0 geni\u015fmiqyasl\u0131 tikinti-quruculuq i\u015fl\u0259rini u\u011furla davam etdirir.\u00a0 H\u0259tta B\u00f6y\u00fck Qay\u0131d\u0131\u015fa dair I D\u00f6vl\u0259t Proqram\u0131n\u0131n T\u0259dbirl\u0259r Plan\u0131n\u0131n icras\u0131 \u00e7\u0259r\u00e7iv\u0259sind\u0259 Qaraba\u011fda v\u0259 \u015e\u0259rqi Z\u0259ng\u0259zurda m\u0259rh\u0259l\u0259li \u015f\u0259kild\u0259 b\u0259rpa olunan v\u0259 ya yenid\u0259n tikil\u0259n ya\u015fay\u0131\u015f m\u0259nt\u0259q\u0259l\u0259rind\u0259 8600-d\u0259n \u00e7ox ke\u00e7mi\u015f m\u0259cburi k\u00f6\u00e7k\u00fcn daimi m\u0259skunla\u015fd\u0131r\u0131l\u0131b. \u015e\u00fcbh\u0259siz, bu r\u0259q\u0259m daha \u00e7ox ola bil\u0259rdi, \u0259g\u0259r Erm\u0259nistan\u0131n \u00f6lk\u0259miz\u0259 qar\u015f\u0131 mina terroru olmasayd\u0131. \u00a0Yeri g\u0259lmi\u015fk\u0259n, bir m\u0259s\u0259l\u0259ni d\u0259 qeyd ed\u0259k ki, i\u015f\u011faldan azad edilmi\u015f \u0259razil\u0259rd\u0259 mina v\u0259 partlamam\u0131\u015f h\u0259rbi sursatlar\u0131n m\u00f6vcudlu\u011fu geri qay\u0131dan \u0259hali \u00fc\u00e7\u00fcn d\u0259 potensial t\u0259hl\u00fck\u0259 m\u0259nb\u0259yidir. Odur ki, r\u0259smi Bak\u0131 bu t\u0259hl\u00fck\u0259nin aradan qald\u0131r\u0131lmas\u0131 \u00fc\u00e7\u00fcn \u0259razil\u0259rd\u0259 m\u00fcvafiq t\u0259mizl\u0259m\u0259 i\u015fl\u0259ri il\u0259 yana\u015f\u0131, \u0259halinin maarifl\u0259ndirilm\u0259sini d\u0259 h\u0259yata ke\u00e7irir.<\/p>\n<p>Erm\u0259nistan \u00fc\u00e7t\u0259r\u0259fli B\u0259yanat\u0131n imzalanmas\u0131ndan sonrak\u0131 ilk aylarda mina x\u0259rit\u0259l\u0259rinin m\u00f6vcudlu\u011funu, \u00fcmumiyy\u0259tl\u0259, inkar edirdi. Daha sonra verdiyi x\u0259rit\u0259l\u0259rin d\u0259qiqliyi is\u0259\u00a0 25 faizd\u0259n d\u0259 a\u015fa\u011f\u0131 oldu. Bir s\u00f6zl\u0259, onlar\u0131n Az\u0259rbaycana verdikl\u0259ri mina x\u0259rit\u0259l\u0259ri reall\u0131\u011f\u0131 \u0259ks etdirmir. Halbuki, d\u0259qiq mina x\u0259rit\u0259l\u0259ri Erm\u0259nistanda var. 4 k\u0259ndin Az\u0259rbaycana geri verilm\u0259si il\u0259 ba\u011fl\u0131 raz\u0131l\u0131q \u0259ld\u0259 etdikd\u0259n sonra h\u0259min k\u0259ndl\u0259rin \u0259razil\u0259rind\u0259ki minalar el\u0259 erm\u0259ni ordusu t\u0259r\u0259find\u0259n q\u0131sa m\u00fcdd\u0259td\u0259 t\u0259mizl\u0259nm\u0259dimi? Bu is\u0259 o dem\u0259kdir ki, haylar hans\u0131 \u0259razil\u0259rd\u0259 minalar\u0131n oldu\u011funu d\u0259qiq bilirl\u0259r.\u00a0 Lakin Erm\u0259nistan h\u0259l\u0259 d\u0259 d\u0259qiq mina x\u0259rit\u0259l\u0259rini \u00f6lk\u0259miz\u0259 t\u0259hvil verm\u0259kd\u0259n boyun qa\u00e7\u0131r\u0131r. Bu m\u0259s\u0259l\u0259d\u0259 Q\u0259rb d\u0259 Erm\u0259nistana ciddi t\u0259sir g\u00f6st\u0259rmir. Erm\u0259nid\u0259n bet\u0259r erm\u0259niliyi il\u0259 tan\u0131nan Fransa prezidenti Emmanuel Makronun g\u00f6st\u0259ri\u015fl\u0259ri il\u0259 oturub-duran b\u0259zi \u00f6lk\u0259l\u0259r, beyn\u0259lxalq t\u0259\u015fkilatlar, \u015firk\u0259tl\u0259r bu f\u0259lak\u0259tin araqdan qald\u0131r\u0131lmas\u0131nda o q\u0259d\u0259r d\u0259 maraql\u0131 deyill\u0259r. Halbuki, bu v\u0259 ya dig\u0259r m\u0259s\u0259l\u0259l\u0259rd\u0259 \u00f6lk\u0259miz\u0259 qar\u015f\u0131 q\u0259r\u0259zli ittihamlar s\u0259sl\u0259ndir\u0259n Q\u0259rb bu vacib m\u0259s\u0259l\u0259y\u0259, y\u0259ni\u00a0 mina terroruna s\u0259ssiz qalmamal\u0131, t\u00f6r\u0259dil\u0259n h\u0259rbi v\u0259 ekoloji cinay\u0259tl\u0259r\u0259, humanitar h\u00fcquq pozuntular\u0131na s\u0259rt reaksiya verm\u0259lidir.<\/p>\n<p>Do\u011frudur, bu il sentyabr\u0131n 20-d\u0259 Cenevr\u0259d\u0259 BMT-nin \u0130nsan H\u00fcquqlar\u0131 \u015euras\u0131n\u0131n 57-ci sessiyas\u0131 \u00e7\u0259r\u00e7iv\u0259sind\u0259 &#8220;Mina v\u0259 m\u00fcharib\u0259nin partlay\u0131c\u0131 qal\u0131qlar\u0131n\u0131n insan h\u00fcquqlar\u0131na t\u0259sirl\u0259rin\u0259 bax\u0131lmas\u0131&#8221; adl\u0131 birg\u0259 b\u0259yanat yay\u0131l\u0131b. H\u0259min b\u0259yanatda mina partlamas\u0131 n\u0259tic\u0259sind\u0259 z\u0259r\u0259r \u00e7\u0259kmi\u015fl\u0259rin insan h\u00fcquqlar\u0131n\u0131n pozulmas\u0131na g\u00f6r\u0259 m\u0259suliyy\u0259tin istifad\u0259\u00e7i d\u00f6vl\u0259tl\u0259rin \u00fcz\u0259rin\u0259 d\u00fc\u015fd\u00fcy\u00fc birm\u0259nal\u0131 \u015f\u0259kild\u0259 qeyd edilir. Amma Erm\u0259nistan h\u0259l\u0259 d\u0259 buna he\u00e7 bir reaksiya verm\u0259yib. Qeyd ed\u0259k ki, bu m\u00f6vzuda birg\u0259 b\u0259yanat t\u0259\u015f\u0259bb\u00fcs\u00fc ilk d\u0259f\u0259 Az\u0259rbaycan t\u0259r\u0259find\u0259n iyunun 27-d\u0259 BMT-nin Cenevr\u0259 q\u0259rargah\u0131nda \u201cMinas\u0131z s\u00fclh\u0259 do\u011fru ir\u0259lil\u0259m\u0259k v\u0259 qurbanlar\u0131n h\u00fcquqlar\u0131n\u0131 b\u0259rpa etm\u0259k \u00fc\u00e7\u00fcn insan h\u00fcquqlar\u0131 sistemind\u0259n istifad\u0259\u201d m\u00f6vzusunda ke\u00e7iril\u0259n konfransda s\u0259sl\u0259ndirilib.<\/p>\n<p><em><strong>Qvami M\u0259h\u0259bb\u0259to\u011flu, \u201c\u0130ki sahil\u201d<\/strong><\/em><\/p>\n","protected":false},"excerpt":{"rendered":"<p>Az\u0259rbaycan 30 il\u0259 yax\u0131n davam ed\u0259n m\u00fcnaqi\u015f\u0259 v\u0259 \u0259razil\u0259rinin Erm\u0259nistan t\u0259r\u0259find\u0259n i\u015f\u011fal\u0131 n\u0259tic\u0259sind\u0259 minalarla \u00e7irkl\u0259nm\u0259si problemind\u0259n \u0259ziyy\u0259t \u00e7\u0259kir. Bu g\u00fcn Az\u0259rbaycan d\u00fcnyada minalarla \u0259n \u00e7ox \u00e7irkl\u0259nmi\u015f \u00f6lk\u0259l\u0259r s\u0131ras\u0131ndad\u0131r. M\u0259lumat \u00fc\u00e7\u00fcn bildir\u0259k ki,\u00a0 \u00f6lk\u0259 \u0259razisinin t\u0259xmin\u0259n 12 faizind\u0259 Erm\u0259nistan t\u0259r\u0259find\u0259n basd\u0131r\u0131lm\u0131\u015f mina v\u0259 nam\u0259lum sayda partlamam\u0131\u015f h\u0259rbi sursatlar vard\u0131r. Otuz il\u0259 yax\u0131n davam ed\u0259n i\u015f\u011fal m\u00fcdd\u0259tind\u0259 qad\u0131nlar v\u0259 u\u015faqlar da daxil olmaqla, y\u00fczl\u0259rl\u0259 \u015f\u0259xs mina qurban\u0131na \u00e7evrilib. Bu g\u00fcn d\u0259 torpaqlar\u0131m\u0131zda basd\u0131r\u0131lm\u0131\u015f h\u0259min minalar f\u0259sadlar t\u00f6r\u0259tm\u0259kd\u0259 davam edir. Bel\u0259 ki, oktyabr\u0131n 14-d\u0259 Qazax rayonunun Qu\u015f\u00e7u Ayr\u0131m k\u0259ndi \u0259razisind\u0259 bir n\u0259f\u0259r m\u00fclki&hellip;<\/p>\n","protected":false},"author":2,"featured_media":761735,"comment_status":"closed","ping_status":"closed","sticky":false,"template":"","format":"standard","meta":{"om_disable_all_campaigns":false,"_monsterinsights_skip_tracking":false,"_monsterinsights_sitenote_active":false,"_monsterinsights_sitenote_note":"","_monsterinsights_sitenote_category":0},"categories":[19],"tags":[],"aioseo_notices":[],"gutentor_comment":0,"rttpg_featured_image_url":{"full":["https:\/\/arantv.az\/wp-content\/uploads\/2024\/10\/bd430257172241175541446037210275026.jpg",975,540,false],"landscape":["https:\/\/arantv.az\/wp-content\/uploads\/2024\/10\/bd430257172241175541446037210275026.jpg",975,540,false],"portraits":["https:\/\/arantv.az\/wp-content\/uploads\/2024\/10\/bd430257172241175541446037210275026.jpg",975,540,false],"thumbnail":["https:\/\/arantv.az\/wp-content\/uploads\/2024\/10\/bd430257172241175541446037210275026-500x280.jpg",500,280,true],"medium":["https:\/\/arantv.az\/wp-content\/uploads\/2024\/10\/bd430257172241175541446037210275026-660x365.jpg",660,365,true],"large":["https:\/\/arantv.az\/wp-content\/uploads\/2024\/10\/bd430257172241175541446037210275026-840x465.jpg",640,354,true],"1536x1536":["https:\/\/arantv.az\/wp-content\/uploads\/2024\/10\/bd430257172241175541446037210275026.jpg",975,540,false],"2048x2048":["https:\/\/arantv.az\/wp-content\/uploads\/2024\/10\/bd430257172241175541446037210275026.jpg",975,540,false],"post-thumbnail":["https:\/\/arantv.az\/wp-content\/uploads\/2024\/10\/bd430257172241175541446037210275026-240x172.jpg",240,172,true],"advps-thumb-one":["https:\/\/arantv.az\/wp-content\/uploads\/2024\/10\/bd430257172241175541446037210275026.jpg",975,540,false]},"rttpg_author":{"display_name":"V\u00fcsal Rafiqo\u011flu","author_link":"https:\/\/arantv.az\/?author=2"},"rttpg_comment":0,"rttpg_category":"<a href=\"https:\/\/arantv.az\/?cat=19\" rel=\"category\">G\u00fcnd\u0259m<\/a>","rttpg_excerpt":"Az\u0259rbaycan 30 il\u0259 yax\u0131n davam ed\u0259n m\u00fcnaqi\u015f\u0259 v\u0259 \u0259razil\u0259rinin Erm\u0259nistan t\u0259r\u0259find\u0259n i\u015f\u011fal\u0131 n\u0259tic\u0259sind\u0259 minalarla \u00e7irkl\u0259nm\u0259si problemind\u0259n \u0259ziyy\u0259t \u00e7\u0259kir. Bu g\u00fcn Az\u0259rbaycan d\u00fcnyada minalarla \u0259n \u00e7ox \u00e7irkl\u0259nmi\u015f \u00f6lk\u0259l\u0259r s\u0131ras\u0131ndad\u0131r. M\u0259lumat \u00fc\u00e7\u00fcn bildir\u0259k ki,\u00a0 \u00f6lk\u0259 \u0259razisinin t\u0259xmin\u0259n 12 faizind\u0259 Erm\u0259nistan t\u0259r\u0259find\u0259n basd\u0131r\u0131lm\u0131\u015f mina v\u0259 nam\u0259lum sayda partlamam\u0131\u015f h\u0259rbi sursatlar vard\u0131r. Otuz il\u0259 yax\u0131n davam ed\u0259n i\u015f\u011fal m\u00fcdd\u0259tind\u0259&hellip;","_links":{"self":[{"href":"https:\/\/arantv.az\/index.php?rest_route=\/wp\/v2\/posts\/761734"}],"collection":[{"href":"https:\/\/arantv.az\/index.php?rest_route=\/wp\/v2\/posts"}],"about":[{"href":"https:\/\/arantv.az\/index.php?rest_route=\/wp\/v2\/types\/post"}],"author":[{"embeddable":true,"href":"https:\/\/arantv.az\/index.php?rest_route=\/wp\/v2\/users\/2"}],"replies":[{"embeddable":true,"href":"https:\/\/arantv.az\/index.php?rest_route=%2Fwp%2Fv2%2Fcomments&post=761734"}],"version-history":[{"count":1,"href":"https:\/\/arantv.az\/index.php?rest_route=\/wp\/v2\/posts\/761734\/revisions"}],"predecessor-version":[{"id":761736,"href":"https:\/\/arantv.az\/index.php?rest_route=\/wp\/v2\/posts\/761734\/revisions\/761736"}],"wp:featuredmedia":[{"embeddable":true,"href":"https:\/\/arantv.az\/index.php?rest_route=\/wp\/v2\/media\/761735"}],"wp:attachment":[{"href":"https:\/\/arantv.az\/index.php?rest_route=%2Fwp%2Fv2%2Fmedia&parent=761734"}],"wp:term":[{"taxonomy":"category","embeddable":true,"href":"https:\/\/arantv.az\/index.php?rest_route=%2Fwp%2Fv2%2Fcategories&post=761734"},{"taxonomy":"post_tag","embeddable":true,"href":"https:\/\/arantv.az\/index.php?rest_route=%2Fwp%2Fv2%2Ftags&post=761734"}],"curies":[{"name":"wp","href":"https:\/\/api.w.org\/{rel}","templated":true}]}}