{"id":761765,"date":"2024-10-16T10:00:41","date_gmt":"2024-10-16T06:00:41","guid":{"rendered":"https:\/\/arantv.az\/?p=761765"},"modified":"2024-10-16T10:00:41","modified_gmt":"2024-10-16T06:00:41","slug":"s%c9%99yyadin-olumund%c9%99n-sonra-hamimiz-x%c9%99cal%c9%99t-c%c9%99kirik-video","status":"publish","type":"post","link":"https:\/\/arantv.az\/?p=761765","title":{"rendered":"&#8220;S\u0259yyad\u0131n \u00f6l\u00fcm\u00fcnd\u0259n sonra ham\u0131m\u0131z x\u0259cal\u0259t \u00e7\u0259kirik&#8221; &#8211; V\u0130DEO"},"content":{"rendered":"<div class=\"text-content\" data-id=\"\" data-url=\"\">\n<p><strong>&#8220;S\u0259yyad\u0131n \u00f6l\u00fcm\u00fcnd\u0259n sonra ham\u0131m\u0131z par\u00e7aland\u0131q. Biri-birimizin evin\u0259 getm\u0259y\u0259 d\u0259 utan\u0131r\u0131q. El\u0259 bil onun \u00f6l\u00fcm\u00fcnd\u0259 biz g\u00fcnahkar\u0131q. Ham\u0131m\u0131z x\u0259cal\u0259t \u00e7\u0259kirik ki, ona k\u00f6m\u0259k ed\u0259, ya\u015fada bilm\u0259dik. Amma o k\u00f6m\u0259k ed\u0259rdi&#8221;.<\/strong><\/p>\n<p>Bu s\u00f6zl\u0259ri m\u0259rhum m\u00fc\u011f\u0259nni S\u0259yyad \u018flizad\u0259nin bac\u0131s\u0131 S\u0259id\u0259 \u018fliyeva &#8220;X\u0259z\u0259r ax\u015fam\u0131&#8221; verili\u015fin\u0259 m\u00fcsahib\u0259sind\u0259 deyib.<\/p>\n<p>S\u0259n\u0259t\u00e7inin \u00f6vlad\u0131\u00a0Atab\u0259y is\u0259 1 ya\u015f\u0131nda v\u0259fat ed\u0259n \u0259kiz qarda\u015f\u0131 M\u0259h\u0259mm\u0259dd\u0259n\u00a0dan\u0131\u015f\u0131b:<\/p>\n<p>&#8220;Qarda\u015f\u0131m 2006-c\u0131 ild\u0259 1 ya\u015f\u0131nda qaraciy\u0259r \u00e7at\u0131\u015fmazl\u0131\u011f\u0131ndan v\u0259fat edib. O d\u00fcnyas\u0131n\u0131 d\u0259yi\u015f\u0259nd\u0259n sonra atam depressiyaya d\u00fc\u015fd\u00fc. Atam qarda\u015f\u0131m\u0131n\u00a03 b\u00f6y\u00fck portretini \u00e7\u0259kdirmi\u015fdi. Amma \u00fcr\u0259yind\u0259ki alovu s\u00f6nm\u00fcrd\u00fc. 2007-ci ild\u0259 &#8220;S\u0259ni m\u0259n \u00e7ox axtarm\u0131\u015fam&#8221; mahn\u0131s\u0131 yazd\u0131rd\u0131. Bu mahn\u0131 qarda\u015f\u0131ma h\u0259sr olunub&#8221;.<\/p>\n<p>Qeyd ed\u0259k\u00a0ki, S\u0259yyad \u018flizad\u0259 2021-ci ilin sentyabr\u0131nda koronavirusdan\u00a0d\u00fcnyas\u0131n\u0131 d\u0259yi\u015fib.\/\/Ax\u015fam.az<\/p>\n<p><iframe loading=\"lazy\" id=\"telegram-post-TVmusavat-98497\" src=\"https:\/\/t.me\/TVmusavat\/98497?embed=1\" width=\"100%\" height=\"\" frameborder=\"0\" scrolling=\"no\" data-mce-fragment=\"1\"><\/iframe><\/p>\n<\/div>\n<div><\/div>\n<div><\/div>\n<div class=\"inner-social-box\">\n<div class=\"subs-in-social subs-whatsapp\"><\/div>\n<\/div>\n","protected":false},"excerpt":{"rendered":"<p>&#8220;S\u0259yyad\u0131n \u00f6l\u00fcm\u00fcnd\u0259n sonra ham\u0131m\u0131z par\u00e7aland\u0131q. Biri-birimizin evin\u0259 getm\u0259y\u0259 d\u0259 utan\u0131r\u0131q. El\u0259 bil onun \u00f6l\u00fcm\u00fcnd\u0259 biz g\u00fcnahkar\u0131q. Ham\u0131m\u0131z x\u0259cal\u0259t \u00e7\u0259kirik ki, ona k\u00f6m\u0259k ed\u0259, ya\u015fada bilm\u0259dik. Amma o k\u00f6m\u0259k ed\u0259rdi&#8221;. Bu s\u00f6zl\u0259ri m\u0259rhum m\u00fc\u011f\u0259nni S\u0259yyad \u018flizad\u0259nin bac\u0131s\u0131 S\u0259id\u0259 \u018fliyeva &#8220;X\u0259z\u0259r ax\u015fam\u0131&#8221; verili\u015fin\u0259 m\u00fcsahib\u0259sind\u0259 deyib. S\u0259n\u0259t\u00e7inin \u00f6vlad\u0131\u00a0Atab\u0259y is\u0259 1 ya\u015f\u0131nda v\u0259fat ed\u0259n \u0259kiz qarda\u015f\u0131 M\u0259h\u0259mm\u0259dd\u0259n\u00a0dan\u0131\u015f\u0131b: &#8220;Qarda\u015f\u0131m 2006-c\u0131 ild\u0259 1 ya\u015f\u0131nda qaraciy\u0259r \u00e7at\u0131\u015fmazl\u0131\u011f\u0131ndan v\u0259fat edib. O d\u00fcnyas\u0131n\u0131 d\u0259yi\u015f\u0259nd\u0259n sonra atam depressiyaya d\u00fc\u015fd\u00fc. Atam qarda\u015f\u0131m\u0131n\u00a03 b\u00f6y\u00fck portretini \u00e7\u0259kdirmi\u015fdi. Amma \u00fcr\u0259yind\u0259ki alovu s\u00f6nm\u00fcrd\u00fc. 2007-ci ild\u0259 &#8220;S\u0259ni m\u0259n \u00e7ox axtarm\u0131\u015fam&#8221; mahn\u0131s\u0131 yazd\u0131rd\u0131. Bu mahn\u0131 qarda\u015f\u0131ma h\u0259sr&hellip;<\/p>\n","protected":false},"author":2,"featured_media":761766,"comment_status":"closed","ping_status":"closed","sticky":false,"template":"","format":"standard","meta":{"om_disable_all_campaigns":false,"_monsterinsights_skip_tracking":false,"_monsterinsights_sitenote_active":false,"_monsterinsights_sitenote_note":"","_monsterinsights_sitenote_category":0},"categories":[1],"tags":[],"aioseo_notices":[],"gutentor_comment":0,"rttpg_featured_image_url":{"full":["https:\/\/arantv.az\/wp-content\/uploads\/2024\/10\/c8ccf5ad9211282c53bf1b731437491c.jpg",735,462,false],"landscape":["https:\/\/arantv.az\/wp-content\/uploads\/2024\/10\/c8ccf5ad9211282c53bf1b731437491c.jpg",735,462,false],"portraits":["https:\/\/arantv.az\/wp-content\/uploads\/2024\/10\/c8ccf5ad9211282c53bf1b731437491c.jpg",735,462,false],"thumbnail":["https:\/\/arantv.az\/wp-content\/uploads\/2024\/10\/c8ccf5ad9211282c53bf1b731437491c-500x280.jpg",500,280,true],"medium":["https:\/\/arantv.az\/wp-content\/uploads\/2024\/10\/c8ccf5ad9211282c53bf1b731437491c-581x365.jpg",581,365,true],"large":["https:\/\/arantv.az\/wp-content\/uploads\/2024\/10\/c8ccf5ad9211282c53bf1b731437491c.jpg",640,402,false],"1536x1536":["https:\/\/arantv.az\/wp-content\/uploads\/2024\/10\/c8ccf5ad9211282c53bf1b731437491c.jpg",735,462,false],"2048x2048":["https:\/\/arantv.az\/wp-content\/uploads\/2024\/10\/c8ccf5ad9211282c53bf1b731437491c.jpg",735,462,false],"post-thumbnail":["https:\/\/arantv.az\/wp-content\/uploads\/2024\/10\/c8ccf5ad9211282c53bf1b731437491c-240x172.jpg",240,172,true],"advps-thumb-one":["https:\/\/arantv.az\/wp-content\/uploads\/2024\/10\/c8ccf5ad9211282c53bf1b731437491c.jpg",735,462,false]},"rttpg_author":{"display_name":"V\u00fcsal Rafiqo\u011flu","author_link":"https:\/\/arantv.az\/?author=2"},"rttpg_comment":0,"rttpg_category":"<a href=\"https:\/\/arantv.az\/?cat=1\" rel=\"category\">C\u0259miyy\u0259t<\/a>","rttpg_excerpt":"&#8220;S\u0259yyad\u0131n \u00f6l\u00fcm\u00fcnd\u0259n sonra ham\u0131m\u0131z par\u00e7aland\u0131q. Biri-birimizin evin\u0259 getm\u0259y\u0259 d\u0259 utan\u0131r\u0131q. El\u0259 bil onun \u00f6l\u00fcm\u00fcnd\u0259 biz g\u00fcnahkar\u0131q. Ham\u0131m\u0131z x\u0259cal\u0259t \u00e7\u0259kirik ki, ona k\u00f6m\u0259k ed\u0259, ya\u015fada bilm\u0259dik. Amma o k\u00f6m\u0259k ed\u0259rdi&#8221;. Bu s\u00f6zl\u0259ri m\u0259rhum m\u00fc\u011f\u0259nni S\u0259yyad \u018flizad\u0259nin bac\u0131s\u0131 S\u0259id\u0259 \u018fliyeva &#8220;X\u0259z\u0259r ax\u015fam\u0131&#8221; verili\u015fin\u0259 m\u00fcsahib\u0259sind\u0259 deyib. S\u0259n\u0259t\u00e7inin \u00f6vlad\u0131\u00a0Atab\u0259y is\u0259 1 ya\u015f\u0131nda v\u0259fat ed\u0259n \u0259kiz qarda\u015f\u0131 M\u0259h\u0259mm\u0259dd\u0259n\u00a0dan\u0131\u015f\u0131b: &#8220;Qarda\u015f\u0131m 2006-c\u0131&hellip;","_links":{"self":[{"href":"https:\/\/arantv.az\/index.php?rest_route=\/wp\/v2\/posts\/761765"}],"collection":[{"href":"https:\/\/arantv.az\/index.php?rest_route=\/wp\/v2\/posts"}],"about":[{"href":"https:\/\/arantv.az\/index.php?rest_route=\/wp\/v2\/types\/post"}],"author":[{"embeddable":true,"href":"https:\/\/arantv.az\/index.php?rest_route=\/wp\/v2\/users\/2"}],"replies":[{"embeddable":true,"href":"https:\/\/arantv.az\/index.php?rest_route=%2Fwp%2Fv2%2Fcomments&post=761765"}],"version-history":[{"count":2,"href":"https:\/\/arantv.az\/index.php?rest_route=\/wp\/v2\/posts\/761765\/revisions"}],"predecessor-version":[{"id":761768,"href":"https:\/\/arantv.az\/index.php?rest_route=\/wp\/v2\/posts\/761765\/revisions\/761768"}],"wp:featuredmedia":[{"embeddable":true,"href":"https:\/\/arantv.az\/index.php?rest_route=\/wp\/v2\/media\/761766"}],"wp:attachment":[{"href":"https:\/\/arantv.az\/index.php?rest_route=%2Fwp%2Fv2%2Fmedia&parent=761765"}],"wp:term":[{"taxonomy":"category","embeddable":true,"href":"https:\/\/arantv.az\/index.php?rest_route=%2Fwp%2Fv2%2Fcategories&post=761765"},{"taxonomy":"post_tag","embeddable":true,"href":"https:\/\/arantv.az\/index.php?rest_route=%2Fwp%2Fv2%2Ftags&post=761765"}],"curies":[{"name":"wp","href":"https:\/\/api.w.org\/{rel}","templated":true}]}}