{"id":761827,"date":"2024-10-16T11:19:12","date_gmt":"2024-10-16T07:19:12","guid":{"rendered":"https:\/\/arantv.az\/?p=761827"},"modified":"2024-10-16T11:19:12","modified_gmt":"2024-10-16T07:19:12","slug":"guclu-iqtisadiyyati-olan-dovl%c9%99t-hec-bir-zaman-sarsilmaz","status":"publish","type":"post","link":"https:\/\/arantv.az\/?p=761827","title":{"rendered":"G\u00fccl\u00fc iqtisadiyyat\u0131 olan d\u00f6vl\u0259t he\u00e7 bir zaman sars\u0131lmaz."},"content":{"rendered":"<p>Az\u0259rbaycan xalq\u0131 bu g\u00fcn xo\u015fb\u0259xtdir,ona g\u00f6r\u0259ki, \u00dcmummilli liderimiz Heyd\u0259r\u018fliyevin ideyalar\u0131 b\u00fct\u00fcn sah\u0259l\u0259rd\u0259 t\u0259dbiq \u00a0edilir v\u0259 u\u011furla realla\u015fd\u0131r\u0131l\u0131r.Biz ona g\u00f6r\u0259 xo\u015fb\u0259xt insanlar\u0131q ki, bizimg\u00fccl\u00fcD\u00f6vl\u0259timiz,g\u00fccl\u00fc liderimiz daimaAz\u0259rbaycan v\u0259t\u0259nda\u015flar\u0131 il\u0259 bir yerd\u0259 olan M\u00f6ht\u0259r\u0259m Prezidentimiz,c\u0259nab Ali Ba\u015f Komandan\u0131m\u0131z \u0130lham \u018fliyevin r\u0259hb\u0259rliyiil\u0259 quruculuq i\u015fl\u0259ri apar\u0131r\u0131q, g\u0259l\u0259c\u0259y\u0259 inamla add\u0131mlay\u0131r\u0131q. C\u0259nab prezidentin r\u0259hb\u0259rliyi alt\u0131nda Az\u0259rbaycan iqtisadiyyat\u0131 d\u00fcnya d\u00f6vl\u0259tl\u0259ri i\u00e7\u0259risind\u0259 inki\u015faf\u0131na g\u00f6r\u0259 \u0259ny\u00fcks\u0259k yerl\u0259rd\u0259n birini tutur.Bu inki\u015faf v\u0259 Ali Ba\u015f komandan\u0131m\u0131z \u0130lham \u018fliyevin uzaq g\u00f6r\u0259n daxili v\u0259 xarici siyas\u0259ti bizim bu g\u00fcnki, inki\u015faf\u0131m\u0131z\u0131n \u0259sas m\u0259rh\u0259l\u0259sidir.Bu g\u00fcn Az\u0259rbaycan s\u0259rh\u0259dl\u0259ri \u015f\u0259hidl\u0259rimizin can\u0131,qan\u0131 bahas\u0131na,qazil\u0259rimizin ordumuzun sars\u0131lmaz birliyi v\u0259 g\u00fcc\u00fc say\u0259sind\u0259 tamamil\u0259 d\u00fc\u015fm\u0259n i\u015f\u011fal\u0131ndan azad olunub, beyn\u0259lxalq prinsip v\u0259 normalara uy\u011fun olaraq d\u00fcnya d\u00f6vl\u0259tl\u0259ri t\u0259r\u0259find\u0259n tan\u0131n\u0131r v\u0259 d\u0259st\u0259kl\u0259nir.<\/p>\n<p>2003-c\u00fc ild\u0259n bu g\u00fcn\u0259d\u0259k Az\u0259rbaycan iqtisadiyyat\u0131 inki\u015faf yoluna q\u0259d\u0259m qoydu, bu ill\u0259rd\u0259 n\u0259inki d\u00f6vl\u0259tin iqtisadiyyat\u0131, h\u0259md\u0259 ordusu inki\u015faf etdi,g\u00fccl\u0259ndi.Yeni n\u0259sil,yeni g\u0259nclik yeti\u015fdi.O g\u0259nclik ki,44 g\u00fcnl\u00fck m\u00fcharib\u0259d\u0259 \u00f6l\u00fcm\u00fcn \u00fcz\u00fcn\u0259 dik baxaraq getdil\u0259r.O m\u00fcq\u0259dd\u0259s \u015f\u0259hidl\u0259r \u00fc\u00e7\u00fcn bir amal,bir v\u0259t\u0259n e\u015fqi var idi.Bu yolu tutaraq, onlar v\u0259t\u0259nin,mill\u0259tin,d\u00f6vl\u0259tin azadl\u0131\u011f\u0131 u\u011frunda \u00f6z canlar\u0131n\u0131 f\u0259da etdil\u0259r.Bax bu idi \u0130lham \u018fliyev siyas\u0259ti. H\u0259m iqtisadiyyat\u0131,h\u0259m ordunun d\u00f6y\u00fc\u015f qabliyy\u0259tini y\u00fcks\u0259ltm\u0259kl\u0259 yana\u015f\u0131yeni bir g\u0259nclik simvolu yaratd\u0131.V\u0259t\u0259n f\u0259dail\u0259ri torpaq sevdal\u0131 g\u0259nclik.<\/p>\n<p>Biz b\u00fc g\u00fcn i\u015f\u011faldan azad olunmu\u015f \u0259razil\u0259r\u0259 diqq\u0259t \u00e7\u0259ks\u0259k g\u00f6r\u0259rik ki,sanki bu \u0259razil\u0259r d\u00fcn\u0259n\u0259 q\u0259d\u0259r erm\u0259ni vandalizmi t\u0259r\u0259find\u0259n da\u011fd\u0131lm\u0131\u015f,yand\u0131r\u0131lm\u0131\u015f boz s\u0259hraya \u00e7evrilmi\u015f o \u0259razil\u0259r deyil.Bu g\u00fcn bu \u0259razil\u0259rd\u0259 ya\u015fay\u0131\u015f massivl\u0259ri,q\u0259s\u0259b\u0259l\u0259r,\u015f\u0259h\u0259rl\u0259r,s\u0259naye, t\u0259hsil v\u0259 s\u0259hiyy\u0259 infrastukturlar\u0131 s\u00fcr\u0259tl\u0259 qurulur v\u0259 b\u0259rpa edilir.Bu, i\u015f\u011faldan sonra h\u0259min \u0259razil\u0259rin dir\u00e7\u0259li\u015fi,b\u00f6y\u00fck qay\u0131d\u0131\u015f\u0131n ba\u015flan\u011f\u0131c\u0131d\u0131r.Bu g\u00fcn, bu \u0259razil\u0259rin qurulmas\u0131ndada h\u0259min g\u0259ncl\u0259r yorulmadan gec\u0259 g\u00fcnd\u00fcz i\u015fl\u0259yirl\u0259r.Bu bizim nailiyy\u0259tl\u0259rimizdir.<\/p>\n<p>Bug\u00fcn\u0259q\u0259d\u0259r Az\u0259rbaycan\u0131ni\u015f\u011faldanazadedilmi\u015f \u0259razil\u0259rin\u0259 d\u00f6vl\u0259tproqram\u0131\u00e7\u0259r\u00e7iv\u0259sind\u0259 16 milyardmanatdan\u00e7oxv\u0259saitayr\u0131l\u0131b.<\/p>\n<p>Bununla yana\u015f\u0131, \u00f6z\u0259lsektorun da b\u0259rpa-quruculuq i\u015fl\u0259rind\u0259 i\u015ftirak\u0131t\u0259qdir\u0259layiqdir. Haz\u0131rda h\u0259m d\u00f6vl\u0259t-\u00f6z\u0259l t\u0259r\u0259fda\u015fl\u0131\u011f\u0131,h\u0259md\u0259 birba\u015fainvestisiyail\u0259 bir s\u0131ra sahibkarlar h\u0259min \u0259razil\u0259rd\u0259f\u0259aliyy\u0259t g\u00f6st\u0259rirl\u0259r.<\/p>\n<p>Xariciinvestorlar\u0131ndai\u015f\u011faldanazadolunmu\u015f\u0259razil\u0259rd\u0259quruculuqb\u0259rpai\u015fl\u0259ric\u0259nabPrezident \u0130lham\u018fliyevinxaricisiyas\u0259tininyorulmazn\u0259tic\u0259sidir.<\/p>\n<p>Yaz\u0131m\u0131n sonunu sevimli prezidentimiz,c\u0259nab Ali Ba\u015f Komandan \u0130lham \u018fliyevin 15 sentyabr 2023-c\u00fc ild\u0259 Xank\u0259ndi \u015f\u0259h\u0259rind\u0259 s\u00f6yl\u0259diyi k\u0259lamlarla bitirir\u0259m.\u201d\u018fziz h\u0259mv\u0259t\u0259nl\u0259r,bu meydanda bu g\u00fcn durmaq b\u00f6y\u00fck xo\u015fb\u0259xtlikdir,b\u00f6y\u00fck f\u0259r\u0259hdir,q\u00fcrur m\u0259nb\u0259yidir.M\u0259n q\u00fcrur hissi il\u0259 Az\u0259rbaycan Bayra\u011f\u0131n\u0131 bu g\u00fcn qald\u0131rm\u0131\u015fam v\u0259 do\u011fmaxalq\u0131ma bir daha dem\u0259k ist\u0259yir\u0259m ki,biz bu Q\u0259l\u0259b\u0259y\u0259 layiqik.Az\u0259rbaycan xalq\u0131 bu Q\u0259l\u0259b\u0259ni \u00f6z qan\u0131,can\u0131 bahas\u0131na \u0259ld\u0259 etmi\u015fdir.Bu g\u00fcn burada qald\u0131rd\u0131\u011f\u0131m Bayraq burada \u0259b\u0259di dal\u011falanacaq v\u0259 biz burada \u0259b\u0259di ya\u015fayaca\u011f\u0131q.Qaraba\u011f bizimdir,Qaraba\u011f Az\u0259rbaycand\u0131r\u201d.<\/p>\n<p><strong>Raqub Yunisov, YAP B\u0259rd\u0259 rayon t\u0259\u015fkilat\u0131 f\u0259al\u0131, B\u0259rd\u0259 D\u00f6vl\u0259t \u0130dar\u0259etm\u0259 v\u0259 Texnologiya kollecinin m\u00fc\u0259llimi.<\/strong><\/p>\n","protected":false},"excerpt":{"rendered":"<p>Az\u0259rbaycan xalq\u0131 bu g\u00fcn xo\u015fb\u0259xtdir,ona g\u00f6r\u0259ki, \u00dcmummilli liderimiz Heyd\u0259r\u018fliyevin ideyalar\u0131 b\u00fct\u00fcn sah\u0259l\u0259rd\u0259 t\u0259dbiq \u00a0edilir v\u0259 u\u011furla realla\u015fd\u0131r\u0131l\u0131r.Biz ona g\u00f6r\u0259 xo\u015fb\u0259xt insanlar\u0131q ki, bizimg\u00fccl\u00fcD\u00f6vl\u0259timiz,g\u00fccl\u00fc liderimiz daimaAz\u0259rbaycan v\u0259t\u0259nda\u015flar\u0131 il\u0259 bir yerd\u0259 olan M\u00f6ht\u0259r\u0259m Prezidentimiz,c\u0259nab Ali Ba\u015f Komandan\u0131m\u0131z \u0130lham \u018fliyevin r\u0259hb\u0259rliyiil\u0259 quruculuq i\u015fl\u0259ri apar\u0131r\u0131q, g\u0259l\u0259c\u0259y\u0259 inamla add\u0131mlay\u0131r\u0131q. C\u0259nab prezidentin r\u0259hb\u0259rliyi alt\u0131nda Az\u0259rbaycan iqtisadiyyat\u0131 d\u00fcnya d\u00f6vl\u0259tl\u0259ri i\u00e7\u0259risind\u0259 inki\u015faf\u0131na g\u00f6r\u0259 \u0259ny\u00fcks\u0259k yerl\u0259rd\u0259n birini tutur.Bu inki\u015faf v\u0259 Ali Ba\u015f komandan\u0131m\u0131z \u0130lham \u018fliyevin uzaq g\u00f6r\u0259n daxili v\u0259 xarici siyas\u0259ti bizim bu g\u00fcnki, inki\u015faf\u0131m\u0131z\u0131n \u0259sas m\u0259rh\u0259l\u0259sidir.Bu g\u00fcn Az\u0259rbaycan s\u0259rh\u0259dl\u0259ri \u015f\u0259hidl\u0259rimizin can\u0131,qan\u0131 bahas\u0131na,qazil\u0259rimizin ordumuzun sars\u0131lmaz birliyi v\u0259 g\u00fcc\u00fc say\u0259sind\u0259&hellip;<\/p>\n","protected":false},"author":2,"featured_media":761828,"comment_status":"closed","ping_status":"closed","sticky":false,"template":"","format":"standard","meta":{"om_disable_all_campaigns":false,"_monsterinsights_skip_tracking":false,"_monsterinsights_sitenote_active":false,"_monsterinsights_sitenote_note":"","_monsterinsights_sitenote_category":0},"categories":[2],"tags":[],"aioseo_notices":[],"gutentor_comment":0,"rttpg_featured_image_url":{"full":["https:\/\/arantv.az\/wp-content\/uploads\/2024\/10\/f8d7ad8d-cda1-4a97-80fe-b914fe916715.jpg",854,1124,false],"landscape":["https:\/\/arantv.az\/wp-content\/uploads\/2024\/10\/f8d7ad8d-cda1-4a97-80fe-b914fe916715.jpg",854,1124,false],"portraits":["https:\/\/arantv.az\/wp-content\/uploads\/2024\/10\/f8d7ad8d-cda1-4a97-80fe-b914fe916715.jpg",854,1124,false],"thumbnail":["https:\/\/arantv.az\/wp-content\/uploads\/2024\/10\/f8d7ad8d-cda1-4a97-80fe-b914fe916715-500x280.jpg",500,280,true],"medium":["https:\/\/arantv.az\/wp-content\/uploads\/2024\/10\/f8d7ad8d-cda1-4a97-80fe-b914fe916715-277x365.jpg",277,365,true],"large":["https:\/\/arantv.az\/wp-content\/uploads\/2024\/10\/f8d7ad8d-cda1-4a97-80fe-b914fe916715-638x840.jpg",638,840,true],"1536x1536":["https:\/\/arantv.az\/wp-content\/uploads\/2024\/10\/f8d7ad8d-cda1-4a97-80fe-b914fe916715.jpg",854,1124,false],"2048x2048":["https:\/\/arantv.az\/wp-content\/uploads\/2024\/10\/f8d7ad8d-cda1-4a97-80fe-b914fe916715.jpg",854,1124,false],"post-thumbnail":["https:\/\/arantv.az\/wp-content\/uploads\/2024\/10\/f8d7ad8d-cda1-4a97-80fe-b914fe916715-240x172.jpg",240,172,true],"advps-thumb-one":["https:\/\/arantv.az\/wp-content\/uploads\/2024\/10\/f8d7ad8d-cda1-4a97-80fe-b914fe916715-854x620.jpg",854,620,true]},"rttpg_author":{"display_name":"V\u00fcsal Rafiqo\u011flu","author_link":"https:\/\/arantv.az\/?author=2"},"rttpg_comment":0,"rttpg_category":"<a href=\"https:\/\/arantv.az\/?cat=2\" rel=\"category\">Region X\u0259b\u0259rl\u0259ri<\/a>","rttpg_excerpt":"Az\u0259rbaycan xalq\u0131 bu g\u00fcn xo\u015fb\u0259xtdir,ona g\u00f6r\u0259ki, \u00dcmummilli liderimiz Heyd\u0259r\u018fliyevin ideyalar\u0131 b\u00fct\u00fcn sah\u0259l\u0259rd\u0259 t\u0259dbiq \u00a0edilir v\u0259 u\u011furla realla\u015fd\u0131r\u0131l\u0131r.Biz ona g\u00f6r\u0259 xo\u015fb\u0259xt insanlar\u0131q ki, bizimg\u00fccl\u00fcD\u00f6vl\u0259timiz,g\u00fccl\u00fc liderimiz daimaAz\u0259rbaycan v\u0259t\u0259nda\u015flar\u0131 il\u0259 bir yerd\u0259 olan M\u00f6ht\u0259r\u0259m Prezidentimiz,c\u0259nab Ali Ba\u015f Komandan\u0131m\u0131z \u0130lham \u018fliyevin r\u0259hb\u0259rliyiil\u0259 quruculuq i\u015fl\u0259ri apar\u0131r\u0131q, g\u0259l\u0259c\u0259y\u0259 inamla add\u0131mlay\u0131r\u0131q. C\u0259nab prezidentin r\u0259hb\u0259rliyi alt\u0131nda Az\u0259rbaycan iqtisadiyyat\u0131 d\u00fcnya d\u00f6vl\u0259tl\u0259ri i\u00e7\u0259risind\u0259 inki\u015faf\u0131na g\u00f6r\u0259&hellip;","_links":{"self":[{"href":"https:\/\/arantv.az\/index.php?rest_route=\/wp\/v2\/posts\/761827"}],"collection":[{"href":"https:\/\/arantv.az\/index.php?rest_route=\/wp\/v2\/posts"}],"about":[{"href":"https:\/\/arantv.az\/index.php?rest_route=\/wp\/v2\/types\/post"}],"author":[{"embeddable":true,"href":"https:\/\/arantv.az\/index.php?rest_route=\/wp\/v2\/users\/2"}],"replies":[{"embeddable":true,"href":"https:\/\/arantv.az\/index.php?rest_route=%2Fwp%2Fv2%2Fcomments&post=761827"}],"version-history":[{"count":1,"href":"https:\/\/arantv.az\/index.php?rest_route=\/wp\/v2\/posts\/761827\/revisions"}],"predecessor-version":[{"id":761829,"href":"https:\/\/arantv.az\/index.php?rest_route=\/wp\/v2\/posts\/761827\/revisions\/761829"}],"wp:featuredmedia":[{"embeddable":true,"href":"https:\/\/arantv.az\/index.php?rest_route=\/wp\/v2\/media\/761828"}],"wp:attachment":[{"href":"https:\/\/arantv.az\/index.php?rest_route=%2Fwp%2Fv2%2Fmedia&parent=761827"}],"wp:term":[{"taxonomy":"category","embeddable":true,"href":"https:\/\/arantv.az\/index.php?rest_route=%2Fwp%2Fv2%2Fcategories&post=761827"},{"taxonomy":"post_tag","embeddable":true,"href":"https:\/\/arantv.az\/index.php?rest_route=%2Fwp%2Fv2%2Ftags&post=761827"}],"curies":[{"name":"wp","href":"https:\/\/api.w.org\/{rel}","templated":true}]}}