{"id":761834,"date":"2024-10-16T11:22:28","date_gmt":"2024-10-16T07:22:28","guid":{"rendered":"https:\/\/arantv.az\/?p=761834"},"modified":"2024-10-16T11:22:28","modified_gmt":"2024-10-16T07:22:28","slug":"turkiy%c9%99d%c9%99-27-n%c9%99f%c9%99rin-olumu-il%c9%99-n%c9%99tic%c9%99l%c9%99n%c9%99n-terror-akti-tor%c9%99tmis-s%c9%99xs-tutulub","status":"publish","type":"post","link":"https:\/\/arantv.az\/?p=761834","title":{"rendered":"T\u00fcrkiy\u0259d\u0259 27 n\u0259f\u0259rin \u00f6l\u00fcm\u00fc il\u0259 n\u0259tic\u0259l\u0259n\u0259n terror akt\u0131 t\u00f6r\u0259tmi\u015f \u015f\u0259xs tutulub"},"content":{"rendered":"<p>T\u00fcrkiy\u0259 h\u00fcquq-m\u00fchafiz\u0259 orqanlar\u0131n\u0131n ke\u00e7irdiyi \u0259m\u0259liyyat n\u0259tic\u0259sind\u0259 terror\u00e7u Ahmet Kalker \u0259l\u0259 ke\u00e7irilib.<\/p>\n<p><a href=\"https:\/\/report.az\/region-xeberleri\/turkiyede-27-neferin-olumu-ile-neticelenen-terror-akti-toretmis-terrorcu-ele-kecirilib\/\" target=\"_blank\" rel=\"noopener\">\u201cReport\u201d<\/a>\u00a0x\u0259b\u0259r verir ki, bu bar\u0259d\u0259 T\u00fcrkiy\u0259 K\u0130V-i m\u0259lumat yay\u0131b.<\/p>\n<p>\u018fm\u0259liyyat\u0131n detallar\u0131 v\u0259 A.Kalkerin hans\u0131 terror t\u0259\u015fkilat\u0131n\u0131 t\u0259msil etdiyi h\u0259l\u0259 ki, a\u00e7\u0131qlanmay\u0131b.<\/p>\n<p>Bildirilib ki, onun 1995-2000-ci ill\u0259rd\u0259 T\u00fcrkiy\u0259nin Tunceli \u015f\u0259h\u0259rind\u0259 h\u0259yata ke\u00e7irdiyi terror akt\u0131 n\u0259tic\u0259sind\u0259 27 m\u00fchafiz\u0259 \u0259m\u0259kda\u015f\u0131, 35 m\u00fchafiz\u0259 \u0259m\u0259kda\u015f\u0131 v\u0259 iki m\u00fclki \u015f\u0259xs yaralan\u0131b.<\/p>\n<p>Ba\u015fqa bir m\u0259lumata g\u00f6r\u0259 is\u0259 T\u00fcrkiy\u0259 Milli K\u0259\u015ffiyyat \u0130dar\u0259si (M\u0130T) Suriyada n\u00f6qt\u0259 \u0259m\u0259liyyat\u0131 ke\u00e7irib.<\/p>\n<p>N\u0259tic\u0259d\u0259 PKK\/YPG terror t\u0259\u015fkilat\u0131n\u0131n iki r\u0259hb\u0259ri &#8211; H\u00fcseyn \u00d6zt\u00fcrk v\u0259 Vidan Fate \u00f6ld\u00fcr\u00fcl\u00fcb.<\/p>\n","protected":false},"excerpt":{"rendered":"<p>T\u00fcrkiy\u0259 h\u00fcquq-m\u00fchafiz\u0259 orqanlar\u0131n\u0131n ke\u00e7irdiyi \u0259m\u0259liyyat n\u0259tic\u0259sind\u0259 terror\u00e7u Ahmet Kalker \u0259l\u0259 ke\u00e7irilib. \u201cReport\u201d\u00a0x\u0259b\u0259r verir ki, bu bar\u0259d\u0259 T\u00fcrkiy\u0259 K\u0130V-i m\u0259lumat yay\u0131b. \u018fm\u0259liyyat\u0131n detallar\u0131 v\u0259 A.Kalkerin hans\u0131 terror t\u0259\u015fkilat\u0131n\u0131 t\u0259msil etdiyi h\u0259l\u0259 ki, a\u00e7\u0131qlanmay\u0131b. Bildirilib ki, onun 1995-2000-ci ill\u0259rd\u0259 T\u00fcrkiy\u0259nin Tunceli \u015f\u0259h\u0259rind\u0259 h\u0259yata ke\u00e7irdiyi terror akt\u0131 n\u0259tic\u0259sind\u0259 27 m\u00fchafiz\u0259 \u0259m\u0259kda\u015f\u0131, 35 m\u00fchafiz\u0259 \u0259m\u0259kda\u015f\u0131 v\u0259 iki m\u00fclki \u015f\u0259xs yaralan\u0131b. Ba\u015fqa bir m\u0259lumata g\u00f6r\u0259 is\u0259 T\u00fcrkiy\u0259 Milli K\u0259\u015ffiyyat \u0130dar\u0259si (M\u0130T) Suriyada n\u00f6qt\u0259 \u0259m\u0259liyyat\u0131 ke\u00e7irib. N\u0259tic\u0259d\u0259 PKK\/YPG terror t\u0259\u015fkilat\u0131n\u0131n iki r\u0259hb\u0259ri &#8211; H\u00fcseyn \u00d6zt\u00fcrk v\u0259 Vidan Fate \u00f6ld\u00fcr\u00fcl\u00fcb.<\/p>\n","protected":false},"author":2,"featured_media":761835,"comment_status":"closed","ping_status":"closed","sticky":false,"template":"","format":"standard","meta":{"om_disable_all_campaigns":false,"_monsterinsights_skip_tracking":false,"_monsterinsights_sitenote_active":false,"_monsterinsights_sitenote_note":"","_monsterinsights_sitenote_category":0},"categories":[7],"tags":[],"aioseo_notices":[],"gutentor_comment":0,"rttpg_featured_image_url":{"full":["https:\/\/arantv.az\/wp-content\/uploads\/2024\/10\/a96540e06d24b4034df1f4b878d2e927.jpg",850,500,false],"landscape":["https:\/\/arantv.az\/wp-content\/uploads\/2024\/10\/a96540e06d24b4034df1f4b878d2e927.jpg",850,500,false],"portraits":["https:\/\/arantv.az\/wp-content\/uploads\/2024\/10\/a96540e06d24b4034df1f4b878d2e927.jpg",850,500,false],"thumbnail":["https:\/\/arantv.az\/wp-content\/uploads\/2024\/10\/a96540e06d24b4034df1f4b878d2e927-500x280.jpg",500,280,true],"medium":["https:\/\/arantv.az\/wp-content\/uploads\/2024\/10\/a96540e06d24b4034df1f4b878d2e927-621x365.jpg",621,365,true],"large":["https:\/\/arantv.az\/wp-content\/uploads\/2024\/10\/a96540e06d24b4034df1f4b878d2e927-840x494.jpg",640,376,true],"1536x1536":["https:\/\/arantv.az\/wp-content\/uploads\/2024\/10\/a96540e06d24b4034df1f4b878d2e927.jpg",850,500,false],"2048x2048":["https:\/\/arantv.az\/wp-content\/uploads\/2024\/10\/a96540e06d24b4034df1f4b878d2e927.jpg",850,500,false],"post-thumbnail":["https:\/\/arantv.az\/wp-content\/uploads\/2024\/10\/a96540e06d24b4034df1f4b878d2e927-240x172.jpg",240,172,true],"advps-thumb-one":["https:\/\/arantv.az\/wp-content\/uploads\/2024\/10\/a96540e06d24b4034df1f4b878d2e927.jpg",850,500,false]},"rttpg_author":{"display_name":"V\u00fcsal Rafiqo\u011flu","author_link":"https:\/\/arantv.az\/?author=2"},"rttpg_comment":0,"rttpg_category":"<a href=\"https:\/\/arantv.az\/?cat=7\" rel=\"category\">D\u00fcnya<\/a>","rttpg_excerpt":"T\u00fcrkiy\u0259 h\u00fcquq-m\u00fchafiz\u0259 orqanlar\u0131n\u0131n ke\u00e7irdiyi \u0259m\u0259liyyat n\u0259tic\u0259sind\u0259 terror\u00e7u Ahmet Kalker \u0259l\u0259 ke\u00e7irilib. \u201cReport\u201d\u00a0x\u0259b\u0259r verir ki, bu bar\u0259d\u0259 T\u00fcrkiy\u0259 K\u0130V-i m\u0259lumat yay\u0131b. \u018fm\u0259liyyat\u0131n detallar\u0131 v\u0259 A.Kalkerin hans\u0131 terror t\u0259\u015fkilat\u0131n\u0131 t\u0259msil etdiyi h\u0259l\u0259 ki, a\u00e7\u0131qlanmay\u0131b. Bildirilib ki, onun 1995-2000-ci ill\u0259rd\u0259 T\u00fcrkiy\u0259nin Tunceli \u015f\u0259h\u0259rind\u0259 h\u0259yata ke\u00e7irdiyi terror akt\u0131 n\u0259tic\u0259sind\u0259 27 m\u00fchafiz\u0259 \u0259m\u0259kda\u015f\u0131, 35 m\u00fchafiz\u0259 \u0259m\u0259kda\u015f\u0131 v\u0259 iki m\u00fclki \u015f\u0259xs&hellip;","_links":{"self":[{"href":"https:\/\/arantv.az\/index.php?rest_route=\/wp\/v2\/posts\/761834"}],"collection":[{"href":"https:\/\/arantv.az\/index.php?rest_route=\/wp\/v2\/posts"}],"about":[{"href":"https:\/\/arantv.az\/index.php?rest_route=\/wp\/v2\/types\/post"}],"author":[{"embeddable":true,"href":"https:\/\/arantv.az\/index.php?rest_route=\/wp\/v2\/users\/2"}],"replies":[{"embeddable":true,"href":"https:\/\/arantv.az\/index.php?rest_route=%2Fwp%2Fv2%2Fcomments&post=761834"}],"version-history":[{"count":1,"href":"https:\/\/arantv.az\/index.php?rest_route=\/wp\/v2\/posts\/761834\/revisions"}],"predecessor-version":[{"id":761836,"href":"https:\/\/arantv.az\/index.php?rest_route=\/wp\/v2\/posts\/761834\/revisions\/761836"}],"wp:featuredmedia":[{"embeddable":true,"href":"https:\/\/arantv.az\/index.php?rest_route=\/wp\/v2\/media\/761835"}],"wp:attachment":[{"href":"https:\/\/arantv.az\/index.php?rest_route=%2Fwp%2Fv2%2Fmedia&parent=761834"}],"wp:term":[{"taxonomy":"category","embeddable":true,"href":"https:\/\/arantv.az\/index.php?rest_route=%2Fwp%2Fv2%2Fcategories&post=761834"},{"taxonomy":"post_tag","embeddable":true,"href":"https:\/\/arantv.az\/index.php?rest_route=%2Fwp%2Fv2%2Ftags&post=761834"}],"curies":[{"name":"wp","href":"https:\/\/api.w.org\/{rel}","templated":true}]}}