{"id":761841,"date":"2024-10-16T11:24:15","date_gmt":"2024-10-16T07:24:15","guid":{"rendered":"https:\/\/arantv.az\/?p=761841"},"modified":"2024-10-16T11:24:15","modified_gmt":"2024-10-16T07:24:15","slug":"guclu-az%c9%99rbaycan-q%c9%99rbin-yuxusunu-qacirir-s%c9%99b%c9%99bl%c9%99r","status":"publish","type":"post","link":"https:\/\/arantv.az\/?p=761841","title":{"rendered":"G\u00fccl\u00fc Az\u0259rbaycan Q\u0259rbin \u201cyuxusunu qa\u00e7\u0131r\u0131r\u201d &#8211; s\u0259b\u0259bl\u0259r"},"content":{"rendered":"<p><strong>Onlara C\u0259nubi Qafqazda m\u00fcst\u0259qil, suveren, g\u00fccl\u00fc d\u00f6vl\u0259tl\u0259r deyil, as\u0131l\u0131, \u0259mrl\u0259rini s\u00f6zs\u00fcz yerin\u0259 yetir\u0259n siyas\u0259t\u00e7il\u0259r laz\u0131md\u0131r&#8230;<\/strong><\/p>\n<p>\u201cAB\u015e v\u0259 Q\u0259rb \u00f6lk\u0259l\u0259ri C\u0259nubi Qafqazda inki\u015faf etmi\u015f, g\u00fccl\u00fc, demokratik d\u00f6vl\u0259tl\u0259rin olmas\u0131n\u0131 ist\u0259mirl\u0259r. Onlara m\u00fcst\u0259qil, suveren, g\u00fccl\u00fc d\u00f6vl\u0259tl\u0259r deyil, onlardan as\u0131l\u0131, \u0259mrl\u0259rini s\u00f6zs\u00fcz yerin\u0259 yetir\u0259n \u00f6lk\u0259l\u0259r v\u0259 bu \u00f6lk\u0259l\u0259rin d\u0259 ba\u015f\u0131nda duracaq siyas\u0259t\u00e7il\u0259r laz\u0131md\u0131r\u201d.<\/p>\n<p><strong>Bunu AZ\u018fRTAC-a m\u00fcsahib\u0259sind\u0259 g\u00fcrc\u00fc politoloq Levan Mamaladze deyib.<\/strong><\/p>\n<p>Politoloq deyib ki, AB\u015e v\u0259 Q\u0259rbin C\u0259nubi Qafqazda s\u00f6z sahibi olmaq niyy\u0259ti t\u0259kc\u0259 G\u00fcrc\u00fcstana t\u0259zyiq g\u00f6st\u0259rm\u0259kl\u0259 bitmir: \u201cOnlar Az\u0259rbaycana da eyni c\u00fcr t\u0259zyiq edirl\u0259r. Az\u0259rbaycan\u0131n torpaqlar\u0131 i\u015f\u011fal alt\u0131nda olanda yaln\u0131z quru b\u0259yanatlar verm\u0259kl\u0259 kifay\u0259tl\u0259n\u0259n bu g\u00fccl\u0259r \u00f6z torpaqlar\u0131n\u0131 i\u015f\u011faldan azad etdikd\u0259n sonra yenid\u0259n \u0259sl simalar\u0131n\u0131 g\u00f6st\u0259rm\u0259y\u0259 ba\u015flad\u0131lar. Y\u0259ni bu g\u00fcn Az\u0259rbaycan da sanksiyalara, t\u0259zyiql\u0259r\u0259 m\u0259ruz qalan \u00f6lk\u0259dir. Lakin Az\u0259rbaycan he\u00e7 kim\u0259 ba\u015f \u0259ym\u0259d\u0259n m\u00fcst\u0259qil siyas\u0259t y\u00fcr\u00fcd\u00fcr, inki\u015faf edir. G\u00fcrc\u00fcstan da bu yolu tutub, s\u00fcbut etm\u0259y\u0259 \u00e7al\u0131\u015f\u0131r ki, m\u00fcst\u0259qil d\u00f6vl\u0259tdir v\u0259 \u00f6z\u00fc \u00f6z ayaqlar\u0131 \u00fcst\u00fcnd\u0259 durma\u011f\u0131 bacar\u0131r\u201d, &#8211; dey\u0259 o bildirib.<\/p>\n<p>\u201cAB\u015e-da bir \u00e7ox hakimiyy\u0259t n\u00fcmay\u0259nd\u0259si daxili resurslarla, inki\u015fafla, dayan\u0131ql\u0131 maliyy\u0259-iqtisadi sisteml\u0259 \u00f6z\u00fcn\u00fc t\u0259min ed\u0259 bil\u0259n g\u00fccl\u00fc v\u0259 n\u00fcfuzlu d\u00f6vl\u0259tl\u0259ri sevmir. \u00c7\u00fcnki bu d\u00f6vl\u0259tl\u0259r manipulyasiyaya v\u0259 t\u0259zyiql\u0259r\u0259 tabe olmurlar. M\u0259hz buna g\u00f6r\u0259 d\u0259 g\u00fccl\u00fc, \u00f6z\u00fcn\u0259 inaml\u0131 Az\u0259rbaycan Q\u0259rb qlobal\u00e7\u0131lar\u0131 aras\u0131nda ciddi narahatl\u0131q yarad\u0131r. Bu s\u0259b\u0259bd\u0259n d\u0259 bel\u0259 h\u00fccumlar ba\u015f verir\u201d.<\/p>\n<p><strong>Bunu is\u0259 X\u0259z\u0259r Strateji Ara\u015fd\u0131rmalar \u0130nstitutunun ba\u015f direktoru \u0130qor Korot\u00e7enko bir s\u0131ra amerikal\u0131 konqresmenl\u0259rin Az\u0259rbaycan\u0131n \u0259leyhin\u0259 m\u00fcxt\u0259lif sanksiya t\u0259\u015f\u0259bb\u00fcsl\u0259rini Cebhe.info.az-a \u015f\u0259rh ed\u0259rk\u0259n bel\u0259 deyib.\u00a0 Korot\u00e7enkonun fikrinc\u0259, bu c\u00fcr t\u0259\u015f\u0259bb\u00fcsl\u0259r n\u0259 birinci, n\u0259 d\u0259 sonuncudur:<\/strong>\u00a0\u201cAz\u0259rbaycan \u00fc\u00e7\u00fcn \u0259n \u0259sas\u0131 dayan\u0131ql\u0131 inki\u015faf yolunu saxlamaqd\u0131r ki, bu da haz\u0131rda Prezident \u0130lham \u018fliyevin r\u0259hb\u0259rliyi alt\u0131nda h\u0259yata ke\u00e7irilir\u201d. Politoloq qeyd edib ki, bu g\u00fcn Az\u0259rbaycan qlobal trendl\u0259ri m\u00fc\u0259yy\u0259n edir: \u201cBak\u0131da Beyn\u0259lxalq \u0130qlim Sammiti COP29-un ke\u00e7irilm\u0259si g\u00f6zl\u0259nilir. Az\u0259rbaycan b\u0259lk\u0259 d\u0259 milyardlarla insan\u0131n diqq\u0259tini c\u0259lb ed\u0259n bir \u00f6lk\u0259 olacaq. \u00c7\u00fcnki qlobal istil\u0259\u015fm\u0259 il\u0259 m\u00fcbariz\u0259, sivilizasiya v\u0259 planetin g\u0259l\u0259c\u0259yi h\u0259r bir insan\u0131 maraqland\u0131r\u0131r. Bu d\u00f6vrd\u0259 Bak\u0131 de-fakto d\u00fcnyan\u0131n m\u0259rk\u0259zi, d\u00fcnya paytaxt\u0131 olacaq, orada apar\u0131c\u0131 d\u00fcnya liderl\u0259ri, ekspertl\u0259r, analitikl\u0259r i\u015ftirak ed\u0259c\u0259k v\u0259 son d\u0259r\u0259c\u0259 \u0259h\u0259miyy\u0259tli q\u0259rarlar q\u0259bul olunacaq. Buna g\u00f6r\u0259 d\u0259 Az\u0259rbaycan\u0131n daxili v\u0259 xarici siyas\u0259tinin u\u011furlar\u0131 dostlar\u0131n\u0131 sevindirir, d\u00fc\u015fm\u0259nl\u0259ri is\u0259 q\u0259z\u0259bl\u0259ndirir\u201d.<\/p>\n<p>\u201cAz\u0259rbaycan bu g\u00fcn \u0259razi b\u00fct\u00f6vl\u00fcy\u00fcn\u00fc b\u0259rpa edib, regionda g\u00fccl\u00fc d\u00f6vl\u0259t\u0259 \u00e7evrilib\u201d.<\/p>\n<p><img src=\"https:\/\/qlobal.az\/file\/pic\/xeber\/2023-10\/1696657016_-21b29648162944693340527194310063647.jpg\" alt=\"Mehriban V\u0259liyeva v\u0259zif\u0259sind\u0259n niy\u0259 azad edildi - \u015eOK \u0130DD\u0130A \u00bb Qlobal.Az\" \/><\/p>\n<p><strong>Mehriban V\u0259liyeva\u00a0<\/strong><\/p>\n<p><strong>Bunu Milli M\u0259clisin deputat\u0131 Mehriban V\u0259liyeva Modern.az-a deyib. Onun s\u00f6zl\u0259rin\u0259 g\u00f6r\u0259, Az\u0259rbaycan\u0131 sev\u0259n d\u00f6vl\u0259tl\u0259r d\u0259 var, q\u0259bul etm\u0259y\u0259n d\u00f6vl\u0259tl\u0259r d\u0259:<\/strong>\u00a0\u201cX\u00fcsusil\u0259 d\u0259 Q\u0259rbin, Amerika Birl\u0259\u015fmi\u015f \u015etatlar\u0131n\u0131n v\u0259 Fransan\u0131n t\u0259zyiqini g\u00f6r\u00fcr\u00fck. Az\u0259rbaycan s\u00fcr\u0259tli inki\u015faf yolundad\u0131r. \u00d6lk\u0259miz COP29 kimi b\u00f6y\u00fck bir t\u0259dbir \u00f6nc\u0259sind\u0259 d\u00fcnyaya Qaraba\u011f v\u0259 \u015e\u0259rqi Z\u0259ng\u0259zur timsal\u0131nda ya\u015f\u0131l enerji zonas\u0131 t\u0259qdim edir. \u00d6lk\u0259miz d\u00fcnyaya pandemiya d\u00f6vr\u00fcnd\u0259 bir c\u00fcr, bu g\u00fcn is\u0259 ba\u015fqa c\u00fcr n\u00fcmun\u0259dir. Qo\u015fulmama H\u0259r\u0259kat\u0131nda az inki\u015faf etmi\u015f \u00f6lk\u0259l\u0259r\u0259 d\u0259st\u0259k olmaq \u00fc\u00e7\u00fcn \u00e7al\u0131\u015fan Az\u0259rbaycan burada da n\u00fcmun\u0259 idi. T\u0259bii ki, bunlar Q\u0259rbi narahat ed\u0259c\u0259k. Q\u0259rb \u00e7al\u0131\u015facaq ki, Az\u0259rbaycan\u0131 g\u00fccd\u0259n sals\u0131n. Bel\u0259 bir \u015f\u0259raitd\u0259 ham\u0131m\u0131z\u0131n qar\u015f\u0131s\u0131nda duran v\u0259zif\u0259 milli t\u0259hl\u00fck\u0259sizliyin t\u0259min olunmas\u0131d\u0131r\u201d.<\/p>\n<p>Q\u0259rb niy\u0259 C\u0259nubi Qafqazda inki\u015faf etmi\u015f d\u00f6vl\u0259tl\u0259rin olmas\u0131n\u0131 ist\u0259mir? G\u00fccl\u00fc Az\u0259rbaycan Q\u0259rbin niy\u0259 \u201cyuxusunu qa\u00e7\u0131r\u0131r\u201d?<\/p>\n<p><img src=\"https:\/\/informasiya.az\/wp-content\/uploads\/2024\/03\/Els%C9%99n-Musayev.jpg\" alt=\"El\u015f\u0259n Musayev: \u201cAvropa Erm\u0259nistan \u00fcz\u0259rind\u0259n Rusiyaya yeni c\u0259bh\u0259 a\u00e7maq  ist\u0259yir\u201d - \u0130nformasiya.az\" \/><\/p>\n<p><strong>El\u015f\u0259n Musayev<\/strong><\/p>\n<p><strong>Demokratik Maarif\u00e7ilik Partiyas\u0131n\u0131n s\u0259dri, deputat El\u015f\u0259n Musayev \u201cYeni M\u00fcsavat\u201da a\u00e7\u0131qlamas\u0131nda Q\u0259rbin \u201ca\u011fal\u0131q\u201d etm\u0259k siyas\u0259tinin b\u0259hr\u0259 verm\u0259y\u0259c\u0259yini bildirdi:<\/strong>\u00a0\u201c\u0130lk \u00f6nc\u0259 onu qeyd edim ki, Q\u0259rb uzun ill\u0259r b\u00fct\u00fcn d\u00fcnyada, eyni zamanda bizim yerl\u0259\u015fdiyimiz regionda &#8220;pamb\u0131qla ba\u015f k\u0259sm\u0259k&#8221; siyas\u0259ti y\u00fcr\u00fcd\u00fcb v\u0259 \u00fczd\u0259 \u00f6z\u00fcn\u00fc h\u0259mi\u015f\u0259 \u00fcmumb\u0259\u015f\u0259ri d\u0259y\u0259rl\u0259rin car\u00e7\u0131s\u0131 kimi g\u00f6st\u0259rs\u0259 d\u0259 \u0259slind\u0259 \u0259n b\u00f6y\u00fck qanlar\u0131n, m\u00fcharib\u0259l\u0259rin, toqqu\u015fmalar\u0131n s\u0259b\u0259bkar\u0131 olub. \u00dcst\u0259lik, bu m\u00fcnasib\u0259t ham\u0131ya qar\u015f\u0131 eyni q\u0259ddarl\u0131qla, eyni ssenari il\u0259, eyni formatda s\u0259rgil\u0259nib. El\u0259 ancaq yax\u0131n ke\u00e7mi\u015f\u0259 n\u0259z\u0259r salmaq yet\u0259rlidir ki, b\u0259zi faktlar v\u0259 b\u0259\u015f\u0259riyy\u0259t \u00fc\u00e7\u00fcn qorxunc say\u0131lan, d\u00f6vl\u0259tl\u0259ri, mill\u0259tl\u0259ri ill\u0259r boyunca inki\u015fafdan saxlayan tarixi epizodlar g\u00f6zl\u0259rimiz \u00f6n\u00fcnd\u0259n ke\u00e7sin: \u201cNar\u0131nc\u0131 inqilablar\u201d kimin t\u0259\u015f\u0259bb\u00fcs\u00fc idi? &#8211; \u018flb\u0259tt\u0259 ki, Q\u0259rbin. \u201c\u018fr\u0259b bahar\u0131\u201dnec\u0259? T\u0259bii, o da Q\u0259rbin. Haz\u0131rda d\u00fcnyan\u0131n d\u00f6rd bir yan\u0131nda m\u00fcnaqi\u015f\u0259 ocaqlar\u0131n\u0131 yaradan kimdir? &#8211; Birm\u0259nal\u0131, Q\u0259rb! M\u00f6vcud Ukrayna kimin \u201c\u0259s\u0259r\u201didir? &#8211; Yen\u0259 d\u0259 Q\u0259rbin!<\/p>\n<p>\u018flq\u0259r\u0259z, n\u0259 \u201cpislik da\u015f\u0131\u201d g\u00f6r\u00fcrs\u0259n v\u0259 qald\u0131r\u0131rsan, alt\u0131ndan Q\u0259rb \u00e7\u0131x\u0131r. Amma a\u011f\u0131zlar\u0131n\u0131 a\u00e7anda b\u00fclb\u00fcl kimi \u00f6t\u00fcrl\u0259r ki,\u00a0 insan h\u00fcquq v\u0259 azadl\u0131qlar\u0131 el\u0259 getdi, demokratiya bel\u0259 g\u0259ldi&#8230; Ham\u0131s\u0131 da yalandan.<\/p>\n<p>\u0130ndi d\u0259 g\u00f6zl\u0259rini dikibl\u0259r C\u0259nubi Qafqaza. Bir g\u00fcn Az\u0259rbaycan\u0131 h\u0259d\u0259l\u0259yirl\u0259r, o biri g\u00fcn G\u00fcrc\u00fcstan\u0131. Ki, m\u0259nim q\u0131l\u0131nc\u0131m\u0131n alt\u0131ndan ke\u00e7in, m\u0259n\u0259 tabe olun, d\u00fcnyan\u0131n a\u011fsaqqal\u0131 kimi m\u0259ni q\u0259bul edin, m\u0259n dey\u0259nl\u0259 oturub-durun. Xeyir ola? Niy\u0259? N\u0259 s\u0259b\u0259b\u0259? S\u0259n ax\u0131 kims\u0259n ki, tabe\u00e7ilik g\u00f6st\u0259r\u0259k? S\u0259n\u0259 kim bu haqq\u0131, ixtiyar\u0131 verib ki, a\u011fl\u0131ndan v\u0259 beynind\u0259n ke\u00e7\u0259n h\u0259r k\u0259si \u00f6z vassal\u0131na \u00e7evirm\u0259y\u0259 \u00e7al\u0131\u015f\u0131rsan? S\u0259nin n\u0259 h\u0259ddin\u0259dir ki, bizi sor\u011fulayasan, \u00fcz\u0259rimiz\u0259 g\u0259l\u0259s\u0259n, m\u0259sl\u0259h\u0259t ver\u0259s\u0259n? Zat\u0259n m\u00fcharib\u0259d\u0259n \u0259vv\u0259l d\u0259, m\u00fcharib\u0259nin gedi\u015find\u0259 d\u0259, m\u00fcharib\u0259d\u0259n sonra da \u0259dal\u0259tli olmaq \u0259v\u0259zin\u0259 biz\u0259 b\u00fct\u00fcn pislikl\u0259ri etdiniz, BMT-nin q\u0259tnam\u0259l\u0259rini uzun ill\u0259r havada u\u00e7urdunuz, i\u015f\u011fal\u00e7\u0131ya g\u00f6z\u00fcn \u00fcst\u0259 qa\u015f\u0131n var dem\u0259diniz, 30 il boyunca m\u00fcrg\u00fc vurdunuz. V\u0259 n\u0259tic\u0259d\u0259 \u00f6z\u00fcn\u00fcz d\u0259 g\u00f6rd\u00fcn\u00fcz v\u0259 \u015fahidi oldunuz ki, Az\u0259rbaycan kims\u0259nin k\u00f6m\u0259yi olmadan, \u00fcst\u0259lik, bir \u00e7ox riyakarlarla eyni anda vuru\u015faraq qalib g\u0259ldi, suverenliyini b\u0259rpa etdi. Etdi v\u0259 paralel olaraq h\u0259m d\u0259 \u00e7oxlar\u0131n\u0131n maskas\u0131n\u0131 y\u0131rtd\u0131, bir s\u0131ra qlobal g\u00fccl\u0259rin \u0259sl sif\u0259tini, xisl\u0259tini ham\u0131ya g\u00f6st\u0259rdi. \u018fn n\u0259hay\u0259t s\u00fcbut etdi ki, demokratiyadan dan\u0131\u015fan b\u0259zil\u0259ri \u0259slind\u0259 \u0259n b\u00f6y\u00fck diktatormu\u015f, s\u00fclhd\u0259n dan\u0131\u015fan b\u0259zil\u0259ri \u0259slind\u0259 \u0259n b\u00f6y\u00fck qani\u00e7\u0259n imi\u015f, yalan\u00e7\u0131ym\u0131\u015f!<\/p>\n<p>Ona g\u00f6r\u0259 d\u0259 indi kims\u0259 biziml\u0259 ba\u015f\u0131ndan b\u00f6y\u00fck dan\u0131\u015fmas\u0131n v\u0259 ritorikas\u0131na, leksikonuna, davran\u0131\u015f\u0131na fikir versin. Az\u0259rbaycan haz\u0131rda regionun \u0259n b\u00f6y\u00fck g\u00fcc\u00fcd\u00fcr v\u0259 bu g\u00fccl\u0259 ham\u0131 hesaba\u015fmal\u0131d\u0131r. \u0130st\u0259s\u0259 d\u0259, ist\u0259m\u0259s\u0259 d\u0259, xo\u015funa g\u0259ls\u0259 d\u0259, g\u0259lm\u0259s\u0259 d\u0259&#8221;.<\/p>\n<p><img loading=\"lazy\" src=\"https:\/\/cdn.musavat.com\/news\/thumbnails\/b90b2f34254cc827dcb29b77b60ae348.jpg\" alt=\"WhatsApp Image 2024-10-14 at 14.14.05.jpeg (96 KB)\" width=\"1192\" height=\"1088\" \/><\/p>\n<p><strong>G\u00fcnay A\u011famal\u0131<\/strong><\/p>\n<p><strong>Milli M\u0259clisin deputat\u0131, Ana V\u0259t\u0259n Partiyas\u0131n\u0131n s\u0259dr m\u00fcavini G\u00fcnay A\u011famal\u0131n\u0131n s\u00f6zl\u0259rin\u0259 g\u00f6r\u0259, Q\u0259rb \u00f6lk\u0259l\u0259ri, x\u00fcsusil\u0259 AB\u015e v\u0259 Fransa Az\u0259rbaycana qar\u015f\u0131 m\u00fcnasib\u0259td\u0259 he\u00e7 vaxt s\u0259mimi olmay\u0131b:<\/strong>\u00a0\u201c\u0130kinci Qaraba\u011f m\u00fcharib\u0259sind\u0259\u00a0 erm\u0259ni i\u015f\u011fal\u0131 v\u0259 separatizmi \u00fcz\u0259rind\u0259 \u0259ld\u0259 olunan q\u0259l\u0259b\u0259d\u0259n sonra \u00f6lk\u0259nin xarici siyas\u0259tind\u0259 b\u00f6y\u00fck u\u011furlar \u0259ld\u0259 edilib. Bu nailiyy\u0259tl\u0259r \u00f6z\u00fcn\u00fc Az\u0259rbaycan\u0131n regionda\u00a0 yaratd\u0131\u011f\u0131 geosiyasi reall\u0131qlarda ifad\u0259 edir. 2020-ci il\u0259 kimi Az\u0259rbaycan\u0131n xarici siyas\u0259t prioritetl\u0259rinin \u0259sas\u0131nda Erm\u0259nistan t\u0259r\u0259find\u0259n torpaqlar\u0131m\u0131z\u0131n i\u015f\u011fal\u0131n\u0131 d\u00fcnya ictimaiyy\u0259tinin diqq\u0259tin\u0259 \u00e7atd\u0131rmaq v\u0259 proses\u0259 beyn\u0259lxalq h\u00fcququn norma v\u0259 prinsipl\u0259ri \u00e7\u0259r\u00e7iv\u0259sind\u0259 yana\u015f\u0131lmas\u0131na nail olmaq idi. Tarixi z\u0259f\u0259rimizd\u0259n sonra is\u0259 q\u0259l\u0259b\u0259nin n\u0259tic\u0259l\u0259rini regionda v\u0259 beyn\u0259lxalq m\u00fcst\u0259vid\u0259 r\u0259smil\u0259\u015fdirm\u0259k \u0259sas istiqam\u0259tl\u0259rd\u0259ndir. Bu h\u0259m d\u0259 Az\u0259rbaycan\u0131n xarici siyas\u0259tind\u0259 vizyon d\u0259yi\u015fikliyini \u00f6z\u00fcnd\u0259 ehtiva edirdi. Ona g\u00f6r\u0259 d\u0259 r\u0259smi \u0130r\u0259van v\u0259 Az\u0259rbaycan\u0131n regionda yeni reall\u0131qlar\u0131 q\u0259bul etm\u0259k ist\u0259m\u0259y\u0259n kollektiv Q\u0259rbin, x\u00fcsusil\u0259 Va\u015finqton v\u0259 Parisin beyn\u0259lxalq s\u0259viyy\u0259d\u0259 t\u0259sbit edilm\u0259sin\u0259 qar\u015f\u0131 dayanmadan \u0259n m\u00fcxt\u0259lif yollarla t\u0259sir etm\u0259y\u0259 \u00e7al\u0131\u015f\u0131rlar. Dig\u0259r t\u0259r\u0259fd\u0259n, Az\u0259rbaycan\u0131n enerji sah\u0259sind\u0259 t\u0259\u015f\u0259bb\u00fcsl\u0259rinin g\u00fccl\u0259nm\u0259si v\u0259 alternativ enerji m\u0259nb\u0259l\u0259rinin diversifikasiyas\u0131n\u0131 beyn\u0259lxalq s\u0259viyy\u0259d\u0259 d\u0259st\u0259kl\u0259m\u0259si Q\u0259rb \u00f6lk\u0259l\u0259rinin enerji siyas\u0259tind\u0259 k\u00f6kl\u00fc d\u0259yi\u015fiklikl\u0259r\u0259 ciddi t\u0259sir g\u00f6st\u0259r\u0259 bil\u0259r. B\u00fct\u00fcn bu amill\u0259r kollektiv Q\u0259rbin Az\u0259rbaycana qar\u015f\u0131 d\u00fc\u015fm\u0259n\u00e7ilik h\u0259ddin\u0259 \u00e7atan \u0259dal\u0259tsiz m\u00fcnasib\u0259tl\u0259rinin ba\u015fl\u0131ca qaynaqlar\u0131 kimi q\u0259bul edil\u0259 bil\u0259r\u201d.<\/p>\n<p><strong>Cavan\u015fir ABBASLI,<\/strong><br \/>\n<strong>\u201cYeni M\u00fcsavat\u201d<\/strong><\/p>\n","protected":false},"excerpt":{"rendered":"<p>Onlara C\u0259nubi Qafqazda m\u00fcst\u0259qil, suveren, g\u00fccl\u00fc d\u00f6vl\u0259tl\u0259r deyil, as\u0131l\u0131, \u0259mrl\u0259rini s\u00f6zs\u00fcz yerin\u0259 yetir\u0259n siyas\u0259t\u00e7il\u0259r laz\u0131md\u0131r&#8230; \u201cAB\u015e v\u0259 Q\u0259rb \u00f6lk\u0259l\u0259ri C\u0259nubi Qafqazda inki\u015faf etmi\u015f, g\u00fccl\u00fc, demokratik d\u00f6vl\u0259tl\u0259rin olmas\u0131n\u0131 ist\u0259mirl\u0259r. Onlara m\u00fcst\u0259qil, suveren, g\u00fccl\u00fc d\u00f6vl\u0259tl\u0259r deyil, onlardan as\u0131l\u0131, \u0259mrl\u0259rini s\u00f6zs\u00fcz yerin\u0259 yetir\u0259n \u00f6lk\u0259l\u0259r v\u0259 bu \u00f6lk\u0259l\u0259rin d\u0259 ba\u015f\u0131nda duracaq siyas\u0259t\u00e7il\u0259r laz\u0131md\u0131r\u201d. Bunu AZ\u018fRTAC-a m\u00fcsahib\u0259sind\u0259 g\u00fcrc\u00fc politoloq Levan Mamaladze deyib. Politoloq deyib ki, AB\u015e v\u0259 Q\u0259rbin C\u0259nubi Qafqazda s\u00f6z sahibi olmaq niyy\u0259ti t\u0259kc\u0259 G\u00fcrc\u00fcstana t\u0259zyiq g\u00f6st\u0259rm\u0259kl\u0259 bitmir: \u201cOnlar Az\u0259rbaycana da eyni c\u00fcr t\u0259zyiq edirl\u0259r. Az\u0259rbaycan\u0131n torpaqlar\u0131 i\u015f\u011fal alt\u0131nda olanda yaln\u0131z quru b\u0259yanatlar verm\u0259kl\u0259&hellip;<\/p>\n","protected":false},"author":2,"featured_media":761842,"comment_status":"closed","ping_status":"closed","sticky":false,"template":"","format":"standard","meta":{"om_disable_all_campaigns":false,"_monsterinsights_skip_tracking":false,"_monsterinsights_sitenote_active":false,"_monsterinsights_sitenote_note":"","_monsterinsights_sitenote_category":0},"categories":[4],"tags":[],"aioseo_notices":[],"gutentor_comment":0,"rttpg_featured_image_url":{"full":["https:\/\/arantv.az\/wp-content\/uploads\/2024\/10\/33d77f700bb70c05f61c7b2f391c1cf7.jpg",870,500,false],"landscape":["https:\/\/arantv.az\/wp-content\/uploads\/2024\/10\/33d77f700bb70c05f61c7b2f391c1cf7.jpg",870,500,false],"portraits":["https:\/\/arantv.az\/wp-content\/uploads\/2024\/10\/33d77f700bb70c05f61c7b2f391c1cf7.jpg",870,500,false],"thumbnail":["https:\/\/arantv.az\/wp-content\/uploads\/2024\/10\/33d77f700bb70c05f61c7b2f391c1cf7-500x280.jpg",500,280,true],"medium":["https:\/\/arantv.az\/wp-content\/uploads\/2024\/10\/33d77f700bb70c05f61c7b2f391c1cf7-635x365.jpg",635,365,true],"large":["https:\/\/arantv.az\/wp-content\/uploads\/2024\/10\/33d77f700bb70c05f61c7b2f391c1cf7-840x483.jpg",640,368,true],"1536x1536":["https:\/\/arantv.az\/wp-content\/uploads\/2024\/10\/33d77f700bb70c05f61c7b2f391c1cf7.jpg",870,500,false],"2048x2048":["https:\/\/arantv.az\/wp-content\/uploads\/2024\/10\/33d77f700bb70c05f61c7b2f391c1cf7.jpg",870,500,false],"post-thumbnail":["https:\/\/arantv.az\/wp-content\/uploads\/2024\/10\/33d77f700bb70c05f61c7b2f391c1cf7-240x172.jpg",240,172,true],"advps-thumb-one":["https:\/\/arantv.az\/wp-content\/uploads\/2024\/10\/33d77f700bb70c05f61c7b2f391c1cf7.jpg",870,500,false]},"rttpg_author":{"display_name":"V\u00fcsal Rafiqo\u011flu","author_link":"https:\/\/arantv.az\/?author=2"},"rttpg_comment":0,"rttpg_category":"<a href=\"https:\/\/arantv.az\/?cat=4\" rel=\"category\">Siyas\u0259t<\/a>","rttpg_excerpt":"Onlara C\u0259nubi Qafqazda m\u00fcst\u0259qil, suveren, g\u00fccl\u00fc d\u00f6vl\u0259tl\u0259r deyil, as\u0131l\u0131, \u0259mrl\u0259rini s\u00f6zs\u00fcz yerin\u0259 yetir\u0259n siyas\u0259t\u00e7il\u0259r laz\u0131md\u0131r&#8230; \u201cAB\u015e v\u0259 Q\u0259rb \u00f6lk\u0259l\u0259ri C\u0259nubi Qafqazda inki\u015faf etmi\u015f, g\u00fccl\u00fc, demokratik d\u00f6vl\u0259tl\u0259rin olmas\u0131n\u0131 ist\u0259mirl\u0259r. Onlara m\u00fcst\u0259qil, suveren, g\u00fccl\u00fc d\u00f6vl\u0259tl\u0259r deyil, onlardan as\u0131l\u0131, \u0259mrl\u0259rini s\u00f6zs\u00fcz yerin\u0259 yetir\u0259n \u00f6lk\u0259l\u0259r v\u0259 bu \u00f6lk\u0259l\u0259rin d\u0259 ba\u015f\u0131nda duracaq siyas\u0259t\u00e7il\u0259r laz\u0131md\u0131r\u201d. Bunu AZ\u018fRTAC-a m\u00fcsahib\u0259sind\u0259 g\u00fcrc\u00fc politoloq Levan&hellip;","_links":{"self":[{"href":"https:\/\/arantv.az\/index.php?rest_route=\/wp\/v2\/posts\/761841"}],"collection":[{"href":"https:\/\/arantv.az\/index.php?rest_route=\/wp\/v2\/posts"}],"about":[{"href":"https:\/\/arantv.az\/index.php?rest_route=\/wp\/v2\/types\/post"}],"author":[{"embeddable":true,"href":"https:\/\/arantv.az\/index.php?rest_route=\/wp\/v2\/users\/2"}],"replies":[{"embeddable":true,"href":"https:\/\/arantv.az\/index.php?rest_route=%2Fwp%2Fv2%2Fcomments&post=761841"}],"version-history":[{"count":1,"href":"https:\/\/arantv.az\/index.php?rest_route=\/wp\/v2\/posts\/761841\/revisions"}],"predecessor-version":[{"id":761843,"href":"https:\/\/arantv.az\/index.php?rest_route=\/wp\/v2\/posts\/761841\/revisions\/761843"}],"wp:featuredmedia":[{"embeddable":true,"href":"https:\/\/arantv.az\/index.php?rest_route=\/wp\/v2\/media\/761842"}],"wp:attachment":[{"href":"https:\/\/arantv.az\/index.php?rest_route=%2Fwp%2Fv2%2Fmedia&parent=761841"}],"wp:term":[{"taxonomy":"category","embeddable":true,"href":"https:\/\/arantv.az\/index.php?rest_route=%2Fwp%2Fv2%2Fcategories&post=761841"},{"taxonomy":"post_tag","embeddable":true,"href":"https:\/\/arantv.az\/index.php?rest_route=%2Fwp%2Fv2%2Ftags&post=761841"}],"curies":[{"name":"wp","href":"https:\/\/api.w.org\/{rel}","templated":true}]}}