{"id":761859,"date":"2024-10-16T12:09:40","date_gmt":"2024-10-16T08:09:40","guid":{"rendered":"https:\/\/arantv.az\/?p=761859"},"modified":"2024-10-16T12:09:40","modified_gmt":"2024-10-16T08:09:40","slug":"rusiya-mediasi-sanki-boyuk-turan-qurulur","status":"publish","type":"post","link":"https:\/\/arantv.az\/?p=761859","title":{"rendered":"Rusiya medias\u0131: \u201cSanki B\u00f6y\u00fck Turan qurulur\u201d"},"content":{"rendered":"<p><strong>Rusiya medias\u0131nda T\u00fcrk D\u00f6vl\u0259tl\u0259ri T\u0259\u015fkilat\u0131n\u0131n (TDT) f\u0259aliyy\u0259tin\u0259 dair yaz\u0131lar artma\u011fa ba\u015flay\u0131b. Bu, t\u0259sad\u00fcfi deyil. T\u0259\u015fkulat f\u0259aliyy\u0259tini g\u00fccl\u0259ndirdikc\u0259, bu, yax\u0131n-uzaq \u0259traf\u0131n diqq\u0259tin\u0259, \u0259ndi\u015f\u0259sin\u0259 s\u0259b\u0259b olur.<\/strong><\/p>\n<p>Bel\u0259 materiallardan biri d\u0259 Moskvada \u00e7\u0131xan \u201cNezavisimaya qazeta\u201d q\u0259zetind\u0259 \u00e7\u0131x\u0131b. \u0130ri h\u0259cmli material\u0131n ba\u015fl\u0131\u011f\u0131 bu c\u00fcrd\u00fcr: \u201cT\u00fcrk d\u00fcnyas\u0131n\u0131n \u00fcmumi ilahiyyat\u0131, ortaq \u0259lifbas\u0131 v\u0259 b\u00fct\u00f6v x\u0259rit\u0259si\u201d.<\/p>\n<p>M\u0259qal\u0259d\u0259 g\u00f6st\u0259rilir ki, bu ilin pay\u0131z\u0131nda TDT i\u015fini g\u00fccl\u0259ndirib v\u0259 bu, ola bilsin ki, d\u00f6vl\u0259tl\u0259r\u00fcst\u00fc assosiasiyan\u0131n yarad\u0131lmas\u0131n\u0131n 15 illiyini qeyd etm\u0259si il\u0259 ba\u011fl\u0131d\u0131r. \u201cBununla bel\u0259, TDT-N\u0130N haz\u0131rk\u0131 f\u0259aliyy\u0259tini formal adland\u0131rmaq olmaz. \u00c7ox konkret q\u0259rarlar q\u0259bul edilir. Dil\u00e7il\u0259r Qazax \u00e7\u00f6ll\u0259rind\u0259n tutmu\u015f Bosfor bo\u011faz\u0131na q\u0259d\u0259r geni\u015f \u0259razil\u0259rd\u0259 vahid t\u00fcrk \u0259lifbas\u0131 yarad\u0131blar v\u0259 t\u0259tbiq etm\u0259k niyy\u0259tind\u0259dirl\u0259r. X\u0259rit\u0259\u00e7\u0259k\u0259nl\u0259r Avrasiyada apar\u0131c\u0131 rola iddial\u0131 olan \u201cRus d\u00fcnyas\u0131\u201d konsepsiyas\u0131 il\u0259 r\u0259qab\u0259ti n\u0259z\u0259rd\u0259 tutan t\u00fcrk d\u00fcnyas\u0131n\u0131n x\u0259rit\u0259sini yarad\u0131rlar\u201d, &#8211; m\u0259qal\u0259d\u0259 qeyd olunur.<br \/>\nS\u00f6z\u00fcged\u0259n yaz\u0131dan maraql\u0131 fraqmentl\u0259ri t\u0259qdim edirik.<\/p>\n<p>***<\/p>\n<p>\u201cOktyabr\u0131n 3-d\u0259 Qazax\u0131stan\u0131n paytaxt\u0131 Astanada UTG-nin M\u00fcs\u0259lman Dini \u0130dar\u0259l\u0259ri R\u0259isl\u0259ri \u015euras\u0131n\u0131n 5-ci iclas\u0131 ke\u00e7irilib. \u015eura 2022-ci ild\u0259 yarad\u0131l\u0131b. T\u0259sis t\u0259dbiri Az\u0259rbaycan\u0131n bir m\u00fcdd\u0259t \u0259vv\u0259l i\u015f\u011faldan etdiyi \u0259razid\u0259 yerl\u0259\u015f\u0259n \u015eu\u015fa \u015f\u0259h\u0259rind\u0259 ba\u015f tutub. 2023-c\u00fc ild\u0259 \u015eu\u015fa \u015f\u0259h\u0259ri t\u00fcrk d\u00fcnyas\u0131n\u0131n m\u0259d\u0259niyy\u0259t paytaxt\u0131 se\u00e7ilib. Bu status h\u0259r \u015f\u0259h\u0259r\u0259 bir il m\u00fcdd\u0259tin\u0259 verilir. Haz\u0131rda T\u00fcrkm\u0259nistan\u0131n Anau \u015f\u0259h\u0259ri m\u0259d\u0259niyy\u0259t paytaxt\u0131d\u0131r, 2014-c\u00fc ild\u0259 is\u0259 m\u0259d\u0259niyy\u0259t paytaxt\u0131 Kazan idi\u201d.<\/p>\n<p>***<\/p>\n<p>\u201cEtno-Milli Strategiyalar Agentliyinin direktoru Aleksandr Kobrinski ba\u015f ver\u0259nl\u0259ri bel\u0259 g\u00f6r\u00fcr: \u201c\u00c7oxlar\u0131 bunu M\u0259rk\u0259zi Asiyan\u0131n Rusiyadan ayr\u0131lmas\u0131 kimi qiym\u0259tl\u0259ndirir. T\u0259bii ki, bunlar\u0131n ham\u0131s\u0131 do\u011frudur, lakin t\u0259kc\u0259 bu deyil, t\u00fcrk xalqlar\u0131n\u0131n birl\u0259\u015fm\u0259si ba\u015f verir, sanki B\u00f6y\u00fck Turan yenid\u0259n yarad\u0131l\u0131r. Rusiya Federasiyas\u0131nda n\u0259 q\u0259d\u0259r t\u00fcrk xalq\u0131n\u0131n ya\u015fad\u0131\u011f\u0131n\u0131 izah etm\u0259y\u0259 y\u0259qin ki, ehtiyac yoxdur. T\u00fcrkl\u0259rin ata-baba yurdu Altayd\u0131r. Rusiya h\u0259l\u0259 bu t\u0259\u015fkilat\u0131n \u00fczv\u00fc deyil, lakin onlar \u0259l\u0259 ke\u00e7ir\u0259 bildikl\u0259rini birl\u0259\u015fdirir v\u0259 g\u00fccl\u0259ndirirl\u0259r. Onlar bizim \u0259razimiz\u0259 m\u0259hz m\u00fcftil\u0259r v\u0259 imamlar vasit\u0259sil\u0259 daxil olacaqlar, onlar\u0131n ba\u015fqa mexanizml\u0259ri yoxdur\u201d.<\/p>\n<p>***<\/p>\n<p>\u201c\u018fhm\u0259d Y\u0259s\u0259vi XII \u0259srd\u0259 orta \u0259srl\u0259rd\u0259 Qaraxanl\u0131lar s\u00fclal\u0259sinin n\u0259zar\u0259tind\u0259 olan \u0259razid\u0259 ya\u015fay\u0131b. Bu, \u0130slam\u0131n \u0259sas din\u0259 \u00e7evrildiyi ilk t\u00fcrk d\u00f6vl\u0259t qurulu\u015fu idi. Y\u0259s\u0259vi m\u00fcs\u0259lman inanc\u0131n\u0131n t\u00fcrk boylar\u0131 aras\u0131nda yay\u0131lmas\u0131nda m\u00fch\u00fcm rol oynay\u0131b. B\u00fct\u00fcn bunlar S\u0259lcuqlu t\u00fcrkl\u0259rinin Ki\u00e7ik Asiyaya geni\u015fl\u0259nm\u0259sind\u0259n v\u0259 Bizans\u0131n, y\u0259ni m\u00fcasir T\u00fcrkiy\u0259ni t\u0259\u015fkil ed\u0259n torpaqlar\u0131n f\u0259thind\u0259n \u00e7ox \u0259vv\u0259l ba\u015f verib. Y\u0259s\u0259vi \u00f6z ad\u0131na bir sufi t\u0259riq\u0259ti qurub. M\u00fcs\u0259lman lideri m\u00fcasir Qazax\u0131stan \u0259razisind\u0259, T\u00fcrk\u00fcstan \u015f\u0259h\u0259rind\u0259 d\u0259fn edilib. Bir ne\u00e7\u0259 il bundan \u0259vv\u0259l bu d\u00f6vl\u0259td\u0259 q\u0259dim T\u00fcrk\u00fcstan\u0131n b\u00fct\u00fcn t\u00fcrkl\u0259rin m\u0259n\u0259vi m\u0259rk\u0259zin\u0259 \u00e7evrilm\u0259si planlar\u0131n\u0131n nec\u0259 haz\u0131rland\u0131\u011f\u0131 bar\u0259d\u0259 yaz\u0131l\u0131b. Lakin sonralar Qaraba\u011fda \u015eu\u015fa kimi m\u00fcasir siyas\u0259t \u00fc\u00e7\u00fcn m\u00fch\u00fcm \u0259h\u0259miyy\u0259t k\u0259sb ed\u0259n dig\u0259r tarixi-m\u0259d\u0259ni m\u0259rk\u0259zl\u0259r meydana \u00e7\u0131xd\u0131 ki, bu da Az\u0259rbaycan v\u0259 onun m\u00fctt\u0259fiql\u0259ri \u00fc\u00e7\u00fcn h\u0259rbi-siyasi g\u00fcc simvoluna \u00e7evrildi\u201d.<\/p>\n<p>***<\/p>\n<p>\u201cBununla bel\u0259, \u201cT\u00fcrk\u00fcstan\u201d s\u00f6z\u00fcn\u00fcn \u00f6z\u00fc r\u0259mzi m\u0259nas\u0131n\u0131 itirm\u0259yib. Bu g\u00fcnl\u0259rd\u0259 TRT telekanal\u0131 T\u00fcrkiy\u0259 T\u0259hsil Nazirliyinin tarix f\u0259nni kurikulumunda \u0259h\u0259miyy\u0259tli d\u0259yi\u015fiklikl\u0259rin edildiyini a\u00e7\u0131qlay\u0131b. \u201cOrta Asiya\u201d ifad\u0259si \u0259v\u0259zin\u0259 \u201cT\u00fcrk\u00fcstan\u201d anlay\u0131\u015f\u0131 i\u015fl\u0259dil\u0259c\u0259k. Media t\u0259hsil naziri Yusuf Tekin\u0259 istinad\u0259n bildirib ki, bu termind\u0259n istifad\u0259y\u0259 ke\u00e7id tarix\u0259n \u0259sasland\u0131r\u0131l\u0131b, \u00e7\u00fcnki bu ada ilk d\u0259f\u0259 t\u00fcrkl\u0259rin ya\u015fad\u0131\u011f\u0131 \u0259razil\u0259ri t\u0259svir ed\u0259n q\u0259dim m\u0259tnl\u0259rd\u0259 rast g\u0259linib. T\u00fcrkiy\u0259 xadiml\u0259rinin fikrinc\u0259, bel\u0259 bir add\u0131m \u201cg\u0259l\u0259c\u0259k n\u0259sill\u0259r\u0259 t\u00fcrkl\u00fck, milli kimlik v\u0259 v\u0259t\u0259np\u0259rv\u0259rlik hissl\u0259rini a\u015f\u0131lamaq m\u0259qs\u0259di da\u015f\u0131y\u0131r\u201d. Proqram 2024\/25-ci t\u0259dris ilind\u0259n m\u0259kt\u0259b\u0259q\u0259d\u0259r t\u0259hsil m\u00fc\u0259ssis\u0259l\u0259rind\u0259 v\u0259 m\u0259kt\u0259bl\u0259rd\u0259 t\u0259tbiq olunacaq.<\/p>\n<p>Avrasiyan\u0131n T\u00fcrkiy\u0259d\u0259ki n\u0259h\u0259ng m\u0259kanlar\u0131na t\u0259kc\u0259 k\u00f6hn\u0259 ad verilm\u0259y\u0259c\u0259k. T\u00fcrk d\u00fcnyas\u0131n\u0131n x\u0259rit\u0259si yarad\u0131lacaq. Bu, rusiyal\u0131 ekspertl\u0259r aras\u0131nda \u0259n y\u00fcks\u0259k v\u0259 t\u0259nqidi reaksiyalara s\u0259b\u0259b olub.<\/p>\n<p>Bel\u0259 bir m\u00fch\u00fcm hadis\u0259nin T\u00fcrkiy\u0259 C\u00fcmhuriyy\u0259tinin paytaxt\u0131nda ba\u015f verm\u0259si t\u0259sad\u00fcfi deyil. 30 sentyabr &#8211; 1 oktyabr tarixl\u0259rind\u0259 Ankarada kartoqrafiya strateql\u0259rinin ilk toplant\u0131s\u0131 ke\u00e7irilib. \u0130clasda \u00fczv d\u00f6vl\u0259tl\u0259rin m\u00fclki v\u0259 h\u0259rbi kartoqrafiya qurumlar\u0131n\u0131n r\u0259hb\u0259rl\u0259ri v\u0259 T\u00fcrkm\u0259nistan v\u0259 Macar\u0131stan da daxil olmaqla m\u00fc\u015fahid\u0259\u00e7il\u0259r i\u015ftirak edibl\u0259r. \u0130\u015ftirak\u00e7\u0131lar \u00f6z \u00f6lk\u0259l\u0259rind\u0259ki kartoqrafiya qurumlar\u0131 v\u0259 orqanlar\u0131n\u0131n m\u0259qs\u0259dl\u0259ri v\u0259 f\u0259aliyy\u0259tl\u0259ri haqq\u0131nda m\u0259lumat veribl\u0259r. TDT-nin ba\u015f katibinin m\u00fcavini S\u0259di C\u0259f\u0259rov \u00e7\u0131x\u0131\u015f ed\u0259r\u0259k yeni yarad\u0131lan platforman\u0131n assosiasiya \u00f6lk\u0259l\u0259ri aras\u0131nda kartoqrafiya sah\u0259sind\u0259 \u0259m\u0259kda\u015fl\u0131\u011f\u0131n daha da inki\u015faf\u0131na v\u0259 d\u0259rinl\u0259\u015fm\u0259sin\u0259 t\u00f6hf\u0259 ver\u0259c\u0259yini vur\u011fulay\u0131b.<\/p>\n<p>Bu mesajlar 2021-ci ild\u0259 T\u00fcrkiy\u0259 prezidenti R\u0259c\u0259b Tayyib \u018frdo\u011fana B\u00f6y\u00fck Turan\u0131n qrafik t\u0259svirinin t\u0259qdim edildiyi hadis\u0259ni xat\u0131rlad\u0131r. V\u0259siq\u0259ni d\u00f6vl\u0259t ba\u015f\u00e7\u0131s\u0131na Milliyy\u0259t\u00e7i H\u0259r\u0259kat Partiyas\u0131n\u0131n s\u0259dri D\u00f6vl\u0259t Bax\u00e7al\u0131 t\u0259qdim edib. TDT-y\u0259 daxil olan \u00f6lk\u0259l\u0259rl\u0259 yana\u015f\u0131, t\u00fcrk d\u00fcnyas\u0131 \u0259razil\u0259rin\u0259 Balkanlar, Kipr, \u0130ran b\u00f6lg\u0259l\u0259ri, \u00c7inin Sincan-Uy\u011fur b\u00f6lg\u0259si, Monqolustan\u0131n bir hiss\u0259si v\u0259 Rusiyan\u0131n b\u0259zi \u0259razil\u0259ri: Kr\u0131m, Kuban, Tatar\u0131stan, Qafqaz \u0259razil\u0259ri, el\u0259c\u0259 d\u0259 Sibir, Yakutiya v\u0259 Altay diyar\u0131 daxildir. Lakin r\u0259smi TDT m\u0259nb\u0259l\u0259ri h\u0259min x\u0259rit\u0259ni qeyd etmir v\u0259 t\u0259bii ki, orada da B\u00f6y\u00fck Turan anlay\u0131\u015f\u0131 t\u0259bli\u011f olunmur. H\u0259min hadis\u0259 m\u00fcbahis\u0259li reputasiyaya malik \u0259n b\u00f6y\u00fck partiyan\u0131n r\u0259hb\u0259rliyi t\u0259r\u0259find\u0259n ekstravaqant h\u0259r\u0259k\u0259t kimi q\u0259bul edils\u0259 d\u0259, indi h\u00f6rm\u0259tli t\u0259\u015f\u0259bb\u00fcsl\u0259rin fonunu t\u0259\u015fkil edir.<\/p>\n<p>***<\/p>\n<p>\u201cAnadolu\u201d agentliyi T\u00fcrkiy\u0259 Milli M\u00fcdafi\u0259 Nazirliyinin X\u0259rit\u0259\u00e7\u0259km\u0259 \u00fczr\u0259 ba\u015f direktoru general-mayor Osman Alpdan sitat g\u0259tirir: \u201cBiz i\u015f\u00e7i qrupun pant\u00fcrk \u0259lifbas\u0131na b\u0259nz\u0259y\u0259n d\u00fcnyan\u0131n pant\u00fcrk x\u0259rit\u0259sini haz\u0131rlamas\u0131n\u0131 t\u0259min etm\u0259y\u0259 \u00e7al\u0131\u015f\u0131r\u0131q\u201d. T\u0259qib v\u0259 koordinasiyan\u0131 t\u0259min etm\u0259k \u00fc\u00e7\u00fcn ild\u0259 \u0259n az\u0131 bir d\u0259f\u0259 g\u00f6r\u00fc\u015fl\u0259r t\u0259\u015fkil edil\u0259c\u0259k. Ankarada ke\u00e7iril\u0259n toplant\u0131da i\u015ftirak ed\u0259nl\u0259r b\u0259yannam\u0259 q\u0259bul edibl\u0259r ki, ona \u0259sas\u0259n ingilis dilind\u0259 t\u00fcrk d\u00fcnyas\u0131n\u0131n vahid x\u0259rit\u0259si yarad\u0131lacaq, h\u0259m\u00e7inin T\u00fcrk d\u00fcnyas\u0131n\u0131n m\u00fclki v\u0259 h\u0259rbi kartoqrafiya qurumlar\u0131n\u0131n n\u00fcmay\u0259nd\u0259l\u0259rind\u0259n ibar\u0259t ekspert-texniki i\u015f\u00e7i qrupunun yarad\u0131lmas\u0131 da n\u0259z\u0259rd\u0259 tutulub.<\/p>\n<p>***<\/p>\n<p>\u201cOrta Asiya bu g\u00fcn ideoloji h\u00fccum \u00fc\u00e7\u00fcn tramplin kimi istifad\u0259 olunur. Bu, Rusiyan\u0131n silk\u0259l\u0259nm\u0259si v\u0259 da\u011f\u0131lmas\u0131 \u00fc\u00e7\u00fcn ba\u015fqa bir texnologiyad\u0131r. B\u00f6y\u00fck Turan layih\u0259sinin son m\u0259qs\u0259di Rusiyad\u0131r. Tatarlar\u0131 v\u0259 ya Altay t\u00fcrkl\u0259rini vahid t\u00fcrk d\u00fcnyas\u0131n\u0131n x\u0259rit\u0259sind\u0259n nec\u0259 \u00e7\u0131xarmaq olar? X\u0259rit\u0259d\u0259 t\u0259kc\u0259 m\u00fclki deyil, h\u0259m d\u0259 h\u0259rbi obyektl\u0259r, infrastruktur v\u0259 h\u0259tta d\u0259qiq koordinatlarla g\u00f6st\u0259rilir\u201d, &#8211; Kobrinski \u0259mindir.<\/p>\n<p>General Alp\u0131n qeyd etdiyi ortaq t\u00fcrk \u0259lifbas\u0131 TDT-nin ba\u015fqa bir t\u0259\u015f\u0259bb\u00fcs\u00fcd\u00fcr. Sentyabr\u0131n 9-11-d\u0259 Bak\u0131da T\u00fcrk D\u00fcnyas\u0131n\u0131n Ortaq \u018flifbas\u0131 Komissiyas\u0131n\u0131n n\u00f6vb\u0259ti iclas\u0131 ke\u00e7irilib. \u0130clas\u0131n yekunu olaraq 34 h\u0259rfd\u0259n ibar\u0259t \u0259lifba layih\u0259si raz\u0131la\u015fd\u0131r\u0131l\u0131b. G\u00f6r\u00fc\u015f T\u00fcrk Akademiyas\u0131 v\u0259 T\u00fcrk Dili \u0130nstitutunun birg\u0259 \u0259m\u0259kda\u015fl\u0131\u011f\u0131 il\u0259 ke\u00e7irilib. Komissiya ilkin 1991-ci il layih\u0259sini n\u0259z\u0259rd\u0259n ke\u00e7irib v\u0259 ona d\u0259yi\u015fiklikl\u0259r edib. Bu i\u015fi koordinasiya ed\u0259n T\u00fcrk Akademiyas\u0131n\u0131n q\u0259rargah\u0131 Astanada yerl\u0259\u015fir.<\/p>\n<p>***<\/p>\n<p>\u201cYada salaq ki, Avrasiya \u0130qtisadi \u0130ttifaq\u0131na \u00fczv \u00f6lk\u0259l\u0259rin lat\u0131n \u0259lifbas\u0131na ke\u00e7m\u0259k planlar\u0131 son ill\u0259r Rusiyada m\u0259nfi reaksiyaya s\u0259b\u0259b olub. Kiril \u0259lifbas\u0131ndan imtinan\u0131n Qazax\u0131stan v\u0259 Q\u0131r\u011f\u0131z\u0131stan\u0131 slavyan qon\u015fular\u0131ndan uzaqla\u015fd\u0131raca\u011f\u0131 v\u0259 Ankaran\u0131n b\u00f6lg\u0259d\u0259ki t\u0259sirini art\u0131raca\u011f\u0131 il\u0259 ba\u011fl\u0131 narahatl\u0131qlar d\u0259f\u0259l\u0259rl\u0259 s\u0259sl\u0259ndirilib. Vahid \u0259lifban\u0131n t\u0259qdimat\u0131 bu narahatl\u0131\u011f\u0131 daha da art\u0131r\u0131r. Lakin Az\u0259rbaycan \u00e7oxdan lat\u0131n \u0259lifbas\u0131na ke\u00e7ib ki, bu da Bak\u0131 il\u0259 Moskvan\u0131n m\u00fctt\u0259fiqlik m\u00fcnasib\u0259tl\u0259rin\u0259 mane olmur\u201d.<\/p>\n<p>G\u00f6r\u00fcnd\u00fcy\u00fc kimi, TDT-nin \u00f6z f\u0259aliyy\u0259tini g\u00fccl\u0259ndirm\u0259si Rusiyan\u0131n bir \u00e7ox dair\u0259l\u0259rind\u0259 narahatl\u0131q do\u011furur. Ancaq ruslarda reall\u0131qla bar\u0131\u015fmaq tendensiyas\u0131 da sezilir.<\/p>\n<p><strong>Araz Altayl\u0131, Musavat.com<\/strong><\/p>\n","protected":false},"excerpt":{"rendered":"<p>Rusiya medias\u0131nda T\u00fcrk D\u00f6vl\u0259tl\u0259ri T\u0259\u015fkilat\u0131n\u0131n (TDT) f\u0259aliyy\u0259tin\u0259 dair yaz\u0131lar artma\u011fa ba\u015flay\u0131b. Bu, t\u0259sad\u00fcfi deyil. T\u0259\u015fkulat f\u0259aliyy\u0259tini g\u00fccl\u0259ndirdikc\u0259, bu, yax\u0131n-uzaq \u0259traf\u0131n diqq\u0259tin\u0259, \u0259ndi\u015f\u0259sin\u0259 s\u0259b\u0259b olur. Bel\u0259 materiallardan biri d\u0259 Moskvada \u00e7\u0131xan \u201cNezavisimaya qazeta\u201d q\u0259zetind\u0259 \u00e7\u0131x\u0131b. \u0130ri h\u0259cmli material\u0131n ba\u015fl\u0131\u011f\u0131 bu c\u00fcrd\u00fcr: \u201cT\u00fcrk d\u00fcnyas\u0131n\u0131n \u00fcmumi ilahiyyat\u0131, ortaq \u0259lifbas\u0131 v\u0259 b\u00fct\u00f6v x\u0259rit\u0259si\u201d. M\u0259qal\u0259d\u0259 g\u00f6st\u0259rilir ki, bu ilin pay\u0131z\u0131nda TDT i\u015fini g\u00fccl\u0259ndirib v\u0259 bu, ola bilsin ki, d\u00f6vl\u0259tl\u0259r\u00fcst\u00fc assosiasiyan\u0131n yarad\u0131lmas\u0131n\u0131n 15 illiyini qeyd etm\u0259si il\u0259 ba\u011fl\u0131d\u0131r. \u201cBununla bel\u0259, TDT-N\u0130N haz\u0131rk\u0131 f\u0259aliyy\u0259tini formal adland\u0131rmaq olmaz. \u00c7ox konkret q\u0259rarlar q\u0259bul edilir. Dil\u00e7il\u0259r Qazax \u00e7\u00f6ll\u0259rind\u0259n tutmu\u015f Bosfor&hellip;<\/p>\n","protected":false},"author":2,"featured_media":761860,"comment_status":"closed","ping_status":"closed","sticky":false,"template":"","format":"standard","meta":{"om_disable_all_campaigns":false,"_monsterinsights_skip_tracking":false,"_monsterinsights_sitenote_active":false,"_monsterinsights_sitenote_note":"","_monsterinsights_sitenote_category":0},"categories":[19],"tags":[],"aioseo_notices":[],"gutentor_comment":0,"rttpg_featured_image_url":{"full":["https:\/\/arantv.az\/wp-content\/uploads\/2024\/10\/0d85ddb527c98756706ef7faa292dcad.jpg",450,299,false],"landscape":["https:\/\/arantv.az\/wp-content\/uploads\/2024\/10\/0d85ddb527c98756706ef7faa292dcad.jpg",450,299,false],"portraits":["https:\/\/arantv.az\/wp-content\/uploads\/2024\/10\/0d85ddb527c98756706ef7faa292dcad.jpg",450,299,false],"thumbnail":["https:\/\/arantv.az\/wp-content\/uploads\/2024\/10\/0d85ddb527c98756706ef7faa292dcad-450x280.jpg",450,280,true],"medium":["https:\/\/arantv.az\/wp-content\/uploads\/2024\/10\/0d85ddb527c98756706ef7faa292dcad.jpg",450,299,false],"large":["https:\/\/arantv.az\/wp-content\/uploads\/2024\/10\/0d85ddb527c98756706ef7faa292dcad.jpg",450,299,false],"1536x1536":["https:\/\/arantv.az\/wp-content\/uploads\/2024\/10\/0d85ddb527c98756706ef7faa292dcad.jpg",450,299,false],"2048x2048":["https:\/\/arantv.az\/wp-content\/uploads\/2024\/10\/0d85ddb527c98756706ef7faa292dcad.jpg",450,299,false],"post-thumbnail":["https:\/\/arantv.az\/wp-content\/uploads\/2024\/10\/0d85ddb527c98756706ef7faa292dcad-240x172.jpg",240,172,true],"advps-thumb-one":["https:\/\/arantv.az\/wp-content\/uploads\/2024\/10\/0d85ddb527c98756706ef7faa292dcad.jpg",450,299,false]},"rttpg_author":{"display_name":"V\u00fcsal Rafiqo\u011flu","author_link":"https:\/\/arantv.az\/?author=2"},"rttpg_comment":0,"rttpg_category":"<a href=\"https:\/\/arantv.az\/?cat=19\" rel=\"category\">G\u00fcnd\u0259m<\/a>","rttpg_excerpt":"Rusiya medias\u0131nda T\u00fcrk D\u00f6vl\u0259tl\u0259ri T\u0259\u015fkilat\u0131n\u0131n (TDT) f\u0259aliyy\u0259tin\u0259 dair yaz\u0131lar artma\u011fa ba\u015flay\u0131b. Bu, t\u0259sad\u00fcfi deyil. T\u0259\u015fkulat f\u0259aliyy\u0259tini g\u00fccl\u0259ndirdikc\u0259, bu, yax\u0131n-uzaq \u0259traf\u0131n diqq\u0259tin\u0259, \u0259ndi\u015f\u0259sin\u0259 s\u0259b\u0259b olur. Bel\u0259 materiallardan biri d\u0259 Moskvada \u00e7\u0131xan \u201cNezavisimaya qazeta\u201d q\u0259zetind\u0259 \u00e7\u0131x\u0131b. \u0130ri h\u0259cmli material\u0131n ba\u015fl\u0131\u011f\u0131 bu c\u00fcrd\u00fcr: \u201cT\u00fcrk d\u00fcnyas\u0131n\u0131n \u00fcmumi ilahiyyat\u0131, ortaq \u0259lifbas\u0131 v\u0259 b\u00fct\u00f6v x\u0259rit\u0259si\u201d. M\u0259qal\u0259d\u0259 g\u00f6st\u0259rilir ki, bu ilin pay\u0131z\u0131nda&hellip;","_links":{"self":[{"href":"https:\/\/arantv.az\/index.php?rest_route=\/wp\/v2\/posts\/761859"}],"collection":[{"href":"https:\/\/arantv.az\/index.php?rest_route=\/wp\/v2\/posts"}],"about":[{"href":"https:\/\/arantv.az\/index.php?rest_route=\/wp\/v2\/types\/post"}],"author":[{"embeddable":true,"href":"https:\/\/arantv.az\/index.php?rest_route=\/wp\/v2\/users\/2"}],"replies":[{"embeddable":true,"href":"https:\/\/arantv.az\/index.php?rest_route=%2Fwp%2Fv2%2Fcomments&post=761859"}],"version-history":[{"count":1,"href":"https:\/\/arantv.az\/index.php?rest_route=\/wp\/v2\/posts\/761859\/revisions"}],"predecessor-version":[{"id":761861,"href":"https:\/\/arantv.az\/index.php?rest_route=\/wp\/v2\/posts\/761859\/revisions\/761861"}],"wp:featuredmedia":[{"embeddable":true,"href":"https:\/\/arantv.az\/index.php?rest_route=\/wp\/v2\/media\/761860"}],"wp:attachment":[{"href":"https:\/\/arantv.az\/index.php?rest_route=%2Fwp%2Fv2%2Fmedia&parent=761859"}],"wp:term":[{"taxonomy":"category","embeddable":true,"href":"https:\/\/arantv.az\/index.php?rest_route=%2Fwp%2Fv2%2Fcategories&post=761859"},{"taxonomy":"post_tag","embeddable":true,"href":"https:\/\/arantv.az\/index.php?rest_route=%2Fwp%2Fv2%2Ftags&post=761859"}],"curies":[{"name":"wp","href":"https:\/\/api.w.org\/{rel}","templated":true}]}}