{"id":761885,"date":"2024-10-16T12:29:04","date_gmt":"2024-10-16T08:29:04","guid":{"rendered":"https:\/\/arantv.az\/?p=761885"},"modified":"2024-10-16T12:29:04","modified_gmt":"2024-10-16T08:29:04","slug":"alen-simonyanin-yuxusu-ani-badalyanin-ifsasi-v%c9%99-hind-raketl%c9%99ri","status":"publish","type":"post","link":"https:\/\/arantv.az\/?p=761885","title":{"rendered":"Alen Simonyan\u0131n yuxusu, Ani Badalyan\u0131n if\u015fas\u0131 v\u0259 hind raketl\u0259ri&#8230;"},"content":{"rendered":"<p><strong>Erm\u0259nistanda tam anarxiya v\u0259ziyy\u0259ti h\u00f6km s\u00fcr\u00fcr. \u018fslind\u0259 t\u0259\u0259cc\u00fcbl\u00fc d\u0259 deyil. Nikol Pa\u015finyan\u0131n \u00f6z\u00fcn\u00fcn etiraf etdiyi kimi, kadastr s\u0259n\u0259di olmayan olk\u0259d\u0259n ba\u015fqa n\u0259 g\u00f6zl\u0259m\u0259k olar ki? Kim yuxudan tez durursa, yaxud tribuna, mikrofon g\u00f6r\u00fcrs\u0259, s\u00fclh b\u0259yanat\u0131 verir.<\/strong><\/p>\n<p>Erm\u0259nistan parlamentinin spikeri Alen Simonyan d\u00fcn\u0259n Cenevr\u0259d\u0259, Parlamentl\u0259raras\u0131 \u0130ttifaq\u0131n 149-cu Assambleyas\u0131n\u0131n \u00fcmumi m\u00fczakir\u0259l\u0259rind\u0259 \u00e7\u0131x\u0131\u015f\u0131 zaman\u0131 demi\u015fdi ki, Az\u0259rbaycan v\u0259 Erm\u0259nistan s\u00fclh sazi\u015fi \u00fczr\u0259 16 b\u0259nd \u00fczr\u0259 tam raz\u0131l\u0131\u011fa g\u0259lib. Sitat: \u201cAz\u0259rbaycan beyn\u0259lxalq s\u0259viyy\u0259d\u0259 tan\u0131nm\u0131\u015f 5 b\u0259nd \u00fczr\u0259 raz\u0131la\u015fmam\u0131z\u0131 ist\u0259yirdi, m\u0259n \u015fadam ki, bu g\u00fcn biz 16 b\u0259nd \u00fczr\u0259 tam raz\u0131l\u0131\u011fa g\u0259ldik. Xan\u0131mlar v\u0259 c\u0259nablar, yax\u015f\u0131lar art\u0131q yax\u015f\u0131lar\u0131n d\u00fc\u015fm\u0259ni olmamal\u0131d\u0131r. S\u00fclh b\u0259rq\u0259rar etm\u0259yin vaxt\u0131 g\u0259ldi. S\u00fclh vaxt\u0131d\u0131r\u201d, &#8211; Simonyan bildirib.<\/p>\n<p><img loading=\"lazy\" src=\"https:\/\/cdn.musavat.com\/news\/thumbnails\/af54e0f594a92685033ea2444c2fc2c3.jpg\" alt=\"alen.jpg (54 KB)\" width=\"700\" height=\"436\" \/><\/p>\n<h3><strong><em>Bird\u0259n-bir\u0259 n\u0259 ba\u015f verdi? Simonyana \u201cvergi\u201dmi verildi \u0130sve\u00e7r\u0259d\u0259?<\/em><\/strong><\/h3>\n<p>Bu yerd\u0259 z\u0259ruri bir xat\u0131rlatma ed\u0259k. Dem\u0259k h\u0259min bu Alen Simonyan 2023-c\u00fc ilin 12 mart\u0131nda B\u0259hreyn Krall\u0131\u011f\u0131n\u0131n paytaxt\u0131 Manama \u015f\u0259h\u0259rind\u0259 ke\u00e7iril\u0259n Parlamentl\u0259raras\u0131 \u0130ttifaq\u0131n 146-c\u0131 Assambleyas\u0131nda tribunaya qalxan kimi, mikrofon g\u00f6r\u0259n kimi, Az\u0259rbaycan\u0131n \u00fcnvan\u0131na \u015f\u0259r-b\u00f6htanlar s\u0259sl\u0259ndirmi\u015fdi. O zaman erm\u0259ni spiker Az\u0259rbaycan\u0131 Erm\u0259nistana qar\u015f\u0131 \u201ct\u0259cav\u00fcz\u201dd\u0259, La\u00e7\u0131n \u201cd\u0259hliz\u201dini \u201cba\u011flamaqda\u201d, Qaraba\u011fdak\u0131 120 min (?!-E.P.) erm\u0259nini blokada v\u0259ziyy\u0259tind\u0259 saxlamaqda, \u201chumanitar f\u0259lak\u0259t\u201d yaratmaqda ittiham ed\u0259nd\u0259n sonra onun foto-videosunu \u00e7\u0259k\u0259n bu s\u0259tirl\u0259rin m\u00fc\u0259llifin\u0259 qanl\u0131-qanl\u0131 baxaraq zal\u0131 t\u0259rk etmi\u015fdi. \u00c7\u00fcnki i\u015fini bilirdi, az sonra Milli M\u0259clisin s\u0259dri Sahib\u0259 Qafarova da\u015fdan ke\u00e7\u0259n arqumentl\u0259rl\u0259, tutarl\u0131 faktlarla bu yalan\u00e7\u0131n\u0131 \u201cya\u015f yuyub, quru s\u0259r\u0259c\u0259kdi\u201d. El\u0259 d\u0259 oldu, Milli M\u0259clisin s\u0259dri \u00e7\u0131x\u0131\u015f\u0131n\u0131 bitir\u0259n\u0259d\u0259k Simonyan iclas zal\u0131na girm\u0259di, foyed\u0259 kofe i\u00e7\u0259r\u0259k, vaxt\u0131n\u0131 \u00f6ld\u00fcrd\u00fc. Sonrak\u0131 d\u00f6n\u0259ml\u0259rd\u0259, ke\u00e7iril\u0259n t\u0259dbirl\u0259r \u00e7\u0259r\u00e7iv\u0259sind\u0259 Alen Simonyan xan\u0131m Qafarova il\u0259 g\u00f6r\u00fc\u015f\u0259r\u0259k, \u201ckonstruktiv\u201d g\u00f6r\u00fcnm\u0259k m\u0259cburiyy\u0259tind\u0259 qalm\u0131\u015fd\u0131. Amma bud\u0259f\u0259ki t\u0259dbir istisna oldu. Y\u0259ni Erm\u0259nistan r\u0259hb\u0259rliyinin qeyri-ciddi davran\u0131\u015flar\u0131, \u015f\u0259xs\u0259n Pa\u015finyan\u0131n bir ne\u00e7\u0259 d\u0259f\u0259 n\u00fcmayi\u015fk\u0259ran\u0259 \u015f\u0259kild\u0259 d\u00f6vl\u0259t ba\u015f\u00e7\u0131m\u0131zla g\u00f6r\u00fc\u015fd\u0259n qa\u00e7mas\u0131 bu \u00f6lk\u0259nin r\u0259smil\u0259ri il\u0259 g\u00f6r\u00fc\u015fl\u0259ri d\u0259 m\u0259nas\u0131z etdi. Bu m\u0259nada Az\u0259rbaycan parlamentinin s\u0259dri Simonyanla n\u00f6vb\u0259t\u00e7i g\u00f6r\u00fc\u015f\u0259 niy\u0259 vaxt s\u0259rf etsin ki? O m\u0259nada tam do\u011fru q\u0259rar verildi v\u0259 Cenevr\u0259 g\u00f6r\u00fc\u015f\u00fc ba\u015f tutmad\u0131.<\/p>\n<p><img loading=\"lazy\" src=\"https:\/\/cdn.musavat.com\/news\/thumbnails\/31e78974214b1a76a546026a52435485.jpg\" alt=\"S\u0130MONYAN SON.jpg (34 KB)\" width=\"600\" height=\"352\" \/><\/p>\n<p>Absurd olan budur ki, az \u00f6nc\u0259 Az\u0259rbaycan\u0131n parlament r\u0259hb\u0259ri il\u0259 g\u00f6r\u00fc\u015f\u0259 nail ola bilm\u0259y\u0259n Alen Simonyan q\u0131z\u0131l-q\u0131rm\u0131z\u0131cas\u0131na iddia edib ki, Az\u0259rbaycan v\u0259 Erm\u0259nistan s\u00fclh sazi\u015fi \u00fczr\u0259 16 b\u0259nd \u00fczr\u0259 tam raz\u0131l\u0131\u011fa g\u0259lib. Ortada raz\u0131l\u0131q var idis\u0259, onda Nikol Pa\u015finyan n\u0259 dan\u0131\u015f\u0131r? Onda Ararat Mirzoyan\u0131n \u201ckontor\u201du Az\u0259rbaycan\u0131 niy\u0259 ittiham edir?<\/p>\n<p>El\u0259 bir m\u00fcdd\u0259t \u0259vv\u0259l Erm\u0259nistan ba\u015f naziri Nikol Pa\u015finyan Az\u0259rbaycanla m\u00fczakir\u0259 edil\u0259n s\u00fclh sazi\u015find\u0259 13 madd\u0259nin raz\u0131la\u015fd\u0131r\u0131ld\u0131\u011f\u0131, yaln\u0131z 3 madd\u0259 v\u0259 preambulada ortaq m\u0259xr\u0259c\u0259 g\u0259linm\u0259diyini bildirmi\u015fdi. Bundan sonra Bak\u0131 v\u0259 \u0130r\u0259van\u0131n bir-birin\u0259 do\u011fru add\u0131m atmas\u0131 bar\u0259d\u0259 kims\u0259y\u0259 hans\u0131sa fakt m\u0259lum deyil. Erm\u0259nistan parlamentinin Xarici \u0259laq\u0259l\u0259r komit\u0259sinin r\u0259hb\u0259ri Sarkis Xandanyan is\u0259 Moskvada MDB D\u00f6vl\u0259t Ba\u015f\u00e7\u0131lar\u0131 \u015euras\u0131n\u0131n oktyabr\u0131n ilk g\u00fcnl\u0259rind\u0259 ke\u00e7iril\u0259n sammitind\u0259 Nikol Pa\u015finyan\u0131n Prezident \u0130lham \u018fliyevl\u0259 qeyri-r\u0259smi g\u00f6r\u00fc\u015f\u00fc zaman\u0131 raz\u0131la\u015fd\u0131r\u0131lmayan madd\u0259l\u0259r\u0259 g\u00f6r\u0259 xarici i\u015fl\u0259r nazirl\u0259ri s\u0259viyy\u0259sind\u0259 iki g\u00fcnl\u00fck m\u00fczakir\u0259l\u0259r ke\u00e7irilm\u0259sini t\u0259klif etdiyini s\u00f6yl\u0259mi\u015fdi. Y\u0259ni qalan 3 madd\u0259 \u00fczr\u0259 raz\u0131la\u015fma yoxdur ki, hans\u0131sa g\u00f6r\u00fc\u015f z\u0259rur\u0259tind\u0259n dan\u0131\u015f\u0131l\u0131r.<\/p>\n<p>Alen Simonyan\u0131n az qala \u201cs\u00fclh m\u00fcqavil\u0259sini imzalam\u0131\u015f\u0131q\u201d iddias\u0131n\u0131 ir\u0259li s\u00fcrd\u00fcy\u00fc bir vaxtda onun yalan\u0131n\u0131 Erm\u0259nistan Xarici \u0130\u015fl\u0259r Nazirliyinin m\u0259tbuat katibi Ani Badalyan if\u015fa edib. \u201cAzatutyun\u201dun sor\u011fusuna cavab\u0131nda Badalyan bildirib ki, \u0130r\u0259van h\u0259l\u0259 avqustda s\u00fclh m\u00fcqavil\u0259si layih\u0259si il\u0259 ba\u011fl\u0131 Az\u0259rbaycandan t\u0259qdim olunan t\u0259klif\u0259 cavab almay\u0131b.<\/p>\n<p><strong>\u018fslind\u0259 Az\u0259rbaycan\u0131n cavab\u0131 b\u0259llidir, bunu \u00f6lk\u0259 X\u0130N-i d\u0259, parlament s\u0259dri d\u0259, Prezident d\u0259 son g\u00fcnl\u0259rd\u0259 d\u0259f\u0259l\u0259rl\u0259 b\u0259yan edibl\u0259r.<\/strong><\/p>\n<p><img loading=\"lazy\" src=\"https:\/\/cdn.musavat.com\/news\/thumbnails\/20433cceccefd27a7b78f9a257602a6f.jpg\" alt=\"\u0130LHAM\u0130 SON.jpg (55 KB)\" width=\"700\" height=\"436\" \/><\/p>\n<p><strong>\u0130stisna deyil ki, \u0130r\u0259vana da diplomatik kanallarla konkret cavab verilib<\/strong>. Bununla i\u015fimiz yox. Amma \u0259g\u0259r Ani dey\u0259n kimi, Az\u0259rbaycan Erm\u0259nistana cavab verm\u0259yibs\u0259, onda Simonyan\u0131n s\u00fclh yuxusu n\u0259dir bel\u0259?.. Erm\u0259ni medias\u0131 yaz\u0131r ki, iyunun 26-da Erm\u0259nistan t\u0259r\u0259fi s\u00fclh m\u00fcqavil\u0259si \u00fczr\u0259 10-cu t\u0259klifl\u0259r paketini ald\u0131\u011f\u0131n\u0131 elan edib. \u018fslind\u0259 ger\u00e7\u0259k situasiya budur ki, Az\u0259rbaycan\u0131n t\u0259klifl\u0259rin\u0259 \u0130r\u0259vandan 70 g\u00fcn sonra cavab verilmi\u015fdi. Ondan sonrak\u0131 ziddiyy\u0259tli m\u00fcnasib\u0259tl\u0259r d\u0259 ortada. Y\u0259ni konkret he\u00e7 n\u0259 yoxdur, n\u0259inki raz\u0131la\u015fma.<\/p>\n<p>Nikol Pa\u015finyan s\u00fclh m\u00fcqavil\u0259si layih\u0259sinin az\u0131 80 faiz raz\u0131la\u015fd\u0131r\u0131ld\u0131\u011f\u0131n\u0131 iddia ed\u0259r\u0259k Bak\u0131ya \u201cyar\u0131m\u00e7\u0131q s\u00fclh\u00fc\u201d imzalamaq t\u0259klifini etdi. Lakin Az\u0259rbaycan Prezidenti \u0130lham \u018fliyev bu t\u0259klifi qeyri-real adland\u0131raraq Erm\u0259nistan r\u0259hb\u0259rliyinin yad\u0131na h\u0259tta ke\u00e7mi\u015f Minsk Qrupunun Madrid raz\u0131la\u015fmas\u0131n\u0131 sald\u0131. Y\u0259ni ya b\u00fct\u00fcn m\u00fcdd\u0259alar raz\u0131la\u015fd\u0131r\u0131lmal\u0131d\u0131r, ya da yar\u0131m\u00e7\u0131q s\u00fclh olmayacaq!<\/p>\n<p>Bel\u0259c\u0259, Erm\u0259nistan r\u0259hb\u0259rliyind\u0259ki \u015f\u0259xsl\u0259r qeyri-ciddi davran\u0131\u015flar\u0131n\u0131 davam etdirirl\u0259r. H\u0259m d\u0259 beyn\u0259lxalq t\u0259dbirl\u0259rd\u0259 dondan-dona gir\u0259r\u0259k, \u201cbax\u0131n, g\u00f6r\u00fcn biz nec\u0259 s\u00fclhp\u0259rv\u0259rik\u201d t\u00f6vr\u00fcn\u00fc n\u00fcmayi\u015f etdirirl\u0259r. \u0130nananlar da olur, erm\u0259nil\u0259rin bu hiyl\u0259l\u0259rind\u0259n \u00f6z m\u0259qs\u0259dl\u0259ri \u00fc\u00e7\u00fcn istifad\u0259 ed\u0259nl\u0259r d\u0259&#8230;<\/p>\n<p><strong><em>Cenevr\u0259d\u0259 Simonyandan kims\u0259 soru\u015fmad\u0131: s\u00fclh raz\u0131la\u015fmas\u0131 varsa, Hindistandan ballistik raketl\u0259rin al\u0131\u015f\u0131 n\u0259 \u00fc\u00e7\u00fcnd\u00fcr, kino \u00e7\u0259k\u0259c\u0259ksiniz?!<\/em><\/strong><\/p>\n<div class=\"news-author text-left\"><a href=\"https:\/\/musavat.com\/author\/elsad-pasasoy_10\"><img class=\"img-responsive img-author\" src=\"https:\/\/cdn.musavat.com\/authors\/thumbnails\/efebc9e552e05242fb5c15b017367239.jpg\" \/>El\u015fad PA\u015eASOY<\/a><\/div>\n","protected":false},"excerpt":{"rendered":"<p>Erm\u0259nistanda tam anarxiya v\u0259ziyy\u0259ti h\u00f6km s\u00fcr\u00fcr. \u018fslind\u0259 t\u0259\u0259cc\u00fcbl\u00fc d\u0259 deyil. Nikol Pa\u015finyan\u0131n \u00f6z\u00fcn\u00fcn etiraf etdiyi kimi, kadastr s\u0259n\u0259di olmayan olk\u0259d\u0259n ba\u015fqa n\u0259 g\u00f6zl\u0259m\u0259k olar ki? Kim yuxudan tez durursa, yaxud tribuna, mikrofon g\u00f6r\u00fcrs\u0259, s\u00fclh b\u0259yanat\u0131 verir. Erm\u0259nistan parlamentinin spikeri Alen Simonyan d\u00fcn\u0259n Cenevr\u0259d\u0259, Parlamentl\u0259raras\u0131 \u0130ttifaq\u0131n 149-cu Assambleyas\u0131n\u0131n \u00fcmumi m\u00fczakir\u0259l\u0259rind\u0259 \u00e7\u0131x\u0131\u015f\u0131 zaman\u0131 demi\u015fdi ki, Az\u0259rbaycan v\u0259 Erm\u0259nistan s\u00fclh sazi\u015fi \u00fczr\u0259 16 b\u0259nd \u00fczr\u0259 tam raz\u0131l\u0131\u011fa g\u0259lib. Sitat: \u201cAz\u0259rbaycan beyn\u0259lxalq s\u0259viyy\u0259d\u0259 tan\u0131nm\u0131\u015f 5 b\u0259nd \u00fczr\u0259 raz\u0131la\u015fmam\u0131z\u0131 ist\u0259yirdi, m\u0259n \u015fadam ki, bu g\u00fcn biz 16 b\u0259nd \u00fczr\u0259 tam raz\u0131l\u0131\u011fa g\u0259ldik. Xan\u0131mlar v\u0259 c\u0259nablar,&hellip;<\/p>\n","protected":false},"author":2,"featured_media":761886,"comment_status":"closed","ping_status":"closed","sticky":false,"template":"","format":"standard","meta":{"om_disable_all_campaigns":false,"_monsterinsights_skip_tracking":false,"_monsterinsights_sitenote_active":false,"_monsterinsights_sitenote_note":"","_monsterinsights_sitenote_category":0},"categories":[19],"tags":[],"aioseo_notices":[],"gutentor_comment":0,"rttpg_featured_image_url":{"full":["https:\/\/arantv.az\/wp-content\/uploads\/2024\/10\/c4a0513775bf26cbfcc8a42e2ae1024a.jpg",870,500,false],"landscape":["https:\/\/arantv.az\/wp-content\/uploads\/2024\/10\/c4a0513775bf26cbfcc8a42e2ae1024a.jpg",870,500,false],"portraits":["https:\/\/arantv.az\/wp-content\/uploads\/2024\/10\/c4a0513775bf26cbfcc8a42e2ae1024a.jpg",870,500,false],"thumbnail":["https:\/\/arantv.az\/wp-content\/uploads\/2024\/10\/c4a0513775bf26cbfcc8a42e2ae1024a-500x280.jpg",500,280,true],"medium":["https:\/\/arantv.az\/wp-content\/uploads\/2024\/10\/c4a0513775bf26cbfcc8a42e2ae1024a-635x365.jpg",635,365,true],"large":["https:\/\/arantv.az\/wp-content\/uploads\/2024\/10\/c4a0513775bf26cbfcc8a42e2ae1024a-840x483.jpg",640,368,true],"1536x1536":["https:\/\/arantv.az\/wp-content\/uploads\/2024\/10\/c4a0513775bf26cbfcc8a42e2ae1024a.jpg",870,500,false],"2048x2048":["https:\/\/arantv.az\/wp-content\/uploads\/2024\/10\/c4a0513775bf26cbfcc8a42e2ae1024a.jpg",870,500,false],"post-thumbnail":["https:\/\/arantv.az\/wp-content\/uploads\/2024\/10\/c4a0513775bf26cbfcc8a42e2ae1024a-240x172.jpg",240,172,true],"advps-thumb-one":["https:\/\/arantv.az\/wp-content\/uploads\/2024\/10\/c4a0513775bf26cbfcc8a42e2ae1024a.jpg",870,500,false]},"rttpg_author":{"display_name":"V\u00fcsal Rafiqo\u011flu","author_link":"https:\/\/arantv.az\/?author=2"},"rttpg_comment":0,"rttpg_category":"<a href=\"https:\/\/arantv.az\/?cat=19\" rel=\"category\">G\u00fcnd\u0259m<\/a>","rttpg_excerpt":"Erm\u0259nistanda tam anarxiya v\u0259ziyy\u0259ti h\u00f6km s\u00fcr\u00fcr. \u018fslind\u0259 t\u0259\u0259cc\u00fcbl\u00fc d\u0259 deyil. Nikol Pa\u015finyan\u0131n \u00f6z\u00fcn\u00fcn etiraf etdiyi kimi, kadastr s\u0259n\u0259di olmayan olk\u0259d\u0259n ba\u015fqa n\u0259 g\u00f6zl\u0259m\u0259k olar ki? Kim yuxudan tez durursa, yaxud tribuna, mikrofon g\u00f6r\u00fcrs\u0259, s\u00fclh b\u0259yanat\u0131 verir. Erm\u0259nistan parlamentinin spikeri Alen Simonyan d\u00fcn\u0259n Cenevr\u0259d\u0259, Parlamentl\u0259raras\u0131 \u0130ttifaq\u0131n 149-cu Assambleyas\u0131n\u0131n \u00fcmumi m\u00fczakir\u0259l\u0259rind\u0259 \u00e7\u0131x\u0131\u015f\u0131 zaman\u0131 demi\u015fdi ki, Az\u0259rbaycan v\u0259&hellip;","_links":{"self":[{"href":"https:\/\/arantv.az\/index.php?rest_route=\/wp\/v2\/posts\/761885"}],"collection":[{"href":"https:\/\/arantv.az\/index.php?rest_route=\/wp\/v2\/posts"}],"about":[{"href":"https:\/\/arantv.az\/index.php?rest_route=\/wp\/v2\/types\/post"}],"author":[{"embeddable":true,"href":"https:\/\/arantv.az\/index.php?rest_route=\/wp\/v2\/users\/2"}],"replies":[{"embeddable":true,"href":"https:\/\/arantv.az\/index.php?rest_route=%2Fwp%2Fv2%2Fcomments&post=761885"}],"version-history":[{"count":1,"href":"https:\/\/arantv.az\/index.php?rest_route=\/wp\/v2\/posts\/761885\/revisions"}],"predecessor-version":[{"id":761887,"href":"https:\/\/arantv.az\/index.php?rest_route=\/wp\/v2\/posts\/761885\/revisions\/761887"}],"wp:featuredmedia":[{"embeddable":true,"href":"https:\/\/arantv.az\/index.php?rest_route=\/wp\/v2\/media\/761886"}],"wp:attachment":[{"href":"https:\/\/arantv.az\/index.php?rest_route=%2Fwp%2Fv2%2Fmedia&parent=761885"}],"wp:term":[{"taxonomy":"category","embeddable":true,"href":"https:\/\/arantv.az\/index.php?rest_route=%2Fwp%2Fv2%2Fcategories&post=761885"},{"taxonomy":"post_tag","embeddable":true,"href":"https:\/\/arantv.az\/index.php?rest_route=%2Fwp%2Fv2%2Ftags&post=761885"}],"curies":[{"name":"wp","href":"https:\/\/api.w.org\/{rel}","templated":true}]}}