{"id":761888,"date":"2024-10-16T12:30:38","date_gmt":"2024-10-16T08:30:38","guid":{"rendered":"https:\/\/arantv.az\/?p=761888"},"modified":"2024-10-16T12:30:38","modified_gmt":"2024-10-16T08:30:38","slug":"butun-dunyadan-t%c9%99l%c9%99b-edirik-ki-s%c9%99simiz%c9%99-s%c9%99s-versinl%c9%99r-itkin-dus%c9%99n-tankcinin-qizi","status":"publish","type":"post","link":"https:\/\/arantv.az\/?p=761888","title":{"rendered":"B\u00fct\u00fcn d\u00fcnyadan t\u0259l\u0259b edirik ki, s\u0259simiz\u0259 s\u0259s versinl\u0259r &#8211; \u0130tkin d\u00fc\u015f\u0259n tank\u00e7\u0131n\u0131n q\u0131z\u0131"},"content":{"rendered":"<p>Erm\u0259nistandan yox, biz bunu b\u00fct\u00fcn d\u00fcnyadan t\u0259l\u0259b edirik ki, bizim s\u0259simiz\u0259 s\u0259s versinl\u0259r.<\/p>\n<p>Bunu \u0259sl\u0259n \u015eu\u015fa \u015f\u0259h\u0259rind\u0259n olan Leyla Tofiqq\u0131z\u0131 Birinci Qaraba\u011f m\u00fcharib\u0259sind\u0259 do\u011fmalar\u0131 itkin d\u00fc\u015fm\u00fc\u015f \u015f\u0259xsl\u0259rin Qaraba\u011fa s\u0259f\u0259ri zaman\u0131 Trend-\u0259 a\u00e7\u0131qlamas\u0131nda deyib.<\/p>\n<p>O, s\u0259f\u0259rin \u0259h\u0259miyy\u0259tini x\u00fcsusi qeyd etdikd\u0259n sonra o \u00f6z atas\u0131 il\u0259 ba\u011fl\u0131 m\u0259lumatlar\u0131 v\u0259 t\u0259l\u0259bl\u0259rini dil\u0259 g\u0259tirib:<\/p>\n<p>&#8220;1994-c\u00fc ild\u0259 atam bu torpaqlarda itkin d\u00fc\u015f\u00fcb. Tank\u00e7\u0131 olub. Biz \u015fu\u015fal\u0131y\u0131q. \u015eu\u015faya d\u0259f\u0259l\u0259rl\u0259 getmi\u015f\u0259m. Amma A\u011fdam, Xocal\u0131 &#8211; bu \u0259razil\u0259rd\u0259 ilk d\u0259f\u0259dir oluram v\u0259 buran\u0131n auras\u0131 \u00e7ox ba\u015fqad\u0131r. Bura tamamil\u0259 f\u0259rqlidir. \u00dcmumiyy\u0259tl\u0259, Erm\u0259nistandan yox, biz bunu b\u00fct\u00fcn d\u00fcnyadan t\u0259l\u0259b edirik ki, bizim s\u0259simiz\u0259 s\u0259s versinl\u0259r. D\u00fczd\u00fcr, bu yax\u0131nlarda bir konfrans ke\u00e7irildi. Prezidentimiz d\u0259 bizim s\u0259simiz\u0259 s\u0259s verdi. Erm\u0259nistan bizim s\u0259simizi e\u015fitm\u0259lidir v\u0259 bizim itkinl\u0259rin m\u0259lumatlar\u0131n\u0131, onlar\u0131n b\u0259lli yerl\u0259rini dem\u0259lidir&#8221;.<\/p>\n<p>Qeyd ed\u0259k ki, Birinci Qaraba\u011f m\u00fcharib\u0259sind\u0259 do\u011fmalar\u0131 itkin d\u00fc\u015fm\u00fc\u015f v\u0259 h\u0259l\u0259 d\u0259 onlar\u0131n talel\u0259ri bar\u0259d\u0259 he\u00e7 bir m\u0259lumat\u0131 olmayan bir qrup \u015f\u0259xsin i\u015f\u011faldan azad olunmu\u015f \u0259razil\u0259r\u0259 s\u0259f\u0259ri t\u0259\u015fkil edilib. 40 n\u0259f\u0259rlik hey\u0259t A\u011fdam v\u0259 Xocal\u0131 \u015e\u0259hidl\u0259r xiyaban\u0131n\u0131, Xank\u0259ndi v\u0259 \u015eu\u015fa \u015f\u0259h\u0259rl\u0259rini ziyar\u0259t edibl\u0259r.<\/p>\n","protected":false},"excerpt":{"rendered":"<p>Erm\u0259nistandan yox, biz bunu b\u00fct\u00fcn d\u00fcnyadan t\u0259l\u0259b edirik ki, bizim s\u0259simiz\u0259 s\u0259s versinl\u0259r. Bunu \u0259sl\u0259n \u015eu\u015fa \u015f\u0259h\u0259rind\u0259n olan Leyla Tofiqq\u0131z\u0131 Birinci Qaraba\u011f m\u00fcharib\u0259sind\u0259 do\u011fmalar\u0131 itkin d\u00fc\u015fm\u00fc\u015f \u015f\u0259xsl\u0259rin Qaraba\u011fa s\u0259f\u0259ri zaman\u0131 Trend-\u0259 a\u00e7\u0131qlamas\u0131nda deyib. O, s\u0259f\u0259rin \u0259h\u0259miyy\u0259tini x\u00fcsusi qeyd etdikd\u0259n sonra o \u00f6z atas\u0131 il\u0259 ba\u011fl\u0131 m\u0259lumatlar\u0131 v\u0259 t\u0259l\u0259bl\u0259rini dil\u0259 g\u0259tirib: &#8220;1994-c\u00fc ild\u0259 atam bu torpaqlarda itkin d\u00fc\u015f\u00fcb. Tank\u00e7\u0131 olub. Biz \u015fu\u015fal\u0131y\u0131q. \u015eu\u015faya d\u0259f\u0259l\u0259rl\u0259 getmi\u015f\u0259m. Amma A\u011fdam, Xocal\u0131 &#8211; bu \u0259razil\u0259rd\u0259 ilk d\u0259f\u0259dir oluram v\u0259 buran\u0131n auras\u0131 \u00e7ox ba\u015fqad\u0131r. Bura tamamil\u0259 f\u0259rqlidir. \u00dcmumiyy\u0259tl\u0259, Erm\u0259nistandan yox, biz bunu b\u00fct\u00fcn d\u00fcnyadan t\u0259l\u0259b edirik&hellip;<\/p>\n","protected":false},"author":2,"featured_media":761889,"comment_status":"closed","ping_status":"closed","sticky":false,"template":"","format":"standard","meta":{"om_disable_all_campaigns":false,"_monsterinsights_skip_tracking":false,"_monsterinsights_sitenote_active":false,"_monsterinsights_sitenote_note":"","_monsterinsights_sitenote_category":0},"categories":[19],"tags":[],"aioseo_notices":[],"gutentor_comment":0,"rttpg_featured_image_url":{"full":["https:\/\/arantv.az\/wp-content\/uploads\/2024\/10\/0b633e354d9aa90f32fb850f446c9388.jpg",870,500,false],"landscape":["https:\/\/arantv.az\/wp-content\/uploads\/2024\/10\/0b633e354d9aa90f32fb850f446c9388.jpg",870,500,false],"portraits":["https:\/\/arantv.az\/wp-content\/uploads\/2024\/10\/0b633e354d9aa90f32fb850f446c9388.jpg",870,500,false],"thumbnail":["https:\/\/arantv.az\/wp-content\/uploads\/2024\/10\/0b633e354d9aa90f32fb850f446c9388-500x280.jpg",500,280,true],"medium":["https:\/\/arantv.az\/wp-content\/uploads\/2024\/10\/0b633e354d9aa90f32fb850f446c9388-635x365.jpg",635,365,true],"large":["https:\/\/arantv.az\/wp-content\/uploads\/2024\/10\/0b633e354d9aa90f32fb850f446c9388-840x483.jpg",640,368,true],"1536x1536":["https:\/\/arantv.az\/wp-content\/uploads\/2024\/10\/0b633e354d9aa90f32fb850f446c9388.jpg",870,500,false],"2048x2048":["https:\/\/arantv.az\/wp-content\/uploads\/2024\/10\/0b633e354d9aa90f32fb850f446c9388.jpg",870,500,false],"post-thumbnail":["https:\/\/arantv.az\/wp-content\/uploads\/2024\/10\/0b633e354d9aa90f32fb850f446c9388-240x172.jpg",240,172,true],"advps-thumb-one":["https:\/\/arantv.az\/wp-content\/uploads\/2024\/10\/0b633e354d9aa90f32fb850f446c9388.jpg",870,500,false]},"rttpg_author":{"display_name":"V\u00fcsal Rafiqo\u011flu","author_link":"https:\/\/arantv.az\/?author=2"},"rttpg_comment":0,"rttpg_category":"<a href=\"https:\/\/arantv.az\/?cat=19\" rel=\"category\">G\u00fcnd\u0259m<\/a>","rttpg_excerpt":"Erm\u0259nistandan yox, biz bunu b\u00fct\u00fcn d\u00fcnyadan t\u0259l\u0259b edirik ki, bizim s\u0259simiz\u0259 s\u0259s versinl\u0259r. Bunu \u0259sl\u0259n \u015eu\u015fa \u015f\u0259h\u0259rind\u0259n olan Leyla Tofiqq\u0131z\u0131 Birinci Qaraba\u011f m\u00fcharib\u0259sind\u0259 do\u011fmalar\u0131 itkin d\u00fc\u015fm\u00fc\u015f \u015f\u0259xsl\u0259rin Qaraba\u011fa s\u0259f\u0259ri zaman\u0131 Trend-\u0259 a\u00e7\u0131qlamas\u0131nda deyib. O, s\u0259f\u0259rin \u0259h\u0259miyy\u0259tini x\u00fcsusi qeyd etdikd\u0259n sonra o \u00f6z atas\u0131 il\u0259 ba\u011fl\u0131 m\u0259lumatlar\u0131 v\u0259 t\u0259l\u0259bl\u0259rini dil\u0259 g\u0259tirib: &#8220;1994-c\u00fc ild\u0259 atam bu torpaqlarda&hellip;","_links":{"self":[{"href":"https:\/\/arantv.az\/index.php?rest_route=\/wp\/v2\/posts\/761888"}],"collection":[{"href":"https:\/\/arantv.az\/index.php?rest_route=\/wp\/v2\/posts"}],"about":[{"href":"https:\/\/arantv.az\/index.php?rest_route=\/wp\/v2\/types\/post"}],"author":[{"embeddable":true,"href":"https:\/\/arantv.az\/index.php?rest_route=\/wp\/v2\/users\/2"}],"replies":[{"embeddable":true,"href":"https:\/\/arantv.az\/index.php?rest_route=%2Fwp%2Fv2%2Fcomments&post=761888"}],"version-history":[{"count":1,"href":"https:\/\/arantv.az\/index.php?rest_route=\/wp\/v2\/posts\/761888\/revisions"}],"predecessor-version":[{"id":761890,"href":"https:\/\/arantv.az\/index.php?rest_route=\/wp\/v2\/posts\/761888\/revisions\/761890"}],"wp:featuredmedia":[{"embeddable":true,"href":"https:\/\/arantv.az\/index.php?rest_route=\/wp\/v2\/media\/761889"}],"wp:attachment":[{"href":"https:\/\/arantv.az\/index.php?rest_route=%2Fwp%2Fv2%2Fmedia&parent=761888"}],"wp:term":[{"taxonomy":"category","embeddable":true,"href":"https:\/\/arantv.az\/index.php?rest_route=%2Fwp%2Fv2%2Fcategories&post=761888"},{"taxonomy":"post_tag","embeddable":true,"href":"https:\/\/arantv.az\/index.php?rest_route=%2Fwp%2Fv2%2Ftags&post=761888"}],"curies":[{"name":"wp","href":"https:\/\/api.w.org\/{rel}","templated":true}]}}