{"id":761988,"date":"2024-10-16T16:39:51","date_gmt":"2024-10-16T12:39:51","guid":{"rendered":"https:\/\/arantv.az\/?p=761988"},"modified":"2024-10-16T16:39:51","modified_gmt":"2024-10-16T12:39:51","slug":"kitabi-s%c9%99hv-yazilan-erm%c9%99nil%c9%99r-yolunu-azan-c%c9%99miyy%c9%99t","status":"publish","type":"post","link":"https:\/\/arantv.az\/?p=761988","title":{"rendered":"Kitab\u0131 s\u0259hv yaz\u0131lan erm\u0259nil\u0259r \u2013 yolunu azan c\u0259miyy\u0259t"},"content":{"rendered":"<div class=\"text-content\" data-id=\"\" data-url=\"\">\n<p><strong>Erm\u0259nil\u0259r\u0259 \u0259n b\u00f6y\u00fck pisliyi b\u00f6y\u00fckl\u0259ri, ideoloqlar\u0131 edib &#8211; Az\u0259rbaycan v\u0259 T\u00fcrkiy\u0259nin \u0259razil\u0259rind\u0259 guya \u201cB\u00f6y\u00fck Erm\u0259nistan\u201d yaradacaqlar\u0131na boyun olmaqlar\u0131 il\u0259. Onlar\u0131 bu i\u015f\u0259 s\u00f6vq ed\u0259n h\u0259m d\u0259 indi erm\u0259nil\u0259r\u0259 xaricd\u0259n d\u0259st\u0259k ver\u0259n b\u00f6y\u00fck g\u00fccl\u0259r v\u0259 lobbisidir. Y\u00fcz ild\u0259n art\u0131qd\u0131r bu etnik qrupu yalan v\u0259 saxta ideyalarla aldad\u0131blar. Saxta tarix d\u0259rslikl\u0259ri, d\u00fc\u015f\u00fcnc\u0259, yol onlar\u0131n reall\u0131q hissini itirm\u0259sin\u0259 s\u0259b\u0259b olub. Bel\u0259 t\u0259bli\u011fat bu etnik qrupa t\u00fcrkl\u0259r\u0259 (az\u0259rbaycanl\u0131lara) qar\u015f\u0131 x\u0259st\u0259lik d\u0259r\u0259c\u0259sind\u0259 nifr\u0259t hissi a\u015f\u0131lay\u0131b.<\/strong><\/p>\n<p>\u0130ndi d\u0259 bu yalanlar, saxtal\u0131qlarla dolu d\u00fcnyadan qopa bilmirl\u0259r. Ger\u00e7\u0259yi is\u0259 d\u00fc\u015fm\u0259nlik kimi q\u0259bul edirl\u0259r.<\/p>\n<p>He\u00e7 \u015f\u00fcbh\u0259siz, t\u0259hsil, maarif ist\u0259nil\u0259n etnosun, c\u0259miyy\u0259tin, insan\u0131n formala\u015fmas\u0131nda ba\u015fl\u0131ca rollardan birini oynay\u0131r. Erm\u0259nistanda ba\u015f ver\u0259n xo\u015fag\u0259lm\u0259z hadis\u0259l\u0259rin k\u00f6k\u00fcnd\u0259 bu amill\u0259rin durdu\u011fu istisna deyil. Kompaslar\u0131n\u0131n, d\u0259rslik kitablar\u0131n\u0131n c\u0259h\u0259tl\u0259ri yanl\u0131\u015f g\u00f6st\u0259rm\u0259si onlar\u0131n azmas\u0131 il\u0259 n\u0259tic\u0259l\u0259nib.<\/p>\n<p>Oktyabr\u0131n 15-d\u0259 Erm\u0259nistan\u0131n \u0130nzibati M\u0259hk\u0259m\u0259si T\u0259hsil, Elm, M\u0259d\u0259niyy\u0259t v\u0259 \u0130dman Nazirliyi t\u0259r\u0259find\u0259n q\u0259bul edilm\u0259y\u0259n VII sinfin \u201cErm\u0259ni xalq\u0131n\u0131n tarixi\u201d adl\u0131 d\u0259rslik kitab\u0131 il\u0259 ba\u011fl\u0131 q\u0259rar \u00e7\u0131xar\u0131b. Q\u0259rara \u0259sas\u0259n, d\u0259rslik \u0259vv\u0259lki qaydada t\u0259dris olunacaq. V\u0259kil Ara Zoqrabyan\u0131n s\u00f6zl\u0259rin\u0259 g\u00f6r\u0259, VII sinif \u00fc\u00e7\u00fcn \u201cErm\u0259ni xalq\u0131n\u0131n tarixi\u201d adl\u0131 iki kitab t\u0259qdim olunub. Onlardan birinin h\u0259mm\u00fc\u0259llifi A.Qukasyan v\u0259 A.Teryan, ikincinin m\u00fc\u0259llifi is\u0259 S.Ovannisyand\u0131r. T\u0259hsil Nazirliyi h\u0259r iki kitabdan istifad\u0259ni b\u0259y\u0259nib. Nazirlik birinci kitab\u0131 t\u0259krar ekspertizaya t\u0259qdim edib. M\u0259hk\u0259m\u0259 bu \u0259mri qanunsuz say\u0131b. Bu is\u0259 m\u0259kt\u0259bl\u0259rd\u0259 birinci kitab\u0131n t\u0259drisi dem\u0259kdir.<\/p>\n<div class=\"news-image\">\n<div class=\"image\"><img src=\"https:\/\/static.report.az\/photo\/24cf7b59-8838-37ca-92bf-1971c104f73d.jpg\" alt=\"\" \/><img loading=\"lazy\" src=\"https:\/\/cdn.musavat.com\/news\/thumbnails\/6f3543727e82b062bdff85cdd9cb1764.jpg\" alt=\"DEMEK.jpg (332 KB)\" width=\"700\" height=\"394\" \/><\/div>\n<\/div>\n<p>Bu, Erm\u0259nistan m\u0259kt\u0259bl\u0259ri, m\u00fc\u0259lliml\u0259ri il\u0259 Nikol Pa\u015finyan h\u00f6kum\u0259ti aras\u0131nda yeni ziddiyy\u0259tin, qar\u015f\u0131durman\u0131n yaranmas\u0131na yol a\u00e7a bil\u0259r. Bunun tama\u015fa, \u015fou olaca\u011f\u0131 da istisna olunmad\u0131\u011f\u0131ndan birm\u0259nal\u0131 \u015f\u0259kild\u0259 qar\u015f\u0131durma adland\u0131rmaq m\u0259qbul say\u0131lm\u0131r. Ehtimal etm\u0259k olar ki, Nikol Pa\u015finyan\u0131n \u201cErm\u0259nistan tarixi\u201d d\u0259rslik kitab\u0131 ideyas\u0131n\u0131n realla\u015fmamas\u0131 \u00f6lk\u0259d\u0259 guya yeni ideyan\u0131 c\u0259miyy\u0259tin q\u0259bul edilm\u0259m\u0259si, pl\u00fcralizm v\u0259 s. kimi m\u0259s\u0259l\u0259l\u0259rl\u0259 \u0259laq\u0259l\u0259ndirirl\u0259r. Ba\u015fqa s\u00f6zl\u0259, bu, dar macalda Pa\u015finyan\u0131n \u201cm\u0259n t\u0259klif el\u0259dim, c\u0259miyy\u0259t q\u0259bul etm\u0259di\u201d dem\u0259si \u00fc\u00e7\u00fcn bir oyunbazl\u0131\u011f\u0131d\u0131r.<\/p>\n<p>Ba\u015f nazirin \u201cd\u0259rsliyind\u0259\u201d hans\u0131 m\u0259s\u0259l\u0259l\u0259r \u00e7\u0131xar\u0131l\u0131b? Bu kitab\u0131n ad\u0131 \u201cErm\u0259nistan tarixi\u201d, y\u0259ni d\u00f6vl\u0259tin tarixi kimi t\u0259klif edilib. Pa\u015finyan iddia edir ki, art\u0131q onlar\u0131n d\u00f6vl\u0259ti var v\u0259 onun yaranma tarixi t\u0259dris edilm\u0259lidir. Qar\u015f\u0131 t\u0259r\u0259f, y\u0259ni m\u00f6vcud kitab\u0131n t\u0259r\u0259fdarlar\u0131 iddia edir ki, \u201cErm\u0259ni xalq\u0131n\u0131n tarixi\u201d el\u0259 d\u00f6vl\u0259tin tarixi d\u0259 dem\u0259kdir.<\/p>\n<p><strong>Yeni kitabda \u201cB\u00f6y\u00fck Erm\u0259nistan\u201d \u201cideyas\u0131\u201d, Az\u0259rbaycan v\u0259 T\u00fcrkiy\u0259 \u0259razil\u0259rinin bir hiss\u0259sinin Erm\u0259nistan torpaqlar\u0131 say\u0131lmas\u0131 \u00f6z \u0259ksini tapmay\u0131b.<\/strong><\/p>\n<div class=\"news-image\">\n<div class=\"image\"><img src=\"https:\/\/static.report.az\/photo\/e6cdef3f-74ee-33cd-95d3-f04d2109710a.jpeg\" alt=\"\" \/><img loading=\"lazy\" src=\"https:\/\/cdn.musavat.com\/news\/thumbnails\/466f896156e8cb5d3c03cb8b44d86405.jpg\" alt=\"N\u0130KOL EN SON.jpg (73 KB)\" width=\"700\" height=\"436\" \/><\/div>\n<\/div>\n<p>\u0130ndi t\u0259dris olunan d\u0259rslikd\u0259 T\u00fcrkiy\u0259 \u0259razisind\u0259ki A\u011fr\u0131 da\u011f\u0131 Erm\u0259nistan torpa\u011f\u0131 \u201cArarat\u201d kimi t\u0259qdim olunub. Bu m\u0259s\u0259l\u0259y\u0259 h\u0259l\u0259 \u00f6t\u0259n il Nikol Pa\u015finyan ayd\u0131nl\u0131q g\u0259tir\u0259r\u0259k bildirmi\u015fdi ki, A\u011fr\u0131 da\u011f\u0131 T\u00fcrkiy\u0259nin beyn\u0259lxalq s\u0259viyy\u0259d\u0259 tan\u0131nm\u0131\u015f \u0259razisind\u0259dir. O, \u00f6lk\u0259sind\u0259 \u0259n h\u00fcnd\u00fcr da\u011f\u0131n A\u011fr\u0131 da\u011f\u0131 (Ararat) deyil, Araqats oldu\u011funu s\u00f6yl\u0259yib: \u201cArarat v\u0259 Araqatsdan s\u00f6z d\u00fc\u015fm\u00fc\u015fk\u0259n, m\u0259n Erm\u0259nistan\u0131n suveren \u0259razisi olan v\u0259 ya olmayan \u0259razil\u0259rd\u0259n dan\u0131\u015f\u0131ram. Araqat Erm\u0259nistanda, A\u011fr\u0131 da\u011f\u0131 is\u0259 T\u00fcrkiy\u0259d\u0259dir. T\u00fcrkiy\u0259 il\u0259 bizim d\u0259qiq m\u00fc\u0259yy\u0259n edilmi\u015f s\u0259rh\u0259dimiz var. Pisdir, yoxsa yax\u015f\u0131d\u0131r? \u018flb\u0259tt\u0259 yax\u015f\u0131d\u0131r\u201d. Bu m\u0259s\u0259l\u0259y\u0259 T\u00fcrkiy\u0259d\u0259n d\u0259 baxma\u011f\u0131 t\u0259klif ed\u0259r\u0259k demi\u015fdi: \u201cErm\u0259nistanda u\u015faqlar bunu nec\u0259 bilirl\u0259r?\u201d<\/p>\n<p>Pa\u015finyan bunu h\u00f6kum\u0259tin t\u0259hsil siyas\u0259tinin n\u0259tic\u0259si kimi qiym\u0259tl\u0259ndirib: \u201cU\u015faqlar Erm\u0259nistan\u0131n \u0259n y\u00fcks\u0259k da\u011f\u0131n\u0131 Araqats yox, Ararat adland\u0131r\u0131rlarsa, bu, Erm\u0259nistan\u0131n T\u00fcrkiy\u0259y\u0259 qar\u015f\u0131 \u0259razi iddialar\u0131 olmas\u0131 dem\u0259kdir\u201d.<\/p>\n<p><strong>O qeyd edib ki, bel\u0259 halda T\u00fcrkiy\u0259 Erm\u0259nistan\u0131n inki\u015faf\u0131na k\u00f6m\u0259k etm\u0259z v\u0259 onu m\u0259hv etm\u0259k \u00fc\u00e7\u00fcn h\u0259r \u015feyi ed\u0259r: \u201c\u0130ndi is\u0259 sual verir\u0259m: Erm\u0259nistanda \u0259n y\u00fcks\u0259k da\u011f hans\u0131d\u0131r? Cavab: Araqats\u201d.<\/strong><\/p>\n<div class=\"news-image\">\n<div class=\"image\"><img loading=\"lazy\" src=\"https:\/\/cdn.musavat.com\/news\/thumbnails\/2b5f49f3366236100eb81efa9a51b741.jpg\" alt=\"ARAQAT.jpg (178 KB)\" width=\"700\" height=\"378\" \/><img src=\"https:\/\/static.report.az\/photo\/b21dab00-a420-321c-9267-9af7710612fc.jpg\" alt=\"\" \/><\/div>\n<\/div>\n<p><strong>H\u0259min kitabda \u201cQ\u0259rbi Erm\u0259nistan\u201d adlanan \u0259razid\u0259 saxta erm\u0259ni kils\u0259l\u0259ri d\u0259 t\u0259dris olunmur.<\/strong><\/p>\n<p>Yanl\u0131\u015f t\u0259dris v\u0259saiti, t\u0259dris \u00f6z\u00fcn\u0259 ox\u015far n\u0259tic\u0259l\u0259r t\u00f6r\u0259dib. Erm\u0259nistan\u0131n yard\u0131m\u00e7\u0131 atributlar\u0131 \u2013 himni v\u0259 gerbind\u0259 d\u0259 i\u015f\u011fal\u00e7\u0131l\u0131q, ba\u015fqa d\u00f6vl\u0259tl\u0259rin \u0259razisin\u0259 iddia \u00f6z \u0259ksini tap\u0131b.<\/p>\n<p>\u00d6lk\u0259 r\u0259smil\u0259ri bunlar\u0131n da d\u0259yi\u015fdiril\u0259c\u0259yinin anonsunu veribl\u0259r. 2027-ci ild\u0259n sonra yeni konstitusiyan\u0131n yaz\u0131laca\u011f\u0131 bar\u0259d\u0259 d\u0259 a\u00e7\u0131qlama verilib.<\/p>\n<p>Ancaq b\u00fct\u00fcn bunlar s\u00f6zd\u0259dir. Onlar\u0131n aras\u0131nda realla\u015fan t\u0259kc\u0259 \u201cErm\u0259nistan tarixi\u201d kitab\u0131 idi, \u0130nzibati m\u0259hk\u0259m\u0259nin q\u0259rar\u0131 il\u0259 onun da t\u0259drisi dayand\u0131r\u0131ld\u0131.<\/p>\n<p>\u00d6t\u0259n g\u00fcn Erm\u0259nistan parlamentinin s\u0259dri Alen Simonyan Parlamentl\u0259raras\u0131 \u0130ttifaq\u0131n 149-cu assambleyas\u0131nda \u00e7\u0131x\u0131\u015f\u0131 zaman\u0131 bildirib ki, Az\u0259rbaycanla s\u00fclh sazi\u015fi il\u0259 ba\u011fl\u0131 tam 16 b\u0259nd \u00fczr\u0259 raz\u0131l\u0131q \u0259ld\u0259 edilib.<\/p>\n<div class=\"news-image\">\n<div class=\"image\"><img src=\"https:\/\/static.report.az\/photo\/923d5187-2968-392c-b66e-864e643b5a50.png\" alt=\"\" \/><img loading=\"lazy\" src=\"https:\/\/cdn.musavat.com\/news\/thumbnails\/f5e359058a4b6de08eb38e5882bce36d.jpg\" alt=\"ALEN.jpg (63 KB)\" width=\"700\" height=\"436\" \/><\/div>\n<\/div>\n<p>Yeri g\u0259lmi\u015fk\u0259n, bu g\u00fcnl\u0259rd\u0259 Erm\u0259nistan\u0131n Konstitusiya M\u0259hk\u0259m\u0259si s\u0259rh\u0259dl\u0259rin m\u00fc\u0259yy\u0259nl\u0259\u015fm\u0259sin\u0259 dair Az\u0259rbaycanla yarad\u0131lan birg\u0259 i\u015f\u00e7i qrupunun reqlamentini t\u0259sdiql\u0259yib. Ancaq \u00f6lk\u0259d\u0259 buna qar\u015f\u0131 \u00e7\u0131xanlar az deyil. Onlar iddia edirl\u0259r ki, m\u0259hk\u0259m\u0259 konstitusiyaya zidd q\u0259rar \u00e7\u0131xar\u0131b. \u00c7\u00fcnki m\u00fcst\u0259qillik haqq\u0131nda konstitusiya akt\u0131nda Az\u0259rbaycana qar\u015f\u0131 \u0259razi iddias\u0131 var. \u0130ki \u00f6lk\u0259 aras\u0131nda s\u0259rh\u0259dl\u0259rin m\u00fc\u0259yy\u0259nl\u0259\u015fm\u0259si is\u0259 bu s\u0259n\u0259d\u0259 ziddir.<\/p>\n<p>Odur ki, d\u0259rslik kitab\u0131ndan, himn\u0259, gerb\u0259, s\u00fclh sazi\u015fin\u0259, Erm\u0259nistan r\u0259hb\u0259rl\u0259rinin normalla\u015fma prosesi il\u0259 ba\u011fl\u0131 a\u00e7\u0131qlamalar\u0131 v\u0259 ba\u015fqa m\u0259s\u0259l\u0259l\u0259r konstitusiyaya ba\u011fl\u0131d\u0131r. Bel\u0259 ki, \u0259sas qanundan i\u015f\u011fal\u00e7\u0131l\u0131q, t\u0259cav\u00fczkarl\u0131q \u00e7\u0131xar\u0131larsa, o biri saxtakarl\u0131qlar da domino da\u015f\u0131 kimi s\u0131radan \u00e7\u0131xar. Bu, yeni Erm\u0259nistan\u0131n, dem\u0259li yeni erm\u0259ni etnik qrupunun yaranmas\u0131na \u0259sas olar. Odur ki, kitabla ba\u011fl\u0131 m\u0259s\u0259l\u0259 el\u0259 d\u0259 sad\u0259 problem deyil. Nikol Pa\u015finyan bu m\u0259s\u0259l\u0259d\u0259n bel\u0259 siyasi ist\u0259yi \u00fc\u00e7\u00fcn yararlanma\u011fa s\u0259y g\u00f6st\u0259rir. T\u0259\u0259ss\u00fcf ki, erm\u0259nil\u0259rin kitab\u0131 s\u0259hv yaz\u0131l\u0131b. Pa\u015finyan \u00f6z\u00fc d\u0259 bu s\u0259hv tarixi oxuyanlardand\u0131r. B\u00f6y\u00fckl\u0259ri v\u0259 havadarlar\u0131 onlar\u0131 azd\u0131r\u0131b. Kitab\u0131 s\u0259hv, \u0259sas qanunu i\u015f\u011fal\u00e7\u0131 olan c\u0259miyy\u0259t yolsuz qal\u0131b.<\/p>\n<p><img loading=\"lazy\" src=\"https:\/\/cdn.musavat.com\/news\/thumbnails\/6c9d8fce8eab6e4a74cb05c425cc82f1.jpg\" alt=\"YOLSUZ.jpg (56 KB)\" width=\"433\" height=\"600\" \/><\/p>\n<p><strong>S\u0259dr\u0259ddin \u0130smay\u0131lov<\/strong><\/p>\n<\/div>\n<div><\/div>\n<div><\/div>\n<div class=\"inner-social-box\">\n<div class=\"subs-in-social subs-whatsapp\"><\/div>\n<\/div>\n","protected":false},"excerpt":{"rendered":"<p>Erm\u0259nil\u0259r\u0259 \u0259n b\u00f6y\u00fck pisliyi b\u00f6y\u00fckl\u0259ri, ideoloqlar\u0131 edib &#8211; Az\u0259rbaycan v\u0259 T\u00fcrkiy\u0259nin \u0259razil\u0259rind\u0259 guya \u201cB\u00f6y\u00fck Erm\u0259nistan\u201d yaradacaqlar\u0131na boyun olmaqlar\u0131 il\u0259. Onlar\u0131 bu i\u015f\u0259 s\u00f6vq ed\u0259n h\u0259m d\u0259 indi erm\u0259nil\u0259r\u0259 xaricd\u0259n d\u0259st\u0259k ver\u0259n b\u00f6y\u00fck g\u00fccl\u0259r v\u0259 lobbisidir. Y\u00fcz ild\u0259n art\u0131qd\u0131r bu etnik qrupu yalan v\u0259 saxta ideyalarla aldad\u0131blar. Saxta tarix d\u0259rslikl\u0259ri, d\u00fc\u015f\u00fcnc\u0259, yol onlar\u0131n reall\u0131q hissini itirm\u0259sin\u0259 s\u0259b\u0259b olub. Bel\u0259 t\u0259bli\u011fat bu etnik qrupa t\u00fcrkl\u0259r\u0259 (az\u0259rbaycanl\u0131lara) qar\u015f\u0131 x\u0259st\u0259lik d\u0259r\u0259c\u0259sind\u0259 nifr\u0259t hissi a\u015f\u0131lay\u0131b. \u0130ndi d\u0259 bu yalanlar, saxtal\u0131qlarla dolu d\u00fcnyadan qopa bilmirl\u0259r. Ger\u00e7\u0259yi is\u0259 d\u00fc\u015fm\u0259nlik kimi q\u0259bul edirl\u0259r. He\u00e7 \u015f\u00fcbh\u0259siz, t\u0259hsil, maarif ist\u0259nil\u0259n&hellip;<\/p>\n","protected":false},"author":2,"featured_media":761989,"comment_status":"closed","ping_status":"closed","sticky":false,"template":"","format":"standard","meta":{"om_disable_all_campaigns":false,"_monsterinsights_skip_tracking":false,"_monsterinsights_sitenote_active":false,"_monsterinsights_sitenote_note":"","_monsterinsights_sitenote_category":0},"categories":[1],"tags":[],"aioseo_notices":[],"gutentor_comment":0,"rttpg_featured_image_url":{"full":["https:\/\/arantv.az\/wp-content\/uploads\/2024\/10\/6cba0f41613c32c5f67c360fabbe071f.jpg",850,500,false],"landscape":["https:\/\/arantv.az\/wp-content\/uploads\/2024\/10\/6cba0f41613c32c5f67c360fabbe071f.jpg",850,500,false],"portraits":["https:\/\/arantv.az\/wp-content\/uploads\/2024\/10\/6cba0f41613c32c5f67c360fabbe071f.jpg",850,500,false],"thumbnail":["https:\/\/arantv.az\/wp-content\/uploads\/2024\/10\/6cba0f41613c32c5f67c360fabbe071f-500x280.jpg",500,280,true],"medium":["https:\/\/arantv.az\/wp-content\/uploads\/2024\/10\/6cba0f41613c32c5f67c360fabbe071f-621x365.jpg",621,365,true],"large":["https:\/\/arantv.az\/wp-content\/uploads\/2024\/10\/6cba0f41613c32c5f67c360fabbe071f-840x494.jpg",640,376,true],"1536x1536":["https:\/\/arantv.az\/wp-content\/uploads\/2024\/10\/6cba0f41613c32c5f67c360fabbe071f.jpg",850,500,false],"2048x2048":["https:\/\/arantv.az\/wp-content\/uploads\/2024\/10\/6cba0f41613c32c5f67c360fabbe071f.jpg",850,500,false],"post-thumbnail":["https:\/\/arantv.az\/wp-content\/uploads\/2024\/10\/6cba0f41613c32c5f67c360fabbe071f-240x172.jpg",240,172,true],"advps-thumb-one":["https:\/\/arantv.az\/wp-content\/uploads\/2024\/10\/6cba0f41613c32c5f67c360fabbe071f.jpg",850,500,false]},"rttpg_author":{"display_name":"V\u00fcsal Rafiqo\u011flu","author_link":"https:\/\/arantv.az\/?author=2"},"rttpg_comment":0,"rttpg_category":"<a href=\"https:\/\/arantv.az\/?cat=1\" rel=\"category\">C\u0259miyy\u0259t<\/a>","rttpg_excerpt":"Erm\u0259nil\u0259r\u0259 \u0259n b\u00f6y\u00fck pisliyi b\u00f6y\u00fckl\u0259ri, ideoloqlar\u0131 edib &#8211; Az\u0259rbaycan v\u0259 T\u00fcrkiy\u0259nin \u0259razil\u0259rind\u0259 guya \u201cB\u00f6y\u00fck Erm\u0259nistan\u201d yaradacaqlar\u0131na boyun olmaqlar\u0131 il\u0259. Onlar\u0131 bu i\u015f\u0259 s\u00f6vq ed\u0259n h\u0259m d\u0259 indi erm\u0259nil\u0259r\u0259 xaricd\u0259n d\u0259st\u0259k ver\u0259n b\u00f6y\u00fck g\u00fccl\u0259r v\u0259 lobbisidir. Y\u00fcz ild\u0259n art\u0131qd\u0131r bu etnik qrupu yalan v\u0259 saxta ideyalarla aldad\u0131blar. Saxta tarix d\u0259rslikl\u0259ri, d\u00fc\u015f\u00fcnc\u0259, yol onlar\u0131n reall\u0131q hissini itirm\u0259sin\u0259&hellip;","_links":{"self":[{"href":"https:\/\/arantv.az\/index.php?rest_route=\/wp\/v2\/posts\/761988"}],"collection":[{"href":"https:\/\/arantv.az\/index.php?rest_route=\/wp\/v2\/posts"}],"about":[{"href":"https:\/\/arantv.az\/index.php?rest_route=\/wp\/v2\/types\/post"}],"author":[{"embeddable":true,"href":"https:\/\/arantv.az\/index.php?rest_route=\/wp\/v2\/users\/2"}],"replies":[{"embeddable":true,"href":"https:\/\/arantv.az\/index.php?rest_route=%2Fwp%2Fv2%2Fcomments&post=761988"}],"version-history":[{"count":1,"href":"https:\/\/arantv.az\/index.php?rest_route=\/wp\/v2\/posts\/761988\/revisions"}],"predecessor-version":[{"id":761990,"href":"https:\/\/arantv.az\/index.php?rest_route=\/wp\/v2\/posts\/761988\/revisions\/761990"}],"wp:featuredmedia":[{"embeddable":true,"href":"https:\/\/arantv.az\/index.php?rest_route=\/wp\/v2\/media\/761989"}],"wp:attachment":[{"href":"https:\/\/arantv.az\/index.php?rest_route=%2Fwp%2Fv2%2Fmedia&parent=761988"}],"wp:term":[{"taxonomy":"category","embeddable":true,"href":"https:\/\/arantv.az\/index.php?rest_route=%2Fwp%2Fv2%2Fcategories&post=761988"},{"taxonomy":"post_tag","embeddable":true,"href":"https:\/\/arantv.az\/index.php?rest_route=%2Fwp%2Fv2%2Ftags&post=761988"}],"curies":[{"name":"wp","href":"https:\/\/api.w.org\/{rel}","templated":true}]}}