{"id":762058,"date":"2024-10-17T09:30:09","date_gmt":"2024-10-17T05:30:09","guid":{"rendered":"https:\/\/arantv.az\/?p=762058"},"modified":"2024-10-17T09:30:09","modified_gmt":"2024-10-17T05:30:09","slug":"qarabagda-elektromobil-v%c9%99-sarj-cihazlari-istehsali-mumkundurmu-f%c9%99rqli-r%c9%99yl%c9%99r","status":"publish","type":"post","link":"https:\/\/arantv.az\/?p=762058","title":{"rendered":"Qaraba\u011fda elektromobil v\u0259 \u015farj cihazlar\u0131 istehsal\u0131 m\u00fcmk\u00fcnd\u00fcrm\u00fc &#8211; f\u0259rqli r\u0259yl\u0259r"},"content":{"rendered":"<p><strong>Elektrik m\u00fch\u0259rriki il\u0259 i\u015fl\u0259y\u0259n avtomobill\u0259r \u00fc\u00e7\u00fcn ikinci v\u0259 \u00fc\u00e7\u00fcnc\u00fc s\u0259viyy\u0259 elektrik enerji doldurucular\u0131n\u0131n idxal\u0131 v\u0259 sat\u0131\u015f\u0131n\u0131n \u0259lav\u0259 d\u0259y\u0259r vergisind\u0259n (\u018fDV) azadolma m\u00fcdd\u0259ti daha 2 il uzad\u0131l\u0131b.<\/strong><\/p>\n<p>Bu, Prezident \u0130lham \u018fliyevin t\u0259sdiql\u0259diyi Vergi M\u0259c\u0259ll\u0259sin\u0259 d\u0259yi\u015fiklikd\u0259 \u0259ks olunub.<\/p>\n<p>\u0130ndiy\u0259 q\u0259d\u0259r q\u00fcvv\u0259d\u0259 olan qanuna \u0259sas\u0259n, elektrik m\u00fch\u0259rriki il\u0259 i\u015fl\u0259y\u0259n avtomobill\u0259r \u00fc\u00e7\u00fcn ikinci v\u0259 \u00fc\u00e7\u00fcnc\u00fc s\u0259viyy\u0259 elektrik enerji doldurucular\u0131n\u0131n idxal\u0131 v\u0259 sat\u0131\u015f\u0131 2022-ci il yanvar\u0131n 1-d\u0259n 3 il m\u00fcdd\u0259tin\u0259, y\u0259ni 2025-ci il yanvar\u0131n 1-d\u0259k \u018fDV-d\u0259n azad idi.<\/p>\n<p>D\u0259yi\u015fikliy\u0259 \u0259sas\u0259n, elektrik m\u00fch\u0259rriki il\u0259 i\u015fl\u0259y\u0259n avtomobill\u0259r \u00fc\u00e7\u00fcn ikinci v\u0259 \u00fc\u00e7\u00fcnc\u00fc s\u0259viyy\u0259 elektrik enerji doldurucular\u0131n\u0131n idxal\u0131 v\u0259 sat\u0131\u015f\u0131n\u0131n \u018fDV-d\u0259n azad edilm\u0259si m\u00fcdd\u0259ti daha 2 il m\u00fcdd\u0259tin\u0259 uzad\u0131l\u0131b.<\/p>\n<p>M\u00fcasir d\u00fcnyan\u0131n trendl\u0259rind\u0259n biri d\u0259 elektromobill\u0259r v\u0259 onlar\u0131n \u015farj cihazlar\u0131n\u0131n k\u00fctl\u0259vi \u015f\u0259kild\u0259 sat\u0131\u015f\u0131d\u0131r.<\/p>\n<p><strong>Elektromobil istehsal\u0131 m\u00fch\u0259rrikli ma\u015f\u0131n istehsal\u0131ndan xeyli asand\u0131r. Qaraba\u011fda T\u00fcrkiy\u0259 v\u0259 ya dig\u0259r dost \u00f6lk\u0259l\u0259rd\u0259n biri il\u0259 elektromobil v\u0259 onun \u015farj cihazlar\u0131n\u0131n istehsal\u0131 m\u00fc\u0259ssis\u0259l\u0259rini qurmaq olarm\u0131?<\/strong><\/p>\n<p>Yeri g\u0259lmi\u015fk\u0259n, Beyn\u0259lxalq Enerji Agentliyinin (IEA) proqnozuna g\u00f6r\u0259, elektrik avtomobill\u0259rinin qlobal sat\u0131\u015flar\u0131 2024-c\u00fc ild\u0259 20 faizd\u0259n \u00e7ox artaraq 17 milyon \u0259d\u0259d\u0259 \u00e7ata bil\u0259r. Bu proqnoz IEA-n\u0131n illik s\u0259naye hesabat\u0131nda \u0259ksini tap\u0131b. Hesabatda deyilir ki, birinci r\u00fcbd\u0259 elektrik avtomobill\u0259rinin sat\u0131\u015flar\u0131 illik m\u00fcqayis\u0259d\u0259 t\u0259xmin\u0259n 25 faiz art\u0131b. 2024-c\u00fc ild\u0259 elektrik avtomobill\u0259rinin \u00fcmumi avtomobil sat\u0131\u015flar\u0131nda pay\u0131 t\u0259xmin\u0259n 20 faiz t\u0259\u015fkil ed\u0259c\u0259k v\u0259 2035-ci il\u0259 q\u0259d\u0259r \u00fc\u00e7d\u0259 ikiy\u0259 q\u0259d\u0259r arta bil\u0259r. \u00dcst\u0259lik, bu il \u00c7ind\u0259 art\u0131m 45 faiz\u0259, Avropada 25 faiz\u0259, AB\u015e-da 11 faiz\u0259 \u00e7ata bil\u0259r. Agentlik h\u0259m tam elektrik modell\u0259ri, h\u0259m d\u0259 hibridl\u0259ri elektrik avtomobill\u0259ri kimi t\u0259snif edir.<\/p>\n<p><strong>\u201cFinancial Times\u201d yaz\u0131r ki, avtomobil istehsal\u00e7\u0131lar\u0131n\u0131n \u00f6zl\u0259ri is\u0259 y\u00fcks\u0259k qiym\u0259tl\u0259r v\u0259 enerjidoldurma stansiyalar\u0131n\u0131n olmamas\u0131 s\u0259b\u0259bind\u0259n tam elektrikl\u0259 i\u015fl\u0259y\u0259n modell\u0259r\u0259 geni\u015f istehlak\u00e7\u0131 mara\u011f\u0131n\u0131n azalmas\u0131na i\u015far\u0259 edirl\u0259r.<\/strong><\/p>\n<p>\u00d6lk\u0259mizd\u0259 bir ne\u00e7\u0259 ildir ki, elektromobil istehsal\u0131 haqda m\u00fczakir\u0259l\u0259r apar\u0131l\u0131r, h\u0259tta bu sah\u0259d\u0259 d\u00fcnya avtomobil n\u0259h\u0259ngl\u0259rin\u0259 meydan oxuyan \u00c7in \u015firk\u0259tl\u0259ri il\u0259 dan\u0131\u015f\u0131qlar da apar\u0131l\u0131b. Bundan \u0259vv\u0259l, 2022-ci ilin yay\u0131nda \u201cCahan Holdinq\u201d Kommersiya \u015eirk\u0259tl\u0259r \u0130ttifaq\u0131n\u0131n prezidenti V\u00fcqar Abbasov v\u0259 \u00c7inin \u201cLifan\u201d \u015firk\u0259tinin ba\u015f icra\u00e7\u0131 direktoru Danfer Deng v\u0259 \u00c7in \u201cLifan\u201d \u015firk\u0259tinin Regional direktoru \u00c7an Kay\u0131n n\u00fcmay\u0259nd\u0259 hey\u0259ti aras\u0131nda g\u00f6r\u00fc\u015f ke\u00e7irib. Nax\u00e7\u0131van Avtomobil Zavodunda ilk elektrikli avtomobill\u0259r istehsal olunacaq&#8221; ba\u015fl\u0131\u011f\u0131 il\u0259 t\u0259qdim olunub.<\/p>\n<p>Bu ilin mart\u0131nda \u00c7inin CGTN telekanal\u0131na m\u00fcsahib\u0259sind\u0259 Az\u0259rbaycan Prezidentinin k\u00f6m\u0259k\u00e7isi &#8211; Prezident Administrasiyas\u0131n\u0131n Xarici siyas\u0259t m\u0259s\u0259l\u0259l\u0259ri \u015f\u00f6b\u0259sinin m\u00fcdiri Hikm\u0259t Hac\u0131yev \u00e7inli t\u0259r\u0259fda\u015flar\u0131n k\u00f6m\u0259yi il\u0259 Az\u0259rbaycanda b\u0259rpa olunan enerji sektoru \u00fc\u00e7\u00fcn istehsal m\u00fc\u0259ssis\u0259l\u0259rinin, \u00f6lk\u0259d\u0259 elektromobill\u0259rin istehsal\u0131 x\u0259ttinin yarad\u0131lmas\u0131 ehtimal\u0131ndan s\u00f6z a\u00e7\u0131b: \u201cBu g\u00fcn Bak\u0131n\u0131n k\u00fc\u00e7\u0259l\u0259rind\u0259 \u00c7inin elektromobill\u0259rini g\u00f6rm\u0259k olar. \u00dcmumiyy\u0259tl\u0259, \u00c7ind\u0259 avtomobil s\u0259nayesinin bu seqmenti yax\u015f\u0131 inki\u015faf edib\u201d.<\/p>\n<p>D\u00f6vl\u0259t Statistika Komit\u0259sinin m\u0259lumat\u0131na g\u00f6r\u0259, bu ilin yanvar-aprel aylar\u0131nda Az\u0259rbaycanda 254 \u0259d\u0259d (il \u0259rzind\u0259 75,2 % art\u0131b) y\u00fck avtomobili v\u0259 948 \u0259d\u0259d (-24,7 %) minik avtomobili istehsal edilib.<\/p>\n<p>12 ild\u0259n \u00e7oxdur ki, Az\u0259rbaycanda avtomobil istehsal\u0131na ba\u015flan\u0131l\u0131b. Nax\u00e7\u0131vanda \u201cLifan\u201d, \u201cFAW\u201d, \u201cChangan\u201d, Neft\u00e7ala zavodunda is\u0259 \u201cKhazar\u201d, \u201cAzSamand\u201d v\u0259 \u201cPeugeot\u201d markal\u0131 avtomobill\u0259r istehsal olunur. 2021-ci ild\u0259n Rusiyan\u0131n \u201cQAZ\u201d \u015firk\u0259tl\u0259r qrupu il\u0259 \u201cAz\u0259rma\u015f Park\u201d m\u0259hdud m\u0259suliyy\u0259tli c\u0259miyy\u0259ti (MMC) Hac\u0131qabul S\u0259naye M\u0259h\u0259ll\u0259sind\u0259 kommersiya v\u0259 x\u00fcsusi avtomobill\u0259rin birg\u0259 istehsal\u0131n\u0131 i\u015f\u0259 sal\u0131b.<\/p>\n<p>Bu arada, T\u00fcrkiy\u0259d\u0259 ilk elektromobil istehsal\u0131 zavodu 2022-ci ild\u0259n f\u0259aliyy\u0259t g\u00f6st\u0259rir. M\u00fc\u0259ssis\u0259nin istismara verilm\u0259si il\u0259 ba\u011fl\u0131 t\u0259nt\u0259n\u0259li m\u0259rasimd\u0259 T\u00fcrkiy\u0259 Prezidenti R\u0259c\u0259b Tayyib \u018frdo\u011fan i\u015ftirak etmi\u015fdi. TOGG avtomobill\u0259rinin dizayn\u0131 \u0130taliyan\u0131n \u201cPininfarina SpA\u201d \u015firk\u0259tinin m\u0259hsuludur.<\/p>\n<p><img src=\"https:\/\/demokrat.az\/cdn\/uploadedfiles\/custom\/2023\/2\/9\/1\/08c16baa-96cd-4e15-bda2-e3064e62fe23\/msh.jpg\" alt=\"Eld\u0259niz C\u0259f\u0259rov: 'Bak\u0131n\u0131n m\u0259rk\u0259zind\u0259 tramvaylar\u0131 b\u0259rpa etm\u0259k m\u00fcmk\u00fcn deyil'\" \/><\/p>\n<p><strong>Eld\u0259niz C\u0259f\u0259rov<\/strong><\/p>\n<p>N\u0259qliyyat \u00fczr\u0259 ekspert Eld\u0259niz C\u0259f\u0259rov m\u00f6vzu il\u0259 ba\u011fl\u0131 \u201cYeni M\u00fcsavat\u201dla fikirl\u0259rini b\u00f6l\u00fc\u015f\u00fcb: \u201cQarda\u015f T\u00fcrkiy\u0259 t\u0259cr\u00fcb\u0259sind\u0259n dey\u0259 bil\u0259rik ki, elektrik m\u00fch\u0259rrikli avtomobill\u0259rin istehsal\u0131 bizd\u0259 d\u0259 m\u00fcmk\u00fcnd\u00fcr. Az\u0259rbaycanda il \u0259rzind\u0259 c\u0259mi iki min daxili yanma m\u00fch\u0259rriki il\u0259 \u00e7al\u0131\u015fan avtomobil istehsal olunur. 2025-ci ild\u0259 yeni zavodun i\u015f\u0259 ba\u015flamas\u0131 il\u0259 bu say t\u0259qrib\u0259n 10 min olacaq. Yax\u0131n perspektivd\u0259 elektromobill\u0259rin istehsal\u0131 n\u0259z\u0259rd\u0259 tutula bil\u0259r. H\u0259m elektromobill\u0259rin istehsal\u0131, h\u0259m enerjidoldurma cihazlar\u0131n\u0131n istehsal\u0131 m\u00fcmk\u00fcnd\u00fcr. M\u0259s\u0259l\u0259 ondad\u0131r ki, g\u0259r\u0259k bizim \u00f6z \u00f6lk\u0259mizd\u0259 ilk olaraq elektromobill\u0259r \u00e7ox populyarla\u015fs\u0131nlar. Enerjidoldurma m\u0259nt\u0259q\u0259l\u0259rinin say\u0131 \u00e7oxals\u0131n ki, insanlar elektromobill\u0259r\u0259 \u00fcst\u00fcnl\u00fck versinl\u0259r. Elektromobill\u0259rin servis m\u0259rk\u0259zl\u0259ri t\u0259\u015fkil olunsun v\u0259 s. bu bir q\u0259d\u0259r vaxt aparacaq. Bizim \u00f6lk\u0259mizd\u0259 art\u0131q elektrik m\u00fch\u0259rrikli avtobuslar\u0131n istehsal\u0131, y\u0131\u011f\u0131lmas\u0131 prosesi ged\u0259c\u0259k. 2025-ci ild\u0259n \u00c7inin m\u0259\u015fhur &#8220;BYD&#8221; \u015firk\u0259ti var, Az\u0259rbaycana bir ne\u00e7\u0259 y\u00fcz avtobus ixrac ed\u0259c\u0259k. Bu ilin noyabr\u0131nda 160 \u0259d\u0259d avtobus g\u0259tiril\u0259c\u0259k. G\u0259l\u0259n ild\u0259n is\u0259 burada zavodun tikilm\u0259si n\u0259z\u0259rd\u0259 tutulur. Az\u0259rbaycanda elektrobuslar\u0131n istehsal\u0131 da n\u0259z\u0259rd\u0259 tutulur. \u018fg\u0259r bu proses gedirs\u0259, \u0259lb\u0259tt\u0259, Qaraba\u011fda elektrik m\u00fch\u0259rrikl\u0259ri, elektromobill\u0259rin d\u0259 istehsal\u0131, onlar\u0131n \u015farj avadanl\u0131qlar\u0131n\u0131n istehsal\u0131 m\u00fcmk\u00fcnd\u00fcr&#8221;.<\/p>\n<p><img src=\"https:\/\/32gun.az\/photos\/autocity\/1674572273.IMG-20230124-WA0037.jpg\" alt=\"T\u0259klif edir\u0259m ki, m\u0259kt\u0259bl\u0259r l\u0259\u011fv edilsin. \u00c7\u00fcnki...&quot; - El\u00e7in Bayraml\u0131 -  32gun.az\" \/><\/p>\n<p><strong>El\u00e7in Bayraml\u0131<\/strong><\/p>\n<p><strong>Sosioloq El\u00e7in Bayraml\u0131 is\u0259 hesab edir ki, elektromobill\u0259rin, elektrik avtobuslar\u0131n\u0131n istehsal\u0131 \u00e7ox baha ba\u015fa g\u0259lir v\u0259 \u0259traf m\u00fchit\u0259, insanlara xeyli z\u0259r\u0259ri var:<\/strong>\u00a0\u201cBu, istehsal deyil, sad\u0259c\u0259, y\u0131\u011f\u0131md\u0131r. Y\u0259ni elektrikli avtobuslar \u00f6lk\u0259mizd\u0259 istehsal olunmayacaq, yaln\u0131z y\u0131\u011f\u0131lacaq. Bu da \u00e7ox baha ba\u015fa g\u0259lir. Onlara xidm\u0259t, servis x\u0259rcl\u0259ri d\u0259 \u00e7ox bahad\u0131r. Elektrik m\u00fch\u0259rrikl\u0259rini \u00e7al\u0131\u015fd\u0131ran batareyalar da \u00e7ox bahad\u0131r. \u00dcst\u0259lik, bu batareyalar xarab olub tulland\u0131qda \u0259traf m\u00fchit\u0259 d\u0259 b\u00f6y\u00fck ziyan vurur.\u00a0 \u0130nsan sa\u011flaml\u0131\u011f\u0131na da ziyand\u0131r. Bir ne\u00e7\u0259 \u00f6lk\u0259d\u0259 v\u0259t\u0259nda\u015flar d\u0259ymi\u015f z\u0259r\u0259rin qar\u015f\u0131lanmas\u0131 &#8211; kompensasiya t\u0259l\u0259bi il\u0259 m\u0259hk\u0259m\u0259y\u0259 m\u00fcraci\u0259t edibl\u0259r. Elektrik avtobuslar\u0131n\u0131n ekologiyaya ilk d\u00f6vrd\u0259 m\u00fcsb\u0259t t\u0259siri ola bil\u0259r. Amma sonra bunun z\u0259r\u0259rli oldu\u011funu g\u00f6r\u0259c\u0259kl\u0259r. \u00dcmumiyy\u0259tl\u0259,\u00a0 d\u00fcnyada elektromobil eras\u0131 ba\u015flamam\u0131\u015f bitib. M\u0259lum olub ki, elektromobill\u0259r ekologiyaya daha \u00e7ox z\u0259r\u0259r vurur. Elektrik avtobuslar\u0131n ictimai n\u0259qliyyatda t\u0259l\u0259bat\u0131 \u00f6d\u0259m\u0259k imkan\u0131 olmayacaq, h\u0259m \u00e7ox baha ba\u015fa g\u0259lir. Batareyalar g\u00fccl\u00fc maqnit sah\u0259si yarad\u0131r, m\u0259nfi t\u0259r\u0259fl\u0259ri var, insan sa\u011flaml\u0131\u011f\u0131na ziyand\u0131r. Haz\u0131rda d\u00fcnyada hidrogenl\u0259 i\u015fl\u0259y\u0259n ma\u015f\u0131nlar\u0131n istehsal\u0131 prioritetdir. Bu avtomobill\u0259rin potensial\u0131 g\u00fccl\u00fcd\u00fcr. Elektromobill\u0259r\u0259 bu q\u0259d\u0259r v\u0259sait qoymaqdansa daha \u00e7ox s\u0259rni\u015fin da\u015f\u0131ya bil\u0259n, tutumu daha\u00a0 geni\u015f, s\u0259rf\u0259li n\u0259qliyyat vasit\u0259l\u0259ri &#8211;\u00a0 tramvay, trolleybus, elektrik qatarlar\u0131na \u00fcst\u00fcnl\u00fck verilm\u0259lidir. T\u0259\u0259ss\u00fcf ki, tramvay, trolleybuslar\u0131 ictimai n\u0259qliyyatdan \u00e7\u0131xard\u0131lar, bununla da \u00f6lk\u0259 iqtisadiyyat\u0131na v\u0259 n\u0259qliyyat sektoruna b\u00f6y\u00fck z\u0259r\u0259r vurdular\u201d.<\/p>\n<p><strong>Afaq M\u0130RAY\u0130Q,<\/strong><br \/>\n<strong>\u201cYeni M\u00fcsavat\u201d<\/strong><\/p>\n","protected":false},"excerpt":{"rendered":"<p>Elektrik m\u00fch\u0259rriki il\u0259 i\u015fl\u0259y\u0259n avtomobill\u0259r \u00fc\u00e7\u00fcn ikinci v\u0259 \u00fc\u00e7\u00fcnc\u00fc s\u0259viyy\u0259 elektrik enerji doldurucular\u0131n\u0131n idxal\u0131 v\u0259 sat\u0131\u015f\u0131n\u0131n \u0259lav\u0259 d\u0259y\u0259r vergisind\u0259n (\u018fDV) azadolma m\u00fcdd\u0259ti daha 2 il uzad\u0131l\u0131b. Bu, Prezident \u0130lham \u018fliyevin t\u0259sdiql\u0259diyi Vergi M\u0259c\u0259ll\u0259sin\u0259 d\u0259yi\u015fiklikd\u0259 \u0259ks olunub. \u0130ndiy\u0259 q\u0259d\u0259r q\u00fcvv\u0259d\u0259 olan qanuna \u0259sas\u0259n, elektrik m\u00fch\u0259rriki il\u0259 i\u015fl\u0259y\u0259n avtomobill\u0259r \u00fc\u00e7\u00fcn ikinci v\u0259 \u00fc\u00e7\u00fcnc\u00fc s\u0259viyy\u0259 elektrik enerji doldurucular\u0131n\u0131n idxal\u0131 v\u0259 sat\u0131\u015f\u0131 2022-ci il yanvar\u0131n 1-d\u0259n 3 il m\u00fcdd\u0259tin\u0259, y\u0259ni 2025-ci il yanvar\u0131n 1-d\u0259k \u018fDV-d\u0259n azad idi. D\u0259yi\u015fikliy\u0259 \u0259sas\u0259n, elektrik m\u00fch\u0259rriki il\u0259 i\u015fl\u0259y\u0259n avtomobill\u0259r \u00fc\u00e7\u00fcn ikinci v\u0259 \u00fc\u00e7\u00fcnc\u00fc s\u0259viyy\u0259 elektrik enerji doldurucular\u0131n\u0131n idxal\u0131 v\u0259&hellip;<\/p>\n","protected":false},"author":2,"featured_media":762059,"comment_status":"closed","ping_status":"closed","sticky":false,"template":"","format":"standard","meta":{"om_disable_all_campaigns":false,"_monsterinsights_skip_tracking":false,"_monsterinsights_sitenote_active":false,"_monsterinsights_sitenote_note":"","_monsterinsights_sitenote_category":0},"categories":[19],"tags":[],"aioseo_notices":[],"gutentor_comment":0,"rttpg_featured_image_url":{"full":["https:\/\/arantv.az\/wp-content\/uploads\/2024\/10\/b711205055cf1fd54a284e45079d3d88.jpg",870,500,false],"landscape":["https:\/\/arantv.az\/wp-content\/uploads\/2024\/10\/b711205055cf1fd54a284e45079d3d88.jpg",870,500,false],"portraits":["https:\/\/arantv.az\/wp-content\/uploads\/2024\/10\/b711205055cf1fd54a284e45079d3d88.jpg",870,500,false],"thumbnail":["https:\/\/arantv.az\/wp-content\/uploads\/2024\/10\/b711205055cf1fd54a284e45079d3d88-500x280.jpg",500,280,true],"medium":["https:\/\/arantv.az\/wp-content\/uploads\/2024\/10\/b711205055cf1fd54a284e45079d3d88-635x365.jpg",635,365,true],"large":["https:\/\/arantv.az\/wp-content\/uploads\/2024\/10\/b711205055cf1fd54a284e45079d3d88-840x483.jpg",640,368,true],"1536x1536":["https:\/\/arantv.az\/wp-content\/uploads\/2024\/10\/b711205055cf1fd54a284e45079d3d88.jpg",870,500,false],"2048x2048":["https:\/\/arantv.az\/wp-content\/uploads\/2024\/10\/b711205055cf1fd54a284e45079d3d88.jpg",870,500,false],"post-thumbnail":["https:\/\/arantv.az\/wp-content\/uploads\/2024\/10\/b711205055cf1fd54a284e45079d3d88-240x172.jpg",240,172,true],"advps-thumb-one":["https:\/\/arantv.az\/wp-content\/uploads\/2024\/10\/b711205055cf1fd54a284e45079d3d88.jpg",870,500,false]},"rttpg_author":{"display_name":"V\u00fcsal Rafiqo\u011flu","author_link":"https:\/\/arantv.az\/?author=2"},"rttpg_comment":0,"rttpg_category":"<a href=\"https:\/\/arantv.az\/?cat=19\" rel=\"category\">G\u00fcnd\u0259m<\/a>","rttpg_excerpt":"Elektrik m\u00fch\u0259rriki il\u0259 i\u015fl\u0259y\u0259n avtomobill\u0259r \u00fc\u00e7\u00fcn ikinci v\u0259 \u00fc\u00e7\u00fcnc\u00fc s\u0259viyy\u0259 elektrik enerji doldurucular\u0131n\u0131n idxal\u0131 v\u0259 sat\u0131\u015f\u0131n\u0131n \u0259lav\u0259 d\u0259y\u0259r vergisind\u0259n (\u018fDV) azadolma m\u00fcdd\u0259ti daha 2 il uzad\u0131l\u0131b. Bu, Prezident \u0130lham \u018fliyevin t\u0259sdiql\u0259diyi Vergi M\u0259c\u0259ll\u0259sin\u0259 d\u0259yi\u015fiklikd\u0259 \u0259ks olunub. \u0130ndiy\u0259 q\u0259d\u0259r q\u00fcvv\u0259d\u0259 olan qanuna \u0259sas\u0259n, elektrik m\u00fch\u0259rriki il\u0259 i\u015fl\u0259y\u0259n avtomobill\u0259r \u00fc\u00e7\u00fcn ikinci v\u0259 \u00fc\u00e7\u00fcnc\u00fc s\u0259viyy\u0259 elektrik enerji doldurucular\u0131n\u0131n&hellip;","_links":{"self":[{"href":"https:\/\/arantv.az\/index.php?rest_route=\/wp\/v2\/posts\/762058"}],"collection":[{"href":"https:\/\/arantv.az\/index.php?rest_route=\/wp\/v2\/posts"}],"about":[{"href":"https:\/\/arantv.az\/index.php?rest_route=\/wp\/v2\/types\/post"}],"author":[{"embeddable":true,"href":"https:\/\/arantv.az\/index.php?rest_route=\/wp\/v2\/users\/2"}],"replies":[{"embeddable":true,"href":"https:\/\/arantv.az\/index.php?rest_route=%2Fwp%2Fv2%2Fcomments&post=762058"}],"version-history":[{"count":1,"href":"https:\/\/arantv.az\/index.php?rest_route=\/wp\/v2\/posts\/762058\/revisions"}],"predecessor-version":[{"id":762060,"href":"https:\/\/arantv.az\/index.php?rest_route=\/wp\/v2\/posts\/762058\/revisions\/762060"}],"wp:featuredmedia":[{"embeddable":true,"href":"https:\/\/arantv.az\/index.php?rest_route=\/wp\/v2\/media\/762059"}],"wp:attachment":[{"href":"https:\/\/arantv.az\/index.php?rest_route=%2Fwp%2Fv2%2Fmedia&parent=762058"}],"wp:term":[{"taxonomy":"category","embeddable":true,"href":"https:\/\/arantv.az\/index.php?rest_route=%2Fwp%2Fv2%2Fcategories&post=762058"},{"taxonomy":"post_tag","embeddable":true,"href":"https:\/\/arantv.az\/index.php?rest_route=%2Fwp%2Fv2%2Ftags&post=762058"}],"curies":[{"name":"wp","href":"https:\/\/api.w.org\/{rel}","templated":true}]}}