{"id":762243,"date":"2024-10-17T13:25:19","date_gmt":"2024-10-17T09:25:19","guid":{"rendered":"https:\/\/arantv.az\/?p=762243"},"modified":"2024-10-17T13:25:19","modified_gmt":"2024-10-17T09:25:19","slug":"bu-t%c9%99skilat-ucun-t%c9%99hluk%c9%99sizlik-iqtisadiyyati-ust%c9%99l%c9%99yib-politoloqdan-ilginc-aciqlama","status":"publish","type":"post","link":"https:\/\/arantv.az\/?p=762243","title":{"rendered":"&#8220;Bu t\u0259\u015fkilat \u00fc\u00e7\u00fcn t\u0259hl\u00fck\u0259sizlik iqtisadiyyat\u0131 \u00fcst\u0259l\u0259yib&#8221; &#8211; Politoloqdan \u0130LG\u0130NC a\u00e7\u0131qlama"},"content":{"rendered":"<p><strong>D\u00f6rdt\u0259r\u0259fli alyans olan QUAD (AB\u015e, Avstraliya, Hindistan v\u0259 Yaponiya) bu ilin sentyabr\u0131nda AB\u015e-da ke\u00e7iril\u0259n zirv\u0259 toplant\u0131s\u0131nda t\u0259hl\u00fck\u0259sizlik ittifaq\u0131 kimi \u00e7\u0131x\u0131\u015f edib. Halbuki, bu toplant\u0131ya q\u0259d\u0259r QUAD daha \u00e7ox regional iqtisadi \u0259m\u0259kda\u015fl\u0131q format\u0131 kimi q\u0259bul edilirdi. Ancaq Hind-Sakit Okean b\u00f6lg\u0259sind\u0259 artan g\u0259rginlik, Tayvan adas\u0131 \u0259traf\u0131ndak\u0131 v\u0259ziyy\u0259t v\u0259 qlobal ticar\u0259t\u0259 t\u0259hl\u00fck\u0259nin yaranmas\u0131 t\u0259\u015fkilat\u0131 t\u0259hl\u00fck\u0259sizlik m\u0259s\u0259l\u0259l\u0259rin\u0259 daha \u00e7ox vaxt ay\u0131rma\u011fa m\u0259cbur edib. QUAD \u00fczvl\u0259ri birg\u0259 h\u0259rbi t\u0259liml\u0259r ke\u00e7irm\u0259y\u0259 ba\u015flay\u0131blar. QUAD t\u0259\u015fkilat\u0131n\u0131n n\u00f6b\u0259ti sammiti Hindistanda ke\u00e7iril\u0259c\u0259k.<\/strong><\/p>\n<p>Bu m\u0259lumat\u0131\u00a0<strong>Musavat.com<\/strong>-a a\u00e7\u0131qlamas\u0131nda politoloq Elxan \u015eahino\u011flu deyib.<\/p>\n<p><em><strong>Politoloqun ehtimal\u0131na g\u00f6r\u0259 noyabr ay\u0131nda AB\u015e-da prezident se\u00e7kisinin ke\u00e7iril\u0259c\u0259yini n\u0259z\u0259r\u0259 alaraq bu d\u00f6vl\u0259ti Hindistandak\u0131 sammitd\u0259 yeni lider t\u0259msil ed\u0259c\u0259k:<\/strong><\/em><\/p>\n<p><em><strong><img loading=\"lazy\" src=\"https:\/\/cdn.musavat.com\/news\/thumbnails\/c41aae462da27b6c3503a9ecab4bc78f.jpg\" alt=\"elxan\u015fahinoglu.jpg (26 KB)\" width=\"677\" height=\"403\" \/><\/strong><\/em><\/p>\n<p>&#8220;QUAD t\u0259\u015fkilat\u0131 AB\u015e-\u0131n haz\u0131rki prezidenti Co Baydenin r\u0259hb\u0259rliyi d\u00f6vr\u00fcnd\u0259 t\u0259sis edilib. D\u00f6rd t\u0259r\u0259fda\u015f\u0131n ilk sammiti 2021-ci ilin mart\u0131nda, Baydenin A\u011f Ev\u0259 g\u0259ldikd\u0259n d\u0259rhal sonra ke\u00e7irilib. Demokratlar Partiyas\u0131n\u0131n namiz\u0259di Kamala Harris AB\u015e-da g\u0259l\u0259n noyabrda ke\u00e7iril\u0259c\u0259k prezident se\u00e7kil\u0259rind\u0259 q\u0259l\u0259b\u0259 qazanarsa, Co Baydenin t\u0259qdim etdiyi siyas\u0259tin davam ed\u0259c\u0259yi ehtimal\u0131 var. Respublika\u00e7\u0131lar Partiyas\u0131n\u0131n namiz\u0259di Donald Tramp\u0131n qalib g\u0259l\u0259c\u0259yi t\u0259qdird\u0259 is\u0259 AB\u015e-\u0131n strategiyas\u0131nda d\u0259yi\u015fiklik olub-olmayaca\u011f\u0131na dair qeyri-m\u00fc\u0259yy\u0259nlik var. Donald Tramp\u0131n QUAD t\u0259\u015fkilat\u0131na \u0259h\u0259miyy\u0259t verib-verm\u0259diyin bilinmir. Onun bu t\u0259\u015fkilat bar\u0259d\u0259 a\u00e7\u0131qlamas\u0131 yoxdur&#8221;.<\/p>\n<p><em><strong>Politoloq qeyd edir ki, QUAD \u00e7\u0259r\u00e7iv\u0259sind\u0259 formala\u015fan i\u00e7\u015fi qruplar yeni texnologiyalar, kibert\u0259hl\u00fck\u0259sizlik, kosmos, d\u0259niz t\u0259hl\u00fck\u0259sizliyi, dezinformasiya il\u0259 m\u00fcbariz\u0259 il\u0259 ba\u011fl\u0131 proqramlar h\u0259yata ke\u00e7irm\u0259y\u0259 ba\u015flay\u0131blar:<\/strong><\/em><\/p>\n<p>&#8220;QUAD-a \u00fczv \u00f6lk\u0259l\u0259r aras\u0131nda d\u0259niz h\u00fcququ m\u00f6vzusunda dialoqu geni\u015fl\u0259nib. QUAD toplant\u0131lar\u0131nda b\u00f6lg\u0259 \u00fc\u00e7\u00fcn t\u0259hl\u00fck\u0259nin \u00fcnvan\u0131 g\u00f6st\u0259rilm\u0259s\u0259 d\u0259, s\u00f6hb\u0259tin \u00c7inin \u0259traf d\u0259nizl\u0259rd\u0259 v\u0259 Tayvan bo\u011faz\u0131 \u0259traf\u0131nda h\u0259rbi g\u00fcc\u00fcn\u00fc art\u0131rmas\u0131ndan getdiyi ayd\u0131nd\u0131r.<br \/>\nBu arada, AB\u015e, Hindistan, Avstraliya v\u0259 Yaponiya sahil m\u00fchafiz\u0259 xidm\u0259tl\u0259ri 2025-ci ild\u0259 d\u0259nizl\u0259rd\u0259 birg\u0259 m\u00fchafiz\u0259 xidm\u0259tini i\u015f\u0259 salma\u011f\u0131 planla\u015fd\u0131r\u0131blar. D\u0259nizl\u0259rd\u0259 t\u0259hl\u00fck\u0259sizliyin art\u0131r\u0131lmas\u0131 m\u0259qs\u0259dil\u0259 t\u0259sis edil\u0259n ortaq xidm\u0259t Hind-Sakit Okean b\u00f6lg\u0259sind\u0259 \u00fcz\u0259n ticar\u0259t g\u0259mil\u0259rinin t\u0259hl\u00fck\u0259sizliyin\u0259 d\u0259 diqq\u0259t yetir\u0259c\u0259k. Hind-Sakit Okean b\u00f6lg\u0259sind\u0259 t\u0259hl\u00fck\u0259sizliyin art\u0131r\u0131lmas\u0131 ASEAN \u00f6lk\u0259l\u0259ri \u00fc\u00e7\u00fcn d\u0259 \u0259h\u0259miyy\u0259tlidir. ASEAN t\u0259\u015fkilat\u0131n\u0131n Laosda ke\u00e7iril\u0259n son sammitind\u0259 t\u0259hl\u00fck\u0259sizlik m\u00f6vzular\u0131 \u0259trafl\u0131 m\u00fczakir\u0259 olunub&#8221;.<\/p>\n","protected":false},"excerpt":{"rendered":"<p>D\u00f6rdt\u0259r\u0259fli alyans olan QUAD (AB\u015e, Avstraliya, Hindistan v\u0259 Yaponiya) bu ilin sentyabr\u0131nda AB\u015e-da ke\u00e7iril\u0259n zirv\u0259 toplant\u0131s\u0131nda t\u0259hl\u00fck\u0259sizlik ittifaq\u0131 kimi \u00e7\u0131x\u0131\u015f edib. Halbuki, bu toplant\u0131ya q\u0259d\u0259r QUAD daha \u00e7ox regional iqtisadi \u0259m\u0259kda\u015fl\u0131q format\u0131 kimi q\u0259bul edilirdi. Ancaq Hind-Sakit Okean b\u00f6lg\u0259sind\u0259 artan g\u0259rginlik, Tayvan adas\u0131 \u0259traf\u0131ndak\u0131 v\u0259ziyy\u0259t v\u0259 qlobal ticar\u0259t\u0259 t\u0259hl\u00fck\u0259nin yaranmas\u0131 t\u0259\u015fkilat\u0131 t\u0259hl\u00fck\u0259sizlik m\u0259s\u0259l\u0259l\u0259rin\u0259 daha \u00e7ox vaxt ay\u0131rma\u011fa m\u0259cbur edib. QUAD \u00fczvl\u0259ri birg\u0259 h\u0259rbi t\u0259liml\u0259r ke\u00e7irm\u0259y\u0259 ba\u015flay\u0131blar. QUAD t\u0259\u015fkilat\u0131n\u0131n n\u00f6b\u0259ti sammiti Hindistanda ke\u00e7iril\u0259c\u0259k. Bu m\u0259lumat\u0131\u00a0Musavat.com-a a\u00e7\u0131qlamas\u0131nda politoloq Elxan \u015eahino\u011flu deyib. Politoloqun ehtimal\u0131na g\u00f6r\u0259 noyabr ay\u0131nda AB\u015e-da prezident se\u00e7kisinin ke\u00e7iril\u0259c\u0259yini n\u0259z\u0259r\u0259 alaraq&hellip;<\/p>\n","protected":false},"author":2,"featured_media":762244,"comment_status":"closed","ping_status":"closed","sticky":false,"template":"","format":"standard","meta":{"om_disable_all_campaigns":false,"_monsterinsights_skip_tracking":false,"_monsterinsights_sitenote_active":false,"_monsterinsights_sitenote_note":"","_monsterinsights_sitenote_category":0},"categories":[4],"tags":[],"aioseo_notices":[],"gutentor_comment":0,"rttpg_featured_image_url":{"full":["https:\/\/arantv.az\/wp-content\/uploads\/2024\/10\/26725671fe4d4cd4e1ef57d92df299e5.jpg",870,500,false],"landscape":["https:\/\/arantv.az\/wp-content\/uploads\/2024\/10\/26725671fe4d4cd4e1ef57d92df299e5.jpg",870,500,false],"portraits":["https:\/\/arantv.az\/wp-content\/uploads\/2024\/10\/26725671fe4d4cd4e1ef57d92df299e5.jpg",870,500,false],"thumbnail":["https:\/\/arantv.az\/wp-content\/uploads\/2024\/10\/26725671fe4d4cd4e1ef57d92df299e5-500x280.jpg",500,280,true],"medium":["https:\/\/arantv.az\/wp-content\/uploads\/2024\/10\/26725671fe4d4cd4e1ef57d92df299e5-635x365.jpg",635,365,true],"large":["https:\/\/arantv.az\/wp-content\/uploads\/2024\/10\/26725671fe4d4cd4e1ef57d92df299e5-840x483.jpg",640,368,true],"1536x1536":["https:\/\/arantv.az\/wp-content\/uploads\/2024\/10\/26725671fe4d4cd4e1ef57d92df299e5.jpg",870,500,false],"2048x2048":["https:\/\/arantv.az\/wp-content\/uploads\/2024\/10\/26725671fe4d4cd4e1ef57d92df299e5.jpg",870,500,false],"post-thumbnail":["https:\/\/arantv.az\/wp-content\/uploads\/2024\/10\/26725671fe4d4cd4e1ef57d92df299e5-240x172.jpg",240,172,true],"advps-thumb-one":["https:\/\/arantv.az\/wp-content\/uploads\/2024\/10\/26725671fe4d4cd4e1ef57d92df299e5.jpg",870,500,false]},"rttpg_author":{"display_name":"V\u00fcsal Rafiqo\u011flu","author_link":"https:\/\/arantv.az\/?author=2"},"rttpg_comment":0,"rttpg_category":"<a href=\"https:\/\/arantv.az\/?cat=4\" rel=\"category\">Siyas\u0259t<\/a>","rttpg_excerpt":"D\u00f6rdt\u0259r\u0259fli alyans olan QUAD (AB\u015e, Avstraliya, Hindistan v\u0259 Yaponiya) bu ilin sentyabr\u0131nda AB\u015e-da ke\u00e7iril\u0259n zirv\u0259 toplant\u0131s\u0131nda t\u0259hl\u00fck\u0259sizlik ittifaq\u0131 kimi \u00e7\u0131x\u0131\u015f edib. Halbuki, bu toplant\u0131ya q\u0259d\u0259r QUAD daha \u00e7ox regional iqtisadi \u0259m\u0259kda\u015fl\u0131q format\u0131 kimi q\u0259bul edilirdi. Ancaq Hind-Sakit Okean b\u00f6lg\u0259sind\u0259 artan g\u0259rginlik, Tayvan adas\u0131 \u0259traf\u0131ndak\u0131 v\u0259ziyy\u0259t v\u0259 qlobal ticar\u0259t\u0259 t\u0259hl\u00fck\u0259nin yaranmas\u0131 t\u0259\u015fkilat\u0131 t\u0259hl\u00fck\u0259sizlik m\u0259s\u0259l\u0259l\u0259rin\u0259 daha \u00e7ox&hellip;","_links":{"self":[{"href":"https:\/\/arantv.az\/index.php?rest_route=\/wp\/v2\/posts\/762243"}],"collection":[{"href":"https:\/\/arantv.az\/index.php?rest_route=\/wp\/v2\/posts"}],"about":[{"href":"https:\/\/arantv.az\/index.php?rest_route=\/wp\/v2\/types\/post"}],"author":[{"embeddable":true,"href":"https:\/\/arantv.az\/index.php?rest_route=\/wp\/v2\/users\/2"}],"replies":[{"embeddable":true,"href":"https:\/\/arantv.az\/index.php?rest_route=%2Fwp%2Fv2%2Fcomments&post=762243"}],"version-history":[{"count":1,"href":"https:\/\/arantv.az\/index.php?rest_route=\/wp\/v2\/posts\/762243\/revisions"}],"predecessor-version":[{"id":762245,"href":"https:\/\/arantv.az\/index.php?rest_route=\/wp\/v2\/posts\/762243\/revisions\/762245"}],"wp:featuredmedia":[{"embeddable":true,"href":"https:\/\/arantv.az\/index.php?rest_route=\/wp\/v2\/media\/762244"}],"wp:attachment":[{"href":"https:\/\/arantv.az\/index.php?rest_route=%2Fwp%2Fv2%2Fmedia&parent=762243"}],"wp:term":[{"taxonomy":"category","embeddable":true,"href":"https:\/\/arantv.az\/index.php?rest_route=%2Fwp%2Fv2%2Fcategories&post=762243"},{"taxonomy":"post_tag","embeddable":true,"href":"https:\/\/arantv.az\/index.php?rest_route=%2Fwp%2Fv2%2Ftags&post=762243"}],"curies":[{"name":"wp","href":"https:\/\/api.w.org\/{rel}","templated":true}]}}