{"id":762249,"date":"2024-10-17T13:27:37","date_gmt":"2024-10-17T09:27:37","guid":{"rendered":"https:\/\/arantv.az\/?p=762249"},"modified":"2024-10-17T13:27:37","modified_gmt":"2024-10-17T09:27:37","slug":"yeni-ild%c9%99n-pensiyalar-bu-q%c9%99d%c9%99r-artacaq","status":"publish","type":"post","link":"https:\/\/arantv.az\/?p=762249","title":{"rendered":"Yeni ild\u0259n pensiyalar bu q\u0259d\u0259r artacaq"},"content":{"rendered":"<p>\u00d6lk\u0259mizin d\u00f6vl\u0259t b\u00fcdc\u0259si h\u0259mi\u015f\u0259 sosialy\u00f6n\u00fcml\u00fc olmas\u0131 il\u0259 f\u0259rql\u0259nir. B\u00fcdc\u0259d\u0259 sosial m\u0259qs\u0259dl\u0259r \u00fc\u00e7\u00fcn ayr\u0131lan v\u0259saitl\u0259rin ild\u0259n-il\u0259 art\u0131r\u0131ld\u0131\u011f\u0131n\u0131n \u015fahidi oluruq.<br \/>\nAz\u0259rbaycan Prezidenti \u0130lham \u018fliyevin g\u00f6st\u0259ri\u015fin\u0259 uy\u011fun olaraq g\u0259l\u0259n ild\u0259n minimum pensiya yenid\u0259n art\u0131r\u0131lacaqd\u0131r.<\/p>\n<p>M\u00f6vzu il\u0259 ba\u011fl\u0131\u00a0<a title=\"xeberler son xeberler 2024\" href=\"https:\/\/big.az\/\" target=\"_blank\" rel=\"noopener\">BiG.AZ<\/a>-a a\u00e7\u0131qlama ver\u0259n iqtisad\u00e7\u0131-ekspert Natiq C\u0259f\u0259rli bildirib ki, \u00f6lk\u0259d\u0259 prezidentin tap\u015f\u0131r\u0131\u011f\u0131 il\u0259 \u018fm\u0259k v\u0259 \u018fhalinin Sosial M\u00fcdafi\u0259si Nazirliyi art\u0131q pensiyalar\u0131n art\u0131m\u0131yla ba\u011fl\u0131 s\u0259n\u0259dl\u0259r haz\u0131rlayaraq t\u0259qdim edib:<\/p>\n<div class=\"AdviadNativeVideo\"><\/div>\n<p><img class=\"imgbcode\" src=\"https:\/\/upload.az\/foto\/arxiv\/802.png\" alt=\"Yeni ild\u0259n pensiyalar bu q\u0259d\u0259r artacaq\" \/>&#8220;\u0130lk praqnozlarda da art\u0131m n\u0259z\u0259rd\u0259 tutulur. Haz\u0131rda bu m\u0259s\u0259l\u0259 Milli M\u0259clisin m\u00fczakir\u0259sind\u0259dir. Amma art\u0131m\u0131n s\u0259viyy\u0259si il\u0259 ba\u011fl\u0131 indid\u0259n n\u0259s\u0259 dem\u0259k m\u00fcmk\u00fcn deyil. \u00dcmumi b\u00fcdc\u0259 parametrl\u0259rin\u0259 baxd\u0131qda g\u00f6r\u00fcr\u00fck ki, t\u0259qrib\u0259n 8-10% h\u0259cmind\u0259 pensiyalar\u0131n art\u0131m\u0131 g\u00f6zl\u0259nilir&#8221;.<\/p>\n","protected":false},"excerpt":{"rendered":"<p>\u00d6lk\u0259mizin d\u00f6vl\u0259t b\u00fcdc\u0259si h\u0259mi\u015f\u0259 sosialy\u00f6n\u00fcml\u00fc olmas\u0131 il\u0259 f\u0259rql\u0259nir. B\u00fcdc\u0259d\u0259 sosial m\u0259qs\u0259dl\u0259r \u00fc\u00e7\u00fcn ayr\u0131lan v\u0259saitl\u0259rin ild\u0259n-il\u0259 art\u0131r\u0131ld\u0131\u011f\u0131n\u0131n \u015fahidi oluruq. Az\u0259rbaycan Prezidenti \u0130lham \u018fliyevin g\u00f6st\u0259ri\u015fin\u0259 uy\u011fun olaraq g\u0259l\u0259n ild\u0259n minimum pensiya yenid\u0259n art\u0131r\u0131lacaqd\u0131r. M\u00f6vzu il\u0259 ba\u011fl\u0131\u00a0BiG.AZ-a a\u00e7\u0131qlama ver\u0259n iqtisad\u00e7\u0131-ekspert Natiq C\u0259f\u0259rli bildirib ki, \u00f6lk\u0259d\u0259 prezidentin tap\u015f\u0131r\u0131\u011f\u0131 il\u0259 \u018fm\u0259k v\u0259 \u018fhalinin Sosial M\u00fcdafi\u0259si Nazirliyi art\u0131q pensiyalar\u0131n art\u0131m\u0131yla ba\u011fl\u0131 s\u0259n\u0259dl\u0259r haz\u0131rlayaraq t\u0259qdim edib: &#8220;\u0130lk praqnozlarda da art\u0131m n\u0259z\u0259rd\u0259 tutulur. Haz\u0131rda bu m\u0259s\u0259l\u0259 Milli M\u0259clisin m\u00fczakir\u0259sind\u0259dir. Amma art\u0131m\u0131n s\u0259viyy\u0259si il\u0259 ba\u011fl\u0131 indid\u0259n n\u0259s\u0259 dem\u0259k m\u00fcmk\u00fcn deyil. \u00dcmumi b\u00fcdc\u0259 parametrl\u0259rin\u0259 baxd\u0131qda g\u00f6r\u00fcr\u00fck ki, t\u0259qrib\u0259n 8-10% h\u0259cmind\u0259&hellip;<\/p>\n","protected":false},"author":2,"featured_media":762250,"comment_status":"closed","ping_status":"closed","sticky":false,"template":"","format":"standard","meta":{"om_disable_all_campaigns":false,"_monsterinsights_skip_tracking":false,"_monsterinsights_sitenote_active":false,"_monsterinsights_sitenote_note":"","_monsterinsights_sitenote_category":0},"categories":[1],"tags":[],"aioseo_notices":[],"gutentor_comment":0,"rttpg_featured_image_url":{"full":["https:\/\/arantv.az\/wp-content\/uploads\/2024\/10\/803.png",649,372,false],"landscape":["https:\/\/arantv.az\/wp-content\/uploads\/2024\/10\/803.png",649,372,false],"portraits":["https:\/\/arantv.az\/wp-content\/uploads\/2024\/10\/803.png",649,372,false],"thumbnail":["https:\/\/arantv.az\/wp-content\/uploads\/2024\/10\/803-500x280.png",500,280,true],"medium":["https:\/\/arantv.az\/wp-content\/uploads\/2024\/10\/803-637x365.png",637,365,true],"large":["https:\/\/arantv.az\/wp-content\/uploads\/2024\/10\/803.png",640,367,false],"1536x1536":["https:\/\/arantv.az\/wp-content\/uploads\/2024\/10\/803.png",649,372,false],"2048x2048":["https:\/\/arantv.az\/wp-content\/uploads\/2024\/10\/803.png",649,372,false],"post-thumbnail":["https:\/\/arantv.az\/wp-content\/uploads\/2024\/10\/803-240x172.png",240,172,true],"advps-thumb-one":["https:\/\/arantv.az\/wp-content\/uploads\/2024\/10\/803.png",649,372,false]},"rttpg_author":{"display_name":"V\u00fcsal Rafiqo\u011flu","author_link":"https:\/\/arantv.az\/?author=2"},"rttpg_comment":0,"rttpg_category":"<a href=\"https:\/\/arantv.az\/?cat=1\" rel=\"category\">C\u0259miyy\u0259t<\/a>","rttpg_excerpt":"\u00d6lk\u0259mizin d\u00f6vl\u0259t b\u00fcdc\u0259si h\u0259mi\u015f\u0259 sosialy\u00f6n\u00fcml\u00fc olmas\u0131 il\u0259 f\u0259rql\u0259nir. B\u00fcdc\u0259d\u0259 sosial m\u0259qs\u0259dl\u0259r \u00fc\u00e7\u00fcn ayr\u0131lan v\u0259saitl\u0259rin ild\u0259n-il\u0259 art\u0131r\u0131ld\u0131\u011f\u0131n\u0131n \u015fahidi oluruq. Az\u0259rbaycan Prezidenti \u0130lham \u018fliyevin g\u00f6st\u0259ri\u015fin\u0259 uy\u011fun olaraq g\u0259l\u0259n ild\u0259n minimum pensiya yenid\u0259n art\u0131r\u0131lacaqd\u0131r. M\u00f6vzu il\u0259 ba\u011fl\u0131\u00a0BiG.AZ-a a\u00e7\u0131qlama ver\u0259n iqtisad\u00e7\u0131-ekspert Natiq C\u0259f\u0259rli bildirib ki, \u00f6lk\u0259d\u0259 prezidentin tap\u015f\u0131r\u0131\u011f\u0131 il\u0259 \u018fm\u0259k v\u0259 \u018fhalinin Sosial M\u00fcdafi\u0259si Nazirliyi art\u0131q pensiyalar\u0131n art\u0131m\u0131yla ba\u011fl\u0131&hellip;","_links":{"self":[{"href":"https:\/\/arantv.az\/index.php?rest_route=\/wp\/v2\/posts\/762249"}],"collection":[{"href":"https:\/\/arantv.az\/index.php?rest_route=\/wp\/v2\/posts"}],"about":[{"href":"https:\/\/arantv.az\/index.php?rest_route=\/wp\/v2\/types\/post"}],"author":[{"embeddable":true,"href":"https:\/\/arantv.az\/index.php?rest_route=\/wp\/v2\/users\/2"}],"replies":[{"embeddable":true,"href":"https:\/\/arantv.az\/index.php?rest_route=%2Fwp%2Fv2%2Fcomments&post=762249"}],"version-history":[{"count":1,"href":"https:\/\/arantv.az\/index.php?rest_route=\/wp\/v2\/posts\/762249\/revisions"}],"predecessor-version":[{"id":762251,"href":"https:\/\/arantv.az\/index.php?rest_route=\/wp\/v2\/posts\/762249\/revisions\/762251"}],"wp:featuredmedia":[{"embeddable":true,"href":"https:\/\/arantv.az\/index.php?rest_route=\/wp\/v2\/media\/762250"}],"wp:attachment":[{"href":"https:\/\/arantv.az\/index.php?rest_route=%2Fwp%2Fv2%2Fmedia&parent=762249"}],"wp:term":[{"taxonomy":"category","embeddable":true,"href":"https:\/\/arantv.az\/index.php?rest_route=%2Fwp%2Fv2%2Fcategories&post=762249"},{"taxonomy":"post_tag","embeddable":true,"href":"https:\/\/arantv.az\/index.php?rest_route=%2Fwp%2Fv2%2Ftags&post=762249"}],"curies":[{"name":"wp","href":"https:\/\/api.w.org\/{rel}","templated":true}]}}