{"id":762264,"date":"2024-10-17T14:13:18","date_gmt":"2024-10-17T10:13:18","guid":{"rendered":"https:\/\/arantv.az\/?p=762264"},"modified":"2024-10-17T14:13:18","modified_gmt":"2024-10-17T10:13:18","slug":"planetimizin-xilasindan-otru-cop29-at%c9%99sk%c9%99si-vaxtidir-hikm%c9%99t-haciyevin-yazisi","status":"publish","type":"post","link":"https:\/\/arantv.az\/?p=762264","title":{"rendered":"&#8220;Planetimizin xilas\u0131ndan \u00f6tr\u00fc COP29 at\u0259\u015fk\u0259si vaxt\u0131d\u0131r&#8221; &#8211; Hikm\u0259t Hac\u0131yevin yaz\u0131s\u0131"},"content":{"rendered":"<p><b>ARANTV.AZ <\/b>x\u0259b\u0259r verir ki, Az\u0259rbaycan prezidentinin xarici siyas\u0259t m\u0259s\u0259l\u0259ri \u00fczr\u0259 k\u00f6m\u0259k\u00e7isi Hikm\u0259t Hac\u0131yev n\u00fcfuzlu &#8220;Newsweek&#8221; d\u0259rgisind\u0259 m\u0259qal\u0259 \u00e7ap etdirib.<\/p>\n<p>C\u0259nab Hac\u0131yev m\u0259qal\u0259sind\u0259 Az\u0259rbaycan\u0131n &#8220;COP at\u0259\u015fk\u0259si&#8221;n\u0259 \u00e7a\u011f\u0131rd\u0131\u011f\u0131n\u0131, \u00f6lk\u0259l\u0259rin iqliml\u0259 ba\u011fl\u0131 \u00e7\u0131x\u0131\u015f yollar\u0131n\u0131 g\u00f6t\u00fcr-qoy etdiyi bir vaxtda m\u00fcnaqi\u015f\u0259l\u0259rd\u0259 fasil\u0259 ist\u0259diyini yaz\u0131r.<\/p>\n<p>H.Hac\u0131yev Az\u0259rbaycandak\u0131 COP sammitind\u0259 s\u00fclh v\u0259 iqlimin bir-birin\u0131 qar\u0131\u015fd\u0131\u011f\u0131n\u0131, Bak\u0131n\u0131n ev sahibliyi h\u00fcququnu m\u0259hz s\u00fclh yolunda ir\u0259lil\u0259m\u0259kl\u0259 \u0259ld\u0259 etdiyini vur\u011fulay\u0131r. Bel\u0259 ki, \u0130r\u0259van Az\u0259rbaycan\u0131n ev sahibliyin\u0259 vetosunu m\u0259hbus m\u00fcbadil\u0259sind\u0259n sonra qald\u0131r\u0131b.<\/p>\n<p><strong>H.Hac\u0131yev ikit\u0259r\u0259fli dan\u0131\u015f\u0131qlar\u0131n \u0259vv\u0259lki \u00fc\u00e7 ild\u0259 beyn\u0259lxalq vasit\u0259\u00e7il\u0259rl\u0259 apar\u0131landan daha faydal\u0131 oldu\u011funu bildirir:<\/strong>\u00a0&#8220;S\u0259rh\u0259d delimitasiya komissiyalar\u0131 yarad\u0131l\u0131b, s\u0259rh\u0259din bir hiss\u0259si demarkasiya olunub. De-fakto s\u00fclh reall\u0131\u011fa \u00e7evrilib. S\u00fclh \u0259l\u00e7atand\u0131r&#8221;.<\/p>\n<p>Prezidentin k\u00f6m\u0259k\u00e7isi daha sonra m\u0259qal\u0259sind\u0259 s\u00fclh\u0259 \u0259ng\u0259l kimi Erm\u0259nistan konstitusiyas\u0131nda Qaraba\u011f\u0131n Erm\u0259nistanla birl\u0259\u015fdirilm\u0259sin\u0259 \u00e7a\u011f\u0131r\u0131\u015f\u0131, \u0130r\u0259van\u0131n Paris t\u0259r\u0259find\u0259n intensiv silahland\u0131r\u0131lmas\u0131n\u0131 g\u00f6st\u0259rir.<\/p>\n<p><strong>H.Hac\u0131yev COP29 \u0259r\u0259f\u0259sin\u0259 s\u0259sl\u0259n\u0259n t\u0259nqidl\u0259r\u0259 toxunaraq t\u0259nqidl\u0259 yalan aras\u0131nda f\u0259rq oldu\u011funu vur\u011fulay\u0131r:<\/strong>\u00a0&#8220;Deyirl\u0259r ki, &#8220;Az\u0259rbaycan COP-u beyn\u0259lxalq reputasiyas\u0131n\u0131 d\u00fcz\u0259ltm\u0259k \u00fc\u00e7\u00fcn ke\u00e7irir&#8221; \u2013 faktiki is\u0259 bizim COP-la ba\u011fl\u0131 plan\u0131m\u0131z, onu ke\u00e7irm\u0259y\u0259 inam\u0131m\u0131z bel\u0259 yox idi. Yaxud &#8220;Az\u0259rbaycan neft v\u0259 qaz s\u0259nayesin\u0259 z\u0259rb\u0259 vuracaq iqlim sazi\u015fini q\u0259bul etm\u0259y\u0259c\u0259k&#8221; \u2013 ger\u00e7\u0259kd\u0259 is\u0259 biz m\u0259d\u0259n yanaca\u011f\u0131ndan elektrik ixracat\u00e7\u0131s\u0131na ke\u00e7id edirik&#8221;, \u2013 prezidentin k\u00f6m\u0259k\u00e7isi yaz\u0131r.<\/p>\n<p><strong>M\u0259qal\u0259nin tam m\u0259tni il\u0259 a\u015fa\u011f\u0131dak\u0131 link vasit\u0259sil\u0259 tan\u0131\u015f ola bil\u0259rsiniz:<\/strong>\u00a0<a title=\"https:\/\/www.newsweek.com\/azerbaijan-save-our-planet-it-time-cop29-truce-opinion-1970044\" href=\"https:\/\/www.newsweek.com\/azerbaijan-save-our-planet-it-time-cop29-truce-opinion-1970044\" target=\"_blank\" rel=\"noopener\">https:\/\/www.newsweek.com\/azerbaijan-save-our-planet-it-time-cop29-truce-opinion-1970044<\/a><\/p>\n<p><strong>Yaz\u0131ya dair haz\u0131rlanm\u0131\u015f x\u0259b\u0259rin ba\u015fqa bir versiyas\u0131 is\u0259 bu linkd\u0259dir:<\/strong>\u00a0<a href=\"https:\/\/musavat.com\/news\/hikmet-haciyev-azerbaycan-butun-dunyani-cop-ateskesine-devet-edir_1110836.html\" target=\"_blank\" rel=\"noopener\">https:\/\/musavat.com\/news\/hikmet-haciyev-azerbaycan-butun-dunyani-cop-ateskesine-devet-edir_1110836.html<\/a><\/p>\n","protected":false},"excerpt":{"rendered":"<p>ARANTV.AZ x\u0259b\u0259r verir ki, Az\u0259rbaycan prezidentinin xarici siyas\u0259t m\u0259s\u0259l\u0259ri \u00fczr\u0259 k\u00f6m\u0259k\u00e7isi Hikm\u0259t Hac\u0131yev n\u00fcfuzlu &#8220;Newsweek&#8221; d\u0259rgisind\u0259 m\u0259qal\u0259 \u00e7ap etdirib. C\u0259nab Hac\u0131yev m\u0259qal\u0259sind\u0259 Az\u0259rbaycan\u0131n &#8220;COP at\u0259\u015fk\u0259si&#8221;n\u0259 \u00e7a\u011f\u0131rd\u0131\u011f\u0131n\u0131, \u00f6lk\u0259l\u0259rin iqliml\u0259 ba\u011fl\u0131 \u00e7\u0131x\u0131\u015f yollar\u0131n\u0131 g\u00f6t\u00fcr-qoy etdiyi bir vaxtda m\u00fcnaqi\u015f\u0259l\u0259rd\u0259 fasil\u0259 ist\u0259diyini yaz\u0131r. H.Hac\u0131yev Az\u0259rbaycandak\u0131 COP sammitind\u0259 s\u00fclh v\u0259 iqlimin bir-birin\u0131 qar\u0131\u015fd\u0131\u011f\u0131n\u0131, Bak\u0131n\u0131n ev sahibliyi h\u00fcququnu m\u0259hz s\u00fclh yolunda ir\u0259lil\u0259m\u0259kl\u0259 \u0259ld\u0259 etdiyini vur\u011fulay\u0131r. Bel\u0259 ki, \u0130r\u0259van Az\u0259rbaycan\u0131n ev sahibliyin\u0259 vetosunu m\u0259hbus m\u00fcbadil\u0259sind\u0259n sonra qald\u0131r\u0131b. H.Hac\u0131yev ikit\u0259r\u0259fli dan\u0131\u015f\u0131qlar\u0131n \u0259vv\u0259lki \u00fc\u00e7 ild\u0259 beyn\u0259lxalq vasit\u0259\u00e7il\u0259rl\u0259 apar\u0131landan daha faydal\u0131 oldu\u011funu bildirir:\u00a0&#8220;S\u0259rh\u0259d delimitasiya komissiyalar\u0131 yarad\u0131l\u0131b, s\u0259rh\u0259din bir hiss\u0259si demarkasiya&hellip;<\/p>\n","protected":false},"author":2,"featured_media":762265,"comment_status":"closed","ping_status":"closed","sticky":false,"template":"","format":"standard","meta":{"om_disable_all_campaigns":false,"_monsterinsights_skip_tracking":false,"_monsterinsights_sitenote_active":false,"_monsterinsights_sitenote_note":"","_monsterinsights_sitenote_category":0},"categories":[4],"tags":[],"aioseo_notices":[],"gutentor_comment":0,"rttpg_featured_image_url":{"full":["https:\/\/arantv.az\/wp-content\/uploads\/2024\/10\/4c4a14c9f010cc910639b2e065c3b8d1.jpg",870,500,false],"landscape":["https:\/\/arantv.az\/wp-content\/uploads\/2024\/10\/4c4a14c9f010cc910639b2e065c3b8d1.jpg",870,500,false],"portraits":["https:\/\/arantv.az\/wp-content\/uploads\/2024\/10\/4c4a14c9f010cc910639b2e065c3b8d1.jpg",870,500,false],"thumbnail":["https:\/\/arantv.az\/wp-content\/uploads\/2024\/10\/4c4a14c9f010cc910639b2e065c3b8d1-500x280.jpg",500,280,true],"medium":["https:\/\/arantv.az\/wp-content\/uploads\/2024\/10\/4c4a14c9f010cc910639b2e065c3b8d1-635x365.jpg",635,365,true],"large":["https:\/\/arantv.az\/wp-content\/uploads\/2024\/10\/4c4a14c9f010cc910639b2e065c3b8d1-840x483.jpg",640,368,true],"1536x1536":["https:\/\/arantv.az\/wp-content\/uploads\/2024\/10\/4c4a14c9f010cc910639b2e065c3b8d1.jpg",870,500,false],"2048x2048":["https:\/\/arantv.az\/wp-content\/uploads\/2024\/10\/4c4a14c9f010cc910639b2e065c3b8d1.jpg",870,500,false],"post-thumbnail":["https:\/\/arantv.az\/wp-content\/uploads\/2024\/10\/4c4a14c9f010cc910639b2e065c3b8d1-240x172.jpg",240,172,true],"advps-thumb-one":["https:\/\/arantv.az\/wp-content\/uploads\/2024\/10\/4c4a14c9f010cc910639b2e065c3b8d1.jpg",870,500,false]},"rttpg_author":{"display_name":"V\u00fcsal Rafiqo\u011flu","author_link":"https:\/\/arantv.az\/?author=2"},"rttpg_comment":0,"rttpg_category":"<a href=\"https:\/\/arantv.az\/?cat=4\" rel=\"category\">Siyas\u0259t<\/a>","rttpg_excerpt":"ARANTV.AZ x\u0259b\u0259r verir ki, Az\u0259rbaycan prezidentinin xarici siyas\u0259t m\u0259s\u0259l\u0259ri \u00fczr\u0259 k\u00f6m\u0259k\u00e7isi Hikm\u0259t Hac\u0131yev n\u00fcfuzlu &#8220;Newsweek&#8221; d\u0259rgisind\u0259 m\u0259qal\u0259 \u00e7ap etdirib. C\u0259nab Hac\u0131yev m\u0259qal\u0259sind\u0259 Az\u0259rbaycan\u0131n &#8220;COP at\u0259\u015fk\u0259si&#8221;n\u0259 \u00e7a\u011f\u0131rd\u0131\u011f\u0131n\u0131, \u00f6lk\u0259l\u0259rin iqliml\u0259 ba\u011fl\u0131 \u00e7\u0131x\u0131\u015f yollar\u0131n\u0131 g\u00f6t\u00fcr-qoy etdiyi bir vaxtda m\u00fcnaqi\u015f\u0259l\u0259rd\u0259 fasil\u0259 ist\u0259diyini yaz\u0131r. H.Hac\u0131yev Az\u0259rbaycandak\u0131 COP sammitind\u0259 s\u00fclh v\u0259 iqlimin bir-birin\u0131 qar\u0131\u015fd\u0131\u011f\u0131n\u0131, Bak\u0131n\u0131n ev sahibliyi h\u00fcququnu m\u0259hz s\u00fclh yolunda&hellip;","_links":{"self":[{"href":"https:\/\/arantv.az\/index.php?rest_route=\/wp\/v2\/posts\/762264"}],"collection":[{"href":"https:\/\/arantv.az\/index.php?rest_route=\/wp\/v2\/posts"}],"about":[{"href":"https:\/\/arantv.az\/index.php?rest_route=\/wp\/v2\/types\/post"}],"author":[{"embeddable":true,"href":"https:\/\/arantv.az\/index.php?rest_route=\/wp\/v2\/users\/2"}],"replies":[{"embeddable":true,"href":"https:\/\/arantv.az\/index.php?rest_route=%2Fwp%2Fv2%2Fcomments&post=762264"}],"version-history":[{"count":2,"href":"https:\/\/arantv.az\/index.php?rest_route=\/wp\/v2\/posts\/762264\/revisions"}],"predecessor-version":[{"id":762267,"href":"https:\/\/arantv.az\/index.php?rest_route=\/wp\/v2\/posts\/762264\/revisions\/762267"}],"wp:featuredmedia":[{"embeddable":true,"href":"https:\/\/arantv.az\/index.php?rest_route=\/wp\/v2\/media\/762265"}],"wp:attachment":[{"href":"https:\/\/arantv.az\/index.php?rest_route=%2Fwp%2Fv2%2Fmedia&parent=762264"}],"wp:term":[{"taxonomy":"category","embeddable":true,"href":"https:\/\/arantv.az\/index.php?rest_route=%2Fwp%2Fv2%2Fcategories&post=762264"},{"taxonomy":"post_tag","embeddable":true,"href":"https:\/\/arantv.az\/index.php?rest_route=%2Fwp%2Fv2%2Ftags&post=762264"}],"curies":[{"name":"wp","href":"https:\/\/api.w.org\/{rel}","templated":true}]}}