{"id":762271,"date":"2024-10-17T14:28:51","date_gmt":"2024-10-17T10:28:51","guid":{"rendered":"https:\/\/arantv.az\/?p=762271"},"modified":"2024-10-17T14:28:51","modified_gmt":"2024-10-17T10:28:51","slug":"fuzuli-c%c9%99nab-prezidentin-birbasa-istiraki-v%c9%99-r%c9%99hb%c9%99rliyi-il%c9%99-yendi%c9%99n-qurulur-azay-quliyev","status":"publish","type":"post","link":"https:\/\/arantv.az\/?p=762271","title":{"rendered":"&#8220;Fuz\u00fcli c\u0259nab Prezidentin birba\u015fa i\u015ftirak\u0131 v\u0259 r\u0259hb\u0259rliyi il\u0259 yendi\u0259n qurulur&#8221; &#8211; Azay Quliyev"},"content":{"rendered":"<div class=\"text-content\" data-id=\"\" data-url=\"\">\n<p><strong>D\u00fcz, 4 il \u0259vv\u0259l F\u00fczuli \u015f\u0259h\u0259ri v\u0259 bir \u00e7ox \u0259traf k\u0259ndl\u0259r \u015fanl\u0131 ordumuz t\u0259r\u0259find\u0259n i\u015f\u011faldan azad edilmi\u015fdir. F\u00fczulinin azad olunmas\u0131 Az\u0259rbaycana strateji \u00fcst\u00fcnl\u00fckl\u0259r qazand\u0131rm\u0131\u015f, d\u00fc\u015fm\u0259ni tamamil\u0259 sars\u0131tm\u0131\u015f v\u0259 demoraliz\u0259 etmi\u015f, V\u0259t\u0259n m\u00fcharib\u0259sind\u0259 tarixi q\u0259l\u0259b\u0259mizin tam t\u0259min edil\u0259c\u0259yin\u0259 xalq\u0131m\u0131z\u0131n inam\u0131n\u0131 daha da g\u00fccl\u0259ndirmi\u015fdir.<\/strong><\/p>\n<p>Prezident \u0130lham \u018fliyevin diplomatik m\u0259har\u0259ti, siyasi z\u0259kas\u0131 v\u0259 q\u0259tiyy\u0259ti hesab\u0131na Fransan\u0131n t\u0259hriki il\u0259 h\u0259min g\u00fcn BMT T\u015e-da \u00f6lk\u0259miz\u0259 qar\u015f\u0131 haz\u0131rlanan q\u0259tnam\u0259nin qar\u015f\u0131s\u0131 al\u0131nm\u0131\u015f v\u0259 bununla, \u00f6lk\u0259miz h\u0259m d\u0259 diplomatiya c\u0259bh\u0259sind\u0259 \u00e7ox b\u00f6y\u00fck q\u0259l\u0259b\u0259 \u0259ld\u0259 etmi\u015fdir.<\/p>\n<p>M\u00fcz\u0259ff\u0259r Ali Ba\u015f Komandan c\u0259nab \u0130lham \u018fliyev F\u00fczulinin azadl\u0131\u011f\u0131 u\u011frunda d\u00f6y\u00fc\u015fm\u00fc\u015f b\u00fct\u00fcn q\u0259hr\u0259manalr\u0131m\u0131z\u0131n \u015f\u00fcca\u0259tini y\u00fcks\u0259k qiym\u0259tl\u0259ndir\u0259r\u0259k Az\u0259rbaycan Respublikas\u0131 Silahl\u0131 Q\u00fcvv\u0259l\u0259rinin 25325 h\u0259rbi qulluq\u00e7usunu \u201cF\u00fczulinin azad olunmas\u0131na g\u00f6r\u0259\u201d medal\u0131 il\u0259 t\u0259ltif etmi\u015fdir.<\/p>\n<p>Bu g\u00fcn Fuz\u00fclinin rayon m\u0259rk\u0259zi v\u0259 k\u0259ndl\u0259ri c\u0259nab Prezidentin birba\u015fa i\u015ftirak\u0131 v\u0259 r\u0259hb\u0259rliyi il\u0259 yendi\u0259n qurulur, orada h\u0259yat canlan\u0131r v\u0259 ke\u00e7mi\u015f m\u0259cburi k\u00f6\u00e7k\u00fcnl\u0259r oz torpaqlar\u0131na qay\u0131d\u0131rlar. Sevindirici hald\u0131r ki, yax\u0131n iki ild\u0259 bu g\u00f6z\u0259l diyara qay\u0131danlar\u0131n say\u0131 20 mind\u0259n \u00e7ox olacaq v\u0259 insanlar y\u00fcks\u0259k standartlara uy\u011fun tikilmi\u015f yeni evl\u0259rind\u0259 rahat \u015f\u0259kild\u0259 ya\u015faya bil\u0259c\u0259kl\u0259r.<\/p>\n<p><strong>\u201cF\u00fczuli \u015e\u0259h\u0259r G\u00fcn\u00fc\u201d m\u00fcnasib\u0259til\u0259 ba\u015fda f\u00fczulil\u0259r olmaqla xalq\u0131m\u0131z\u0131 t\u0259brik edi\u0259m!<\/strong><\/p>\n<p><strong>Azay Quliyev, mill\u0259t v\u0259kili<\/strong><\/p>\n<p><strong><img loading=\"lazy\" src=\"https:\/\/cdn.musavat.com\/news\/thumbnails\/eb6d91c32b50f45230a93152b682e13d.jpg\" alt=\"azay.jpg (115 KB)\" width=\"350\" height=\"234\" \/><\/strong><\/p>\n<\/div>\n<div><\/div>\n<div><\/div>\n<div class=\"inner-social-box\">\n<div class=\"subs-in-social subs-whatsapp\"><\/div>\n<\/div>\n","protected":false},"excerpt":{"rendered":"<p>D\u00fcz, 4 il \u0259vv\u0259l F\u00fczuli \u015f\u0259h\u0259ri v\u0259 bir \u00e7ox \u0259traf k\u0259ndl\u0259r \u015fanl\u0131 ordumuz t\u0259r\u0259find\u0259n i\u015f\u011faldan azad edilmi\u015fdir. F\u00fczulinin azad olunmas\u0131 Az\u0259rbaycana strateji \u00fcst\u00fcnl\u00fckl\u0259r qazand\u0131rm\u0131\u015f, d\u00fc\u015fm\u0259ni tamamil\u0259 sars\u0131tm\u0131\u015f v\u0259 demoraliz\u0259 etmi\u015f, V\u0259t\u0259n m\u00fcharib\u0259sind\u0259 tarixi q\u0259l\u0259b\u0259mizin tam t\u0259min edil\u0259c\u0259yin\u0259 xalq\u0131m\u0131z\u0131n inam\u0131n\u0131 daha da g\u00fccl\u0259ndirmi\u015fdir. Prezident \u0130lham \u018fliyevin diplomatik m\u0259har\u0259ti, siyasi z\u0259kas\u0131 v\u0259 q\u0259tiyy\u0259ti hesab\u0131na Fransan\u0131n t\u0259hriki il\u0259 h\u0259min g\u00fcn BMT T\u015e-da \u00f6lk\u0259miz\u0259 qar\u015f\u0131 haz\u0131rlanan q\u0259tnam\u0259nin qar\u015f\u0131s\u0131 al\u0131nm\u0131\u015f v\u0259 bununla, \u00f6lk\u0259miz h\u0259m d\u0259 diplomatiya c\u0259bh\u0259sind\u0259 \u00e7ox b\u00f6y\u00fck q\u0259l\u0259b\u0259 \u0259ld\u0259 etmi\u015fdir. M\u00fcz\u0259ff\u0259r Ali Ba\u015f Komandan c\u0259nab \u0130lham \u018fliyev F\u00fczulinin azadl\u0131\u011f\u0131 u\u011frunda d\u00f6y\u00fc\u015fm\u00fc\u015f b\u00fct\u00fcn q\u0259hr\u0259manalr\u0131m\u0131z\u0131n&hellip;<\/p>\n","protected":false},"author":2,"featured_media":762272,"comment_status":"closed","ping_status":"closed","sticky":false,"template":"","format":"standard","meta":{"om_disable_all_campaigns":false,"_monsterinsights_skip_tracking":false,"_monsterinsights_sitenote_active":false,"_monsterinsights_sitenote_note":"","_monsterinsights_sitenote_category":0},"categories":[19],"tags":[],"aioseo_notices":[],"gutentor_comment":0,"rttpg_featured_image_url":{"full":["https:\/\/arantv.az\/wp-content\/uploads\/2024\/10\/f1178f511417f7577b1871353d275b0b.jpg",870,500,false],"landscape":["https:\/\/arantv.az\/wp-content\/uploads\/2024\/10\/f1178f511417f7577b1871353d275b0b.jpg",870,500,false],"portraits":["https:\/\/arantv.az\/wp-content\/uploads\/2024\/10\/f1178f511417f7577b1871353d275b0b.jpg",870,500,false],"thumbnail":["https:\/\/arantv.az\/wp-content\/uploads\/2024\/10\/f1178f511417f7577b1871353d275b0b-500x280.jpg",500,280,true],"medium":["https:\/\/arantv.az\/wp-content\/uploads\/2024\/10\/f1178f511417f7577b1871353d275b0b-635x365.jpg",635,365,true],"large":["https:\/\/arantv.az\/wp-content\/uploads\/2024\/10\/f1178f511417f7577b1871353d275b0b-840x483.jpg",640,368,true],"1536x1536":["https:\/\/arantv.az\/wp-content\/uploads\/2024\/10\/f1178f511417f7577b1871353d275b0b.jpg",870,500,false],"2048x2048":["https:\/\/arantv.az\/wp-content\/uploads\/2024\/10\/f1178f511417f7577b1871353d275b0b.jpg",870,500,false],"post-thumbnail":["https:\/\/arantv.az\/wp-content\/uploads\/2024\/10\/f1178f511417f7577b1871353d275b0b-240x172.jpg",240,172,true],"advps-thumb-one":["https:\/\/arantv.az\/wp-content\/uploads\/2024\/10\/f1178f511417f7577b1871353d275b0b.jpg",870,500,false]},"rttpg_author":{"display_name":"V\u00fcsal Rafiqo\u011flu","author_link":"https:\/\/arantv.az\/?author=2"},"rttpg_comment":0,"rttpg_category":"<a href=\"https:\/\/arantv.az\/?cat=19\" rel=\"category\">G\u00fcnd\u0259m<\/a>","rttpg_excerpt":"D\u00fcz, 4 il \u0259vv\u0259l F\u00fczuli \u015f\u0259h\u0259ri v\u0259 bir \u00e7ox \u0259traf k\u0259ndl\u0259r \u015fanl\u0131 ordumuz t\u0259r\u0259find\u0259n i\u015f\u011faldan azad edilmi\u015fdir. F\u00fczulinin azad olunmas\u0131 Az\u0259rbaycana strateji \u00fcst\u00fcnl\u00fckl\u0259r qazand\u0131rm\u0131\u015f, d\u00fc\u015fm\u0259ni tamamil\u0259 sars\u0131tm\u0131\u015f v\u0259 demoraliz\u0259 etmi\u015f, V\u0259t\u0259n m\u00fcharib\u0259sind\u0259 tarixi q\u0259l\u0259b\u0259mizin tam t\u0259min edil\u0259c\u0259yin\u0259 xalq\u0131m\u0131z\u0131n inam\u0131n\u0131 daha da g\u00fccl\u0259ndirmi\u015fdir. Prezident \u0130lham \u018fliyevin diplomatik m\u0259har\u0259ti, siyasi z\u0259kas\u0131 v\u0259 q\u0259tiyy\u0259ti hesab\u0131na Fransan\u0131n t\u0259hriki il\u0259&hellip;","_links":{"self":[{"href":"https:\/\/arantv.az\/index.php?rest_route=\/wp\/v2\/posts\/762271"}],"collection":[{"href":"https:\/\/arantv.az\/index.php?rest_route=\/wp\/v2\/posts"}],"about":[{"href":"https:\/\/arantv.az\/index.php?rest_route=\/wp\/v2\/types\/post"}],"author":[{"embeddable":true,"href":"https:\/\/arantv.az\/index.php?rest_route=\/wp\/v2\/users\/2"}],"replies":[{"embeddable":true,"href":"https:\/\/arantv.az\/index.php?rest_route=%2Fwp%2Fv2%2Fcomments&post=762271"}],"version-history":[{"count":1,"href":"https:\/\/arantv.az\/index.php?rest_route=\/wp\/v2\/posts\/762271\/revisions"}],"predecessor-version":[{"id":762273,"href":"https:\/\/arantv.az\/index.php?rest_route=\/wp\/v2\/posts\/762271\/revisions\/762273"}],"wp:featuredmedia":[{"embeddable":true,"href":"https:\/\/arantv.az\/index.php?rest_route=\/wp\/v2\/media\/762272"}],"wp:attachment":[{"href":"https:\/\/arantv.az\/index.php?rest_route=%2Fwp%2Fv2%2Fmedia&parent=762271"}],"wp:term":[{"taxonomy":"category","embeddable":true,"href":"https:\/\/arantv.az\/index.php?rest_route=%2Fwp%2Fv2%2Fcategories&post=762271"},{"taxonomy":"post_tag","embeddable":true,"href":"https:\/\/arantv.az\/index.php?rest_route=%2Fwp%2Fv2%2Ftags&post=762271"}],"curies":[{"name":"wp","href":"https:\/\/api.w.org\/{rel}","templated":true}]}}