{"id":762274,"date":"2024-10-17T14:30:06","date_gmt":"2024-10-17T10:30:06","guid":{"rendered":"https:\/\/arantv.az\/?p=762274"},"modified":"2024-10-17T14:30:06","modified_gmt":"2024-10-17T10:30:06","slug":"qubada-qeyri-adi-gorunuslu-korp%c9%99-doguldu-foto","status":"publish","type":"post","link":"https:\/\/arantv.az\/?p=762274","title":{"rendered":"Qubada qeyri-adi g\u00f6r\u00fcn\u00fc\u015fl\u00fc k\u00f6rp\u0259 do\u011fuldu &#8211; FOTO"},"content":{"rendered":"<div class=\"text-content\" data-id=\"\" data-url=\"\">\n<p><strong>Quba Rayon M\u0259rk\u0259zi X\u0259st\u0259xanas\u0131nda qeyri-adi hadis\u0259 qeyd\u0259 al\u0131n\u0131b.<\/strong><\/p>\n<p>Yeni do\u011flunan k\u00f6rp\u0259nin bir di\u015f\u0259 sahib olmas\u0131 n\u0259inki h\u0259kiml\u0259ri, h\u0259tta b\u00fct\u00fcn x\u0259st\u0259xana hey\u0259tini d\u0259 t\u0259\u0259cc\u00fcbl\u0259ndirib.<\/p>\n<p>Qeyd ed\u0259k ki, s\u00f6z\u00fcged\u0259n k\u00f6rp\u0259 Xaro\u015fa k\u0259ndind\u0259n olan ail\u0259nin ilk \u00f6vlad\u0131d\u0131r v\u0259 valideynl\u0259ri t\u0259r\u0259find\u0259n ona Amil ad\u0131 verilib.\/shimal.news<\/p>\n<\/div>\n<div>\n<div class=\"form-group\"><img class=\"img-responsive\" src=\"https:\/\/cdn.musavat.com\/news\/images\/GUGU\/NewFolder\/1240576_1.png\" \/><\/div>\n<\/div>\n","protected":false},"excerpt":{"rendered":"<p>Quba Rayon M\u0259rk\u0259zi X\u0259st\u0259xanas\u0131nda qeyri-adi hadis\u0259 qeyd\u0259 al\u0131n\u0131b. Yeni do\u011flunan k\u00f6rp\u0259nin bir di\u015f\u0259 sahib olmas\u0131 n\u0259inki h\u0259kiml\u0259ri, h\u0259tta b\u00fct\u00fcn x\u0259st\u0259xana hey\u0259tini d\u0259 t\u0259\u0259cc\u00fcbl\u0259ndirib. Qeyd ed\u0259k ki, s\u00f6z\u00fcged\u0259n k\u00f6rp\u0259 Xaro\u015fa k\u0259ndind\u0259n olan ail\u0259nin ilk \u00f6vlad\u0131d\u0131r v\u0259 valideynl\u0259ri t\u0259r\u0259find\u0259n ona Amil ad\u0131 verilib.\/shimal.news<\/p>\n","protected":false},"author":2,"featured_media":762275,"comment_status":"closed","ping_status":"closed","sticky":false,"template":"","format":"standard","meta":{"om_disable_all_campaigns":false,"_monsterinsights_skip_tracking":false,"_monsterinsights_sitenote_active":false,"_monsterinsights_sitenote_note":"","_monsterinsights_sitenote_category":0},"categories":[1],"tags":[],"aioseo_notices":[],"gutentor_comment":0,"rttpg_featured_image_url":{"full":["https:\/\/arantv.az\/wp-content\/uploads\/2024\/10\/0df1038bed3d44d0cbda1f0471e54826.jpg",637,400,false],"landscape":["https:\/\/arantv.az\/wp-content\/uploads\/2024\/10\/0df1038bed3d44d0cbda1f0471e54826.jpg",637,400,false],"portraits":["https:\/\/arantv.az\/wp-content\/uploads\/2024\/10\/0df1038bed3d44d0cbda1f0471e54826.jpg",637,400,false],"thumbnail":["https:\/\/arantv.az\/wp-content\/uploads\/2024\/10\/0df1038bed3d44d0cbda1f0471e54826-500x280.jpg",500,280,true],"medium":["https:\/\/arantv.az\/wp-content\/uploads\/2024\/10\/0df1038bed3d44d0cbda1f0471e54826-581x365.jpg",581,365,true],"large":["https:\/\/arantv.az\/wp-content\/uploads\/2024\/10\/0df1038bed3d44d0cbda1f0471e54826.jpg",637,400,false],"1536x1536":["https:\/\/arantv.az\/wp-content\/uploads\/2024\/10\/0df1038bed3d44d0cbda1f0471e54826.jpg",637,400,false],"2048x2048":["https:\/\/arantv.az\/wp-content\/uploads\/2024\/10\/0df1038bed3d44d0cbda1f0471e54826.jpg",637,400,false],"post-thumbnail":["https:\/\/arantv.az\/wp-content\/uploads\/2024\/10\/0df1038bed3d44d0cbda1f0471e54826-240x172.jpg",240,172,true],"advps-thumb-one":["https:\/\/arantv.az\/wp-content\/uploads\/2024\/10\/0df1038bed3d44d0cbda1f0471e54826.jpg",637,400,false]},"rttpg_author":{"display_name":"V\u00fcsal Rafiqo\u011flu","author_link":"https:\/\/arantv.az\/?author=2"},"rttpg_comment":0,"rttpg_category":"<a href=\"https:\/\/arantv.az\/?cat=1\" rel=\"category\">C\u0259miyy\u0259t<\/a>","rttpg_excerpt":"Quba Rayon M\u0259rk\u0259zi X\u0259st\u0259xanas\u0131nda qeyri-adi hadis\u0259 qeyd\u0259 al\u0131n\u0131b. Yeni do\u011flunan k\u00f6rp\u0259nin bir di\u015f\u0259 sahib olmas\u0131 n\u0259inki h\u0259kiml\u0259ri, h\u0259tta b\u00fct\u00fcn x\u0259st\u0259xana hey\u0259tini d\u0259 t\u0259\u0259cc\u00fcbl\u0259ndirib. Qeyd ed\u0259k ki, s\u00f6z\u00fcged\u0259n k\u00f6rp\u0259 Xaro\u015fa k\u0259ndind\u0259n olan ail\u0259nin ilk \u00f6vlad\u0131d\u0131r v\u0259 valideynl\u0259ri t\u0259r\u0259find\u0259n ona Amil ad\u0131 verilib.\/shimal.news","_links":{"self":[{"href":"https:\/\/arantv.az\/index.php?rest_route=\/wp\/v2\/posts\/762274"}],"collection":[{"href":"https:\/\/arantv.az\/index.php?rest_route=\/wp\/v2\/posts"}],"about":[{"href":"https:\/\/arantv.az\/index.php?rest_route=\/wp\/v2\/types\/post"}],"author":[{"embeddable":true,"href":"https:\/\/arantv.az\/index.php?rest_route=\/wp\/v2\/users\/2"}],"replies":[{"embeddable":true,"href":"https:\/\/arantv.az\/index.php?rest_route=%2Fwp%2Fv2%2Fcomments&post=762274"}],"version-history":[{"count":1,"href":"https:\/\/arantv.az\/index.php?rest_route=\/wp\/v2\/posts\/762274\/revisions"}],"predecessor-version":[{"id":762276,"href":"https:\/\/arantv.az\/index.php?rest_route=\/wp\/v2\/posts\/762274\/revisions\/762276"}],"wp:featuredmedia":[{"embeddable":true,"href":"https:\/\/arantv.az\/index.php?rest_route=\/wp\/v2\/media\/762275"}],"wp:attachment":[{"href":"https:\/\/arantv.az\/index.php?rest_route=%2Fwp%2Fv2%2Fmedia&parent=762274"}],"wp:term":[{"taxonomy":"category","embeddable":true,"href":"https:\/\/arantv.az\/index.php?rest_route=%2Fwp%2Fv2%2Fcategories&post=762274"},{"taxonomy":"post_tag","embeddable":true,"href":"https:\/\/arantv.az\/index.php?rest_route=%2Fwp%2Fv2%2Ftags&post=762274"}],"curies":[{"name":"wp","href":"https:\/\/api.w.org\/{rel}","templated":true}]}}