{"id":762290,"date":"2024-10-17T15:40:59","date_gmt":"2024-10-17T11:40:59","guid":{"rendered":"https:\/\/arantv.az\/?p=762290"},"modified":"2024-10-17T15:40:59","modified_gmt":"2024-10-17T11:40:59","slug":"fransada-saxlanilan-kemi-seba-s%c9%99rb%c9%99st-buraxildi","status":"publish","type":"post","link":"https:\/\/arantv.az\/?p=762290","title":{"rendered":"Fransada saxlan\u0131lan Kemi Seba s\u0259rb\u0259st burax\u0131ld\u0131"},"content":{"rendered":"<p><strong>Oktyabr\u0131n 15-d\u0259 Parisd\u0259 saxlan\u0131lan Fransan\u0131n m\u00fcst\u0259ml\u0259k\u0259\u00e7ilik siyas\u0259ti \u0259leyhin\u0259, el\u0259c\u0259 d\u0259 anti-imperialist m\u00f6vqeyi il\u0259 tan\u0131nan siyasi aktivist Kemi Seba azadl\u0131\u011fa burax\u0131l\u0131b.<\/strong><\/p>\n<p>\u201cLe Parisien\u201din x\u0259b\u0259rin\u0259 g\u00f6r\u0259, o, oktyabr\u0131n 16-da burax\u0131lsa da, r\u0259smi a\u00e7\u0131qlama bu g\u00fcn yay\u0131l\u0131b.<\/p>\n<p>Kemi Seban\u0131n v\u0259kili bildirib ki, o, regionun daxili m\u0259s\u0259l\u0259l\u0259rin\u0259 k\u0259nar m\u00fcdaxil\u0259, el\u0259c\u0259 d\u0259 xarici d\u00f6vl\u0259tin xeyrin\u0259 casusluq faktlar\u0131 \u00fczr\u0259 qald\u0131r\u0131lan cinay\u0259t i\u015fi \u00e7\u0259r\u00e7iv\u0259sind\u0259 dindirilib.<\/p>\n<p>Yekunda m\u0259hk\u0259m\u0259 Kemi Seban\u0131n \u0259m\u0259ll\u0259rind\u0259 cinay\u0259t t\u0259rkibinin olmad\u0131\u011f\u0131na q\u0259rar verib.<\/p>\n<p>Qeyd ed\u0259k ki, bir m\u00fcdd\u0259t \u0259vv\u0259l Fransan\u0131n Afrikadak\u0131 m\u00fcst\u0259ml\u0259k\u0259l\u0259rind\u0259 \u0259haliy\u0259 qar\u015f\u0131 h\u0259yata ke\u00e7irdiyi radikal t\u0259dbirl\u0259r\u0259 etirazlar\u0131n \u00f6nc\u00fcl simalar\u0131ndan olan Kemi Seba Bak\u0131da ke\u00e7iril\u0259n Fransa M\u00fcst\u0259ml\u0259k\u0259 Siyas\u0259ti \u018fleyhin\u0259 Beyn\u0259lxalq Konfsanda da i\u015ftirak edib.<\/p>\n<p>Xat\u0131rladaq ki, Kemi Seba Afrikan\u0131n m\u00fcst\u0259qilliyi, suverenliyi v\u0259 neo-kolonial g\u00fccl\u0259r\u0259 qar\u015f\u0131 m\u00fcbariz\u0259 h\u0259r\u0259kat\u0131n\u0131n simvolik liderl\u0259rind\u0259n biri kimi tan\u0131n\u0131r. O, eyni zamanda Frans\u0131z neo-m\u00fcst\u0259ml\u0259k\u0259\u00e7iliyinin \u0259sas t\u0259nqid\u00e7il\u0259rind\u0259n biridir.<\/p>\n<p>1981-ci ild\u0259 Fransan\u0131n Strasburq \u015f\u0259h\u0259rind\u0259 do\u011fulub.<\/p>\n<p>O, Fransan\u0131n m\u00fcst\u0259ml\u0259k\u0259\u00e7ilik siyas\u0259tinin Afrika \u00f6lk\u0259l\u0259rin\u0259, habel\u0259 d\u0259niza\u015f\u0131r\u0131 \u0259razil\u0259r\u0259 vurdu\u011fu ziyan\u0131 a\u00e7\u0131q v\u0259 k\u0259skin \u015f\u0259kild\u0259 t\u0259nqid etdiyin\u0259 v\u0259 pisl\u0259diyin\u0259 g\u00f6r\u0259 Fransan\u0131n \u201cqara siyah\u0131\u201ds\u0131na sal\u0131n\u0131b. Fransa K. Seban\u0131 susdurmaq \u00fc\u00e7\u00fcn bir ne\u00e7\u0259 d\u0259f\u0259 h\u0259bs edib, ist\u0259diyin\u0259 nail olmad\u0131qda is\u0259 onu Fransa v\u0259t\u0259nda\u015fl\u0131\u011f\u0131ndan m\u0259hrum edib.<\/p>\n<p>Fransan\u0131n bu add\u0131m\u0131na cavab olaraq bir s\u0131ra Afrika \u00f6lk\u0259si Kemi Sebaya diplomatik immunitet verib.<\/p>\n<p>\u201cURGENCES PANAFRICANISTES\u201d QHT-sinin r\u0259hb\u0259ri, Niger d\u00f6vl\u0259t ba\u015f\u00e7\u0131s\u0131n\u0131n X\u00fcsusi m\u00fc\u015faviri olan Kemi Seba bu g\u00fcn m\u00fcxt\u0259lif sosial \u015f\u0259b\u0259k\u0259l\u0259rd\u0259 geni\u015f izl\u0259yici k\u00fctl\u0259sin\u0259 malikdir. Onun \u201cFacebook\u201dda 1.3 milyon, \u201cTiktok\u201dda 370 000, \u201c\u0130nstaqram\u201dda 306 000, \u201cX\u201dd\u0259 280 000, \u201cYoutube\u201d-da is\u0259 230 000 izl\u0259yicisi var.\/\/APA<\/p>\n","protected":false},"excerpt":{"rendered":"<p>Oktyabr\u0131n 15-d\u0259 Parisd\u0259 saxlan\u0131lan Fransan\u0131n m\u00fcst\u0259ml\u0259k\u0259\u00e7ilik siyas\u0259ti \u0259leyhin\u0259, el\u0259c\u0259 d\u0259 anti-imperialist m\u00f6vqeyi il\u0259 tan\u0131nan siyasi aktivist Kemi Seba azadl\u0131\u011fa burax\u0131l\u0131b. \u201cLe Parisien\u201din x\u0259b\u0259rin\u0259 g\u00f6r\u0259, o, oktyabr\u0131n 16-da burax\u0131lsa da, r\u0259smi a\u00e7\u0131qlama bu g\u00fcn yay\u0131l\u0131b. Kemi Seban\u0131n v\u0259kili bildirib ki, o, regionun daxili m\u0259s\u0259l\u0259l\u0259rin\u0259 k\u0259nar m\u00fcdaxil\u0259, el\u0259c\u0259 d\u0259 xarici d\u00f6vl\u0259tin xeyrin\u0259 casusluq faktlar\u0131 \u00fczr\u0259 qald\u0131r\u0131lan cinay\u0259t i\u015fi \u00e7\u0259r\u00e7iv\u0259sind\u0259 dindirilib. Yekunda m\u0259hk\u0259m\u0259 Kemi Seban\u0131n \u0259m\u0259ll\u0259rind\u0259 cinay\u0259t t\u0259rkibinin olmad\u0131\u011f\u0131na q\u0259rar verib. Qeyd ed\u0259k ki, bir m\u00fcdd\u0259t \u0259vv\u0259l Fransan\u0131n Afrikadak\u0131 m\u00fcst\u0259ml\u0259k\u0259l\u0259rind\u0259 \u0259haliy\u0259 qar\u015f\u0131 h\u0259yata ke\u00e7irdiyi radikal t\u0259dbirl\u0259r\u0259 etirazlar\u0131n \u00f6nc\u00fcl simalar\u0131ndan olan Kemi Seba Bak\u0131da&hellip;<\/p>\n","protected":false},"author":2,"featured_media":762291,"comment_status":"closed","ping_status":"closed","sticky":false,"template":"","format":"standard","meta":{"om_disable_all_campaigns":false,"_monsterinsights_skip_tracking":false,"_monsterinsights_sitenote_active":false,"_monsterinsights_sitenote_note":"","_monsterinsights_sitenote_category":0},"categories":[7],"tags":[],"aioseo_notices":[],"gutentor_comment":0,"rttpg_featured_image_url":{"full":["https:\/\/arantv.az\/wp-content\/uploads\/2024\/10\/f452b5cf399674286e4f26beeebcc98b.jpg",870,500,false],"landscape":["https:\/\/arantv.az\/wp-content\/uploads\/2024\/10\/f452b5cf399674286e4f26beeebcc98b.jpg",870,500,false],"portraits":["https:\/\/arantv.az\/wp-content\/uploads\/2024\/10\/f452b5cf399674286e4f26beeebcc98b.jpg",870,500,false],"thumbnail":["https:\/\/arantv.az\/wp-content\/uploads\/2024\/10\/f452b5cf399674286e4f26beeebcc98b-500x280.jpg",500,280,true],"medium":["https:\/\/arantv.az\/wp-content\/uploads\/2024\/10\/f452b5cf399674286e4f26beeebcc98b-635x365.jpg",635,365,true],"large":["https:\/\/arantv.az\/wp-content\/uploads\/2024\/10\/f452b5cf399674286e4f26beeebcc98b-840x483.jpg",640,368,true],"1536x1536":["https:\/\/arantv.az\/wp-content\/uploads\/2024\/10\/f452b5cf399674286e4f26beeebcc98b.jpg",870,500,false],"2048x2048":["https:\/\/arantv.az\/wp-content\/uploads\/2024\/10\/f452b5cf399674286e4f26beeebcc98b.jpg",870,500,false],"post-thumbnail":["https:\/\/arantv.az\/wp-content\/uploads\/2024\/10\/f452b5cf399674286e4f26beeebcc98b-240x172.jpg",240,172,true],"advps-thumb-one":["https:\/\/arantv.az\/wp-content\/uploads\/2024\/10\/f452b5cf399674286e4f26beeebcc98b.jpg",870,500,false]},"rttpg_author":{"display_name":"V\u00fcsal Rafiqo\u011flu","author_link":"https:\/\/arantv.az\/?author=2"},"rttpg_comment":0,"rttpg_category":"<a href=\"https:\/\/arantv.az\/?cat=7\" rel=\"category\">D\u00fcnya<\/a>","rttpg_excerpt":"Oktyabr\u0131n 15-d\u0259 Parisd\u0259 saxlan\u0131lan Fransan\u0131n m\u00fcst\u0259ml\u0259k\u0259\u00e7ilik siyas\u0259ti \u0259leyhin\u0259, el\u0259c\u0259 d\u0259 anti-imperialist m\u00f6vqeyi il\u0259 tan\u0131nan siyasi aktivist Kemi Seba azadl\u0131\u011fa burax\u0131l\u0131b. \u201cLe Parisien\u201din x\u0259b\u0259rin\u0259 g\u00f6r\u0259, o, oktyabr\u0131n 16-da burax\u0131lsa da, r\u0259smi a\u00e7\u0131qlama bu g\u00fcn yay\u0131l\u0131b. Kemi Seban\u0131n v\u0259kili bildirib ki, o, regionun daxili m\u0259s\u0259l\u0259l\u0259rin\u0259 k\u0259nar m\u00fcdaxil\u0259, el\u0259c\u0259 d\u0259 xarici d\u00f6vl\u0259tin xeyrin\u0259 casusluq faktlar\u0131 \u00fczr\u0259 qald\u0131r\u0131lan cinay\u0259t&hellip;","_links":{"self":[{"href":"https:\/\/arantv.az\/index.php?rest_route=\/wp\/v2\/posts\/762290"}],"collection":[{"href":"https:\/\/arantv.az\/index.php?rest_route=\/wp\/v2\/posts"}],"about":[{"href":"https:\/\/arantv.az\/index.php?rest_route=\/wp\/v2\/types\/post"}],"author":[{"embeddable":true,"href":"https:\/\/arantv.az\/index.php?rest_route=\/wp\/v2\/users\/2"}],"replies":[{"embeddable":true,"href":"https:\/\/arantv.az\/index.php?rest_route=%2Fwp%2Fv2%2Fcomments&post=762290"}],"version-history":[{"count":2,"href":"https:\/\/arantv.az\/index.php?rest_route=\/wp\/v2\/posts\/762290\/revisions"}],"predecessor-version":[{"id":762293,"href":"https:\/\/arantv.az\/index.php?rest_route=\/wp\/v2\/posts\/762290\/revisions\/762293"}],"wp:featuredmedia":[{"embeddable":true,"href":"https:\/\/arantv.az\/index.php?rest_route=\/wp\/v2\/media\/762291"}],"wp:attachment":[{"href":"https:\/\/arantv.az\/index.php?rest_route=%2Fwp%2Fv2%2Fmedia&parent=762290"}],"wp:term":[{"taxonomy":"category","embeddable":true,"href":"https:\/\/arantv.az\/index.php?rest_route=%2Fwp%2Fv2%2Fcategories&post=762290"},{"taxonomy":"post_tag","embeddable":true,"href":"https:\/\/arantv.az\/index.php?rest_route=%2Fwp%2Fv2%2Ftags&post=762290"}],"curies":[{"name":"wp","href":"https:\/\/api.w.org\/{rel}","templated":true}]}}