{"id":762482,"date":"2024-10-18T09:36:58","date_gmt":"2024-10-18T05:36:58","guid":{"rendered":"https:\/\/arantv.az\/?p=762482"},"modified":"2024-10-18T09:36:58","modified_gmt":"2024-10-18T05:36:58","slug":"bakidan-qayidan-f%c9%99allari-makron-h%c9%99bs-etdirir","status":"publish","type":"post","link":"https:\/\/arantv.az\/?p=762482","title":{"rendered":"Bak\u0131dan qay\u0131dan f\u0259allar\u0131 Makron h\u0259bs etdirir"},"content":{"rendered":"<p><strong>Fransan\u0131n Afrikadak\u0131 neokolonial siyas\u0259tin\u0259 qar\u015f\u0131 f\u0259al m\u00fcbariz\u0259 aparan Kemi Seban\u0131n v\u0259 dig\u0259rl\u0259rinin saxlan\u0131lmas\u0131 bu \u00f6lk\u0259nin \u0259sl mahiyy\u0259tini ortaya qoyur<\/strong><\/p>\n<p>Fransa x\u00fcsusi xidm\u0259t orqanlar\u0131 m\u0259\u015fhur afrikal\u0131 f\u0259al Kemi Seban\u0131 h\u0259bs edib. Sonuncu bu yax\u0131nlarda Bak\u0131da \u201cAfrikada frans\u0131z neokolonializmi\u201dn\u0259 h\u0259sr olunmu\u015f beyn\u0259lxalq konfransda i\u015ftirak v\u0259 \u00e7\u0131x\u0131\u015f edib.<\/p>\n<p>Fransa medias\u0131 Seban\u0131n (\u0259sl ad\u0131 Stellio Gilles Robert Kapo \u00c7i\u00e7idir) oktyabr\u0131n 14-d\u0259 Daxili T\u0259hl\u00fck\u0259sizlik Ba\u015f M\u00fcdirliyinin (DGSI) \u0259m\u0259kda\u015flar\u0131 t\u0259r\u0259find\u0259n saxlan\u0131ld\u0131\u011f\u0131n\u0131 yaz\u0131b. Seban\u0131n r\u0259hb\u0259rlik etdiyi \u201cUrgences panafricanistes\u201d t\u0259\u015fkilat\u0131n\u0131n press-relizin\u0259 g\u00f6r\u0259, onunla birlikd\u0259 bu t\u0259\u015fkilat\u0131n koordinatoru Heri Djekuti d\u0259 saxlan\u0131l\u0131b.<\/p>\n<p><em>Kemi Seban\u0131n \u015eengen zonas\u0131nda s\u0259rb\u0259st h\u0259r\u0259k\u0259t h\u00fcququ ver\u0259n v\u0259 \u00fc\u00e7 aydan \u00e7ox Fransada qalmas\u0131na imkan ver\u0259n D kateqoriyal\u0131 vizas\u0131 oldu\u011fu bildirilir. Qeyd olunur ki, f\u0259al Paris\u0259 Beninli h\u0259mkarlar\u0131 il\u0259 g\u00f6r\u00fc\u015fm\u0259k v\u0259 x\u0259st\u0259 valideynl\u0259rin\u0259 ba\u015f \u00e7\u0259km\u0259k \u00fc\u00e7\u00fcn gedib. O, \u201cFransan\u0131n Afrikadak\u0131 neokolonial siyas\u0259tin\u0259\u201d qar\u015f\u0131 f\u0259al m\u00fcbariz\u0259 apar\u0131r. 2011-ci ild\u0259 Fransan\u0131 t\u0259rk ed\u0259r\u0259k Seneqala k\u00f6\u00e7\u00fcb v\u0259 burada siyasi f\u0259aliyy\u0259tini davam etdirib v\u0259 Afrika universitetl\u0259rind\u0259 m\u00fchazir\u0259l\u0259r oxuyub. 2017-ci ild\u0259 Seneqal hakimiyy\u0259ti Seban\u0131 ictimai t\u0259hl\u00fck\u0259sizliy\u0259 t\u0259hdid adland\u0131raraq \u00f6lk\u0259d\u0259n qovmu\u015fdu. F\u0259al daha sonra Benin\u0259 k\u00f6\u00e7\u00fcb v\u0259 i\u015fini orada, sonra is\u0259 Kot-d\u2019\u0130vuarda davam etdirib.<\/em><\/p>\n<p>2024-c\u00fc ilin fevral\u0131nda Fransa hakimiyy\u0259ti Seban\u0131n Fransa v\u0259t\u0259nda\u015fl\u0131\u011f\u0131ndan m\u0259hrum edilm\u0259si proseduruna ba\u015flay\u0131b. F\u0259al b\u00fct\u00fcn Q\u0259rbi Afrikada frans\u0131z \u0259leyhin\u0259 \u0259hval-ruhiyy\u0259 yaymaqda ittiham olunur. 2024-c\u00fc ilin iyulunda Fransa prezidenti Emmanuel Makron onun v\u0259t\u0259nda\u015fl\u0131\u011f\u0131n\u0131 l\u0259\u011fv edib. Fransa x\u00fcsusi xidm\u0259t orqanlar\u0131 h\u0259l\u0259 ki f\u0259al\u0131n konkret n\u0259d\u0259 ittiham olundu\u011funu a\u00e7\u0131qlamay\u0131b.<\/p>\n<p>Bak\u0131 T\u0259\u015f\u0259bb\u00fcs Qrupu b\u0259yanat\u0131nda onun Fransa h\u00fcquq-m\u00fchafiz\u0259 orqanlar\u0131 t\u0259r\u0259find\u0259n \u201cqanunsuz saxlanmas\u0131n\u0131\u201d q\u0259ti \u015f\u0259kild\u0259 pisl\u0259yib. B\u0259yanatda qeyd edilir ki, \u201cbu qanunsuz add\u0131m t\u0259kc\u0259 \u015f\u0259xsi azadl\u0131q v\u0259 insan h\u00fcquqlar\u0131n\u0131n kobud \u015f\u0259kild\u0259 pozulmas\u0131 deyil, h\u0259m d\u0259 &#8220;Afrika xalqlar\u0131n\u0131n neokolonializm\u0259 qar\u015f\u0131 m\u00fcbariz\u0259sin\u0259 v\u0259 onlar\u0131n suverenlik h\u00fcququna t\u0259zyiqdir&#8221;.<\/p>\n<p>\u201cKemi Seba uzun ill\u0259r neokolonial siyas\u0259tl\u0259r\u0259 qar\u015f\u0131 \u00e7\u0131x\u0131b v\u0259 Afrikan\u0131n m\u00fcst\u0259qillik m\u00fcbariz\u0259sind\u0259 m\u00fch\u00fcm fiqurdur. Onun h\u0259bsi ifad\u0259 v\u0259 siyasi f\u0259aliyy\u0259t azadl\u0131\u011f\u0131n\u0131 pozmaqla yana\u015f\u0131, bir daha s\u00fcbut edir ki, Fransa qeyri-qanuni \u00fcsullarla Afrikada \u00f6z t\u0259sirini saxlamaq ist\u0259yir. Bu c\u00fcr h\u0259r\u0259k\u0259tl\u0259r Fransa d\u00f6vl\u0259tinin m\u00fcst\u0259ml\u0259k\u0259\u00e7ilik t\u0259f\u0259kk\u00fcr\u00fcn\u0259 qalib g\u0259l\u0259 bilm\u0259diyini v\u0259 hegemonluq axtar\u0131\u015flar\u0131n\u0131 davam etdirdiyini g\u00f6st\u0259rir. Kemi Seba siyasi m\u0259hbusdur v\u0259 h\u0259bs onun siyasi f\u0259aliyy\u0259ti il\u0259 birba\u015fa ba\u011fl\u0131d\u0131r\u201d, &#8211; Bak\u0131 T\u0259\u015f\u0259bb\u00fcs Qrupunun b\u0259yanat\u0131nda deyilir.<\/p>\n<p><img src=\"https:\/\/sfera.az\/file\/articles\/2024\/07\/03\/1720029544_ayxan-hacizade.jpg\" alt=\"Ayxan Hac\u0131zad\u0259: &quot;Az\u0259rbaycan\u0131n T\u00fcrkiy\u0259, Pakistanla \u0259laq\u0259l\u0259ri xalqlar\u0131m\u0131z\u0131n  qarda\u015fl\u0131\u011f\u0131na, qar\u015f\u0131l\u0131ql\u0131 h\u00f6rm\u0259t v\u0259 etimad\u0131na \u0259saslan\u0131r&quot;\" \/><\/p>\n<p><strong>Ayxan Hac\u0131zad\u0259<\/strong><\/p>\n<p><strong>Az\u0259rbaycan Xarici \u0130\u015fl\u0259r Nazirliyinin m\u0259tbuat katibi Ayxan Hac\u0131zad\u0259 Seba bar\u0259sind\u0259 h\u0259bs-q\u0259timkan t\u0259dbirinin se\u00e7ilm\u0259sini Fransada fundamental insan haqlar\u0131n\u0131n pozuntusu kimi qiym\u0259tl\u0259ndirib:<\/strong>\u00a0\u201cFransa t\u0259r\u0259fi aidiyy\u0259ti istintaq\u0131 tam \u015f\u0259ffaf v\u0259 \u0259dal\u0259tli \u015f\u0259kild\u0259 aparmal\u0131 v\u0259 beyn\u0259lxalq ictimaiyy\u0259t m\u00fcvafiq olaraq m\u0259lumatland\u0131r\u0131lmal\u0131d\u0131r. Hesab edirik ki, Fransada siyasi motivli bu kimi h\u0259bsl\u0259r Avropa \u0130ttifaq\u0131, Avropa \u015euras\u0131 v\u0259 Avropada T\u0259hl\u00fck\u0259sizlik v\u0259 \u018fm\u0259kda\u015fl\u0131q T\u0259\u015fkilat\u0131n\u0131n aidiyy\u0259ti qurumlar\u0131 t\u0259r\u0259find\u0259n ara\u015fd\u0131r\u0131lmal\u0131, m\u00fcvafiq qiym\u0259t verilm\u0259lidir\u201d.<\/p>\n<p><img loading=\"lazy\" src=\"https:\/\/cdn.musavat.com\/news\/thumbnails\/7d675331ac0c541a737d7613073beef7.jpg\" alt=\"gunay agamali.jpeg (96 KB)\" width=\"800\" height=\"731\" \/><\/p>\n<p><strong>G\u00fcnay A\u011famal\u0131<\/strong><\/p>\n<p><strong>Ana V\u0259t\u0259n Partiyas\u0131n\u0131n s\u0259dr m\u00fcavini, deputat G\u00fcnay A\u011famal\u0131 \u201cYeni M\u00fcsavat\u201da s\u00f6yl\u0259di ki, XXI \u0259sr olmas\u0131na baxmayaraq bir \u00e7ox \u00f6lk\u0259l\u0259r v\u0259 xalqlar h\u0259l\u0259 d\u0259\u00a0 Fransan\u0131n m\u00fcst\u0259ml\u0259k\u0259 siyas\u0259tind\u0259n \u0259ziyy\u0259t \u00e7\u0259kir:<\/strong>\u00a0\u201cFrans\u0131z r\u0259smil\u0259r ad\u0259t\u0259n qar\u015f\u0131lar\u0131na \u00e7\u0131xan h\u0259r f\u00fcrs\u0259td\u0259 demokratik \u0259n\u0259n\u0259l\u0259rd\u0259n, insan h\u00fcquq v\u0259 azadl\u0131qlar\u0131ndan, beyn\u0259lxalq h\u00fcququn aliliyind\u0259n dan\u0131\u015faraq b\u00fct\u00fcn d\u00fcnyaya d\u0259rs verm\u0259k iddialar\u0131 s\u0259rgil\u0259yirl\u0259r. Lakin \u00f6zl\u0259ri fundamental d\u0259y\u0259rl\u0259ri d\u00f6vl\u0259t s\u0259viyy\u0259sind\u0259 he\u00e7\u0259 say\u0131r, imperiya maraqlar\u0131 \u0259sas\u0131nda dig\u0259r xalqlar\u0131 k\u00f6l\u0259 etm\u0259y\u0259 \u00e7al\u0131\u015f\u0131rlar. Bunlar birm\u0259nal\u0131 olaraq Fransan\u0131n qanl\u0131 v\u0259 qaranl\u0131q ke\u00e7mi\u015find\u0259n qaynaqlanan x\u00fcsusiyy\u0259tl\u0259rdir.<\/p>\n<p>Az\u0259rbaycan imperiya siyas\u0259ti v\u0259 i\u015f\u011faldan \u0259ziyy\u0259t \u00e7\u0259k\u0259n \u00f6lk\u0259 kimi, d\u00fcnya miqyas\u0131nda neokolinalist yana\u015fmalara qar\u015f\u0131 f\u0259al m\u00fcbariz\u0259 apar\u0131r. \u00d6lk\u0259miz i\u015ftirak\u0131 say\u0131na g\u00f6r\u0259 BMT-d\u0259n sonra \u0259n b\u00f6y\u00fck beyn\u0259lxalq t\u0259sisat hesab olunan Qo\u015fulmama H\u0259r\u0259kat\u0131nda \u0259dal\u0259t prinsipl\u0259rin\u0259 s\u00f6yk\u0259n\u0259n yana\u015fmalarla Fransan\u0131n neokolinalizim siyas\u0259tini d\u0259f\u0259l\u0259rl\u0259 if\u015fa edib, b\u00f6y\u00fck g\u00fccl\u0259rin m\u00fcst\u0259ml\u0259k\u0259 siyas\u0259tin\u0259 qar\u015f\u0131 m\u00fcqavim\u0259t oxu yarad\u0131b. Art\u0131q c\u0259nab Prezident \u0130lham \u018fliyevin r\u0259hb\u0259rlik etdiyi Az\u0259rbaycan diplomatiyas\u0131n\u0131n u\u011furlu add\u0131mlar\u0131 \u00f6z m\u00fcsb\u0259t t\u0259sirini g\u00f6st\u0259rm\u0259kd\u0259dir. Afrikada ba\u015f ver\u0259n h\u0259rbi-siyasi prosesl\u0259r, Makron Fransas\u0131n\u0131n qit\u0259 \u0259razisind\u0259n qovulmas\u0131 bunun bariz n\u00fcmun\u0259sidir. Lakin b\u00fct\u00fcn bunlara baxmayaraq r\u0259smi Paris \u00f6z\u00fcn\u00fcn s\u00fcr\u00fcnd\u00fcrm\u0259\u00e7i, kolonializm siyas\u0259tind\u0259n \u0259l \u00e7\u0259km\u0259k ist\u0259mir, bu siyas\u0259t\u0259 qar\u015f\u0131 g\u0259l\u0259nl\u0259r\u0259 qar\u015f\u0131 \u00e7irkin yana\u015fmalar\u0131n t\u0259tbiqi il\u0259 m\u00fcbariz\u0259 apar\u0131r. Bu yax\u0131nlarda Bak\u0131da \u201cAfrikada frans\u0131z neokolinalizimin\u0259\u201dn\u0259 h\u0259sr olunmu\u015f beyn\u0259lxalq konfransda i\u015ftirak ed\u0259n afrikal\u0131 siyasi f\u0259al Kemi Seban\u0131n Fransa x\u00fcsusi xidm\u0259t orqanlar\u0131 t\u0259r\u0259find\u0259n h\u0259bs edilm\u0259si narahatl\u0131q do\u011furmaya bilm\u0259z. Bu c\u00fcr hadis\u0259nin ya\u015fanmas\u0131 Fransada insan h\u00fcquqlar\u0131, ifad\u0259 azadl\u0131\u011f\u0131 v\u0259 siyasi m\u0259nsubiyy\u0259tl\u0259 ba\u011fl\u0131 ciddi probleml\u0259rin oldu\u011funu s\u00fcbut edir&#8221;.<\/p>\n<p><img loading=\"lazy\" src=\"https:\/\/apa.az\/storage\/news\/2023\/august\/21\/big\/64e352757d57064e352757d5711692619381c21c6509a23f20fefb2e590c513f8e46.jpeg\" alt=\"V\u00fcqar \u0130sk\u0259nd\u0259rov: BQXK humanizm prinsipl\u0259ri il\u0259 p\u0259rd\u0259l\u0259n\u0259r\u0259k s\u0259lib\u00e7ilik  missiyas\u0131 h\u0259yata ke\u00e7irir\" width=\"800\" height=\"533\" \/><\/p>\n<p><strong>V\u00fcqar \u0130sg\u0259nd\u0259rov<\/strong><\/p>\n<p><strong>Milli M\u0259clisin \u00fczv\u00fc V\u00fcqar \u0130sg\u0259nd\u0259rov deyib ki, uzun ill\u0259r insan haqlar\u0131n\u0131 kobudcas\u0131na pozan, Afrikada m\u00fcst\u0259ml\u0259k\u0259 siyas\u0259ti y\u00fcr\u00fcd\u0259n Fransa bu g\u00fcn d\u0259 \u201c\u0259n\u0259n\u0259sin\u0259\u201d sadiqdir:<\/strong>\u00a0\u201cMakronun r\u0259hb\u0259rliyind\u0259ki haz\u0131rk\u0131 Fransada c\u0259r\u0259yan ed\u0259n prosesl\u0259r d\u0259 bunu t\u0259sdiql\u0259yir. Fransa x\u00fcsusi xidm\u0259t orqanlar\u0131 t\u0259r\u0259find\u0259n m\u0259\u015fhur afrikal\u0131 f\u0259al Kemi Seban\u0131n h\u0259bs edilm\u0259si bu \u00f6lk\u0259d\u0259 fundamental insan haqlar\u0131n\u0131n pozuldu\u011funun n\u00f6vb\u0259ti\u00a0 s\u00fcbutudur\u201d.<\/p>\n<p><strong>Deputat deyib ki, Fransada siyasi motivli bu kimi h\u0259bsl\u0259r Avropa \u0130ttifaq\u0131, Avropa \u015euras\u0131 v\u0259 Avropada T\u0259hl\u00fck\u0259sizlik v\u0259 \u018fm\u0259kda\u015fl\u0131q T\u0259\u015fkilat\u0131n\u0131n aidiyy\u0259ti qurumlar\u0131 t\u0259r\u0259find\u0259n ara\u015fd\u0131r\u0131lmal\u0131, m\u00fcvafiq qiym\u0259t verilm\u0259lidir:<\/strong>\u00a0\u201cKemi Seban bu yax\u0131nlarda Bak\u0131da &#8220;Afrikada frans\u0131z neokolonializmi&#8221;n\u0259 h\u0259sr olunmu\u015f beyn\u0259lxalq konfransda i\u015ftirak v\u0259 \u00e7\u0131x\u0131\u015f edib. Fransa h\u00fcquq-m\u00fchafiz\u0259 orqanlar\u0131 t\u0259r\u0259find\u0259n at\u0131lan bu qanunsuz add\u0131m t\u0259kc\u0259 \u015f\u0259xsi azadl\u0131q v\u0259 insan h\u00fcquqlar\u0131n\u0131n kobud \u015f\u0259kild\u0259 pozulmas\u0131 deyil, h\u0259m d\u0259 Afrika xalqlar\u0131n\u0131n neokolonializm\u0259 qar\u015f\u0131 m\u00fcbariz\u0259sin\u0259 v\u0259 onlar\u0131n suverenlik h\u00fcququna t\u0259zyiqdir. Kemi Seba uzun ill\u0259r neokolonial siyas\u0259tl\u0259r\u0259 qar\u015f\u0131 \u00e7\u0131x\u0131b v\u0259 Afrikan\u0131n m\u00fcst\u0259qillik m\u00fcbariz\u0259sind\u0259 m\u00fch\u00fcm fiqurdur. Onun h\u0259bsi ifad\u0259 v\u0259 siyasi f\u0259aliyy\u0259t azadl\u0131\u011f\u0131n\u0131 pozmaqla yana\u015f\u0131, bir daha s\u00fcbut edir ki, Fransa qeyri-qanuni \u00fcsullarla Afrikada \u00f6z t\u0259sirini saxlamaq ist\u0259yir. Hesab edir\u0259m ki, bu add\u0131mlar Fransan\u0131n bir d\u00f6vl\u0259t olaraq m\u00fcst\u0259ml\u0259k\u0259\u00e7ilik t\u0259f\u0259kk\u00fcr\u00fcn\u0259 qalib g\u0259l\u0259 bilm\u0259diyini v\u0259 hegemonluq axtar\u0131\u015flar\u0131n\u0131 davam etdirdiyini g\u00f6st\u0259rir&#8221;.<\/p>\n<p><strong>Cavan\u015fir ABBASLI,<\/strong><br \/>\n<strong>\u201cYeni M\u00fcsavat\u201d<\/strong><\/p>\n","protected":false},"excerpt":{"rendered":"<p>Fransan\u0131n Afrikadak\u0131 neokolonial siyas\u0259tin\u0259 qar\u015f\u0131 f\u0259al m\u00fcbariz\u0259 aparan Kemi Seban\u0131n v\u0259 dig\u0259rl\u0259rinin saxlan\u0131lmas\u0131 bu \u00f6lk\u0259nin \u0259sl mahiyy\u0259tini ortaya qoyur Fransa x\u00fcsusi xidm\u0259t orqanlar\u0131 m\u0259\u015fhur afrikal\u0131 f\u0259al Kemi Seban\u0131 h\u0259bs edib. Sonuncu bu yax\u0131nlarda Bak\u0131da \u201cAfrikada frans\u0131z neokolonializmi\u201dn\u0259 h\u0259sr olunmu\u015f beyn\u0259lxalq konfransda i\u015ftirak v\u0259 \u00e7\u0131x\u0131\u015f edib. Fransa medias\u0131 Seban\u0131n (\u0259sl ad\u0131 Stellio Gilles Robert Kapo \u00c7i\u00e7idir) oktyabr\u0131n 14-d\u0259 Daxili T\u0259hl\u00fck\u0259sizlik Ba\u015f M\u00fcdirliyinin (DGSI) \u0259m\u0259kda\u015flar\u0131 t\u0259r\u0259find\u0259n saxlan\u0131ld\u0131\u011f\u0131n\u0131 yaz\u0131b. Seban\u0131n r\u0259hb\u0259rlik etdiyi \u201cUrgences panafricanistes\u201d t\u0259\u015fkilat\u0131n\u0131n press-relizin\u0259 g\u00f6r\u0259, onunla birlikd\u0259 bu t\u0259\u015fkilat\u0131n koordinatoru Heri Djekuti d\u0259 saxlan\u0131l\u0131b. Kemi Seban\u0131n \u015eengen zonas\u0131nda s\u0259rb\u0259st h\u0259r\u0259k\u0259t h\u00fcququ&hellip;<\/p>\n","protected":false},"author":2,"featured_media":762483,"comment_status":"closed","ping_status":"closed","sticky":false,"template":"","format":"standard","meta":{"om_disable_all_campaigns":false,"_monsterinsights_skip_tracking":false,"_monsterinsights_sitenote_active":false,"_monsterinsights_sitenote_note":"","_monsterinsights_sitenote_category":0},"categories":[4],"tags":[],"aioseo_notices":[],"gutentor_comment":0,"rttpg_featured_image_url":{"full":["https:\/\/arantv.az\/wp-content\/uploads\/2024\/10\/f23ac67b2c95dbe4923b568eb9875552.jpg",870,500,false],"landscape":["https:\/\/arantv.az\/wp-content\/uploads\/2024\/10\/f23ac67b2c95dbe4923b568eb9875552.jpg",870,500,false],"portraits":["https:\/\/arantv.az\/wp-content\/uploads\/2024\/10\/f23ac67b2c95dbe4923b568eb9875552.jpg",870,500,false],"thumbnail":["https:\/\/arantv.az\/wp-content\/uploads\/2024\/10\/f23ac67b2c95dbe4923b568eb9875552-500x280.jpg",500,280,true],"medium":["https:\/\/arantv.az\/wp-content\/uploads\/2024\/10\/f23ac67b2c95dbe4923b568eb9875552-635x365.jpg",635,365,true],"large":["https:\/\/arantv.az\/wp-content\/uploads\/2024\/10\/f23ac67b2c95dbe4923b568eb9875552-840x483.jpg",640,368,true],"1536x1536":["https:\/\/arantv.az\/wp-content\/uploads\/2024\/10\/f23ac67b2c95dbe4923b568eb9875552.jpg",870,500,false],"2048x2048":["https:\/\/arantv.az\/wp-content\/uploads\/2024\/10\/f23ac67b2c95dbe4923b568eb9875552.jpg",870,500,false],"post-thumbnail":["https:\/\/arantv.az\/wp-content\/uploads\/2024\/10\/f23ac67b2c95dbe4923b568eb9875552-240x172.jpg",240,172,true],"advps-thumb-one":["https:\/\/arantv.az\/wp-content\/uploads\/2024\/10\/f23ac67b2c95dbe4923b568eb9875552.jpg",870,500,false]},"rttpg_author":{"display_name":"V\u00fcsal Rafiqo\u011flu","author_link":"https:\/\/arantv.az\/?author=2"},"rttpg_comment":0,"rttpg_category":"<a href=\"https:\/\/arantv.az\/?cat=4\" rel=\"category\">Siyas\u0259t<\/a>","rttpg_excerpt":"Fransan\u0131n Afrikadak\u0131 neokolonial siyas\u0259tin\u0259 qar\u015f\u0131 f\u0259al m\u00fcbariz\u0259 aparan Kemi Seban\u0131n v\u0259 dig\u0259rl\u0259rinin saxlan\u0131lmas\u0131 bu \u00f6lk\u0259nin \u0259sl mahiyy\u0259tini ortaya qoyur Fransa x\u00fcsusi xidm\u0259t orqanlar\u0131 m\u0259\u015fhur afrikal\u0131 f\u0259al Kemi Seban\u0131 h\u0259bs edib. Sonuncu bu yax\u0131nlarda Bak\u0131da \u201cAfrikada frans\u0131z neokolonializmi\u201dn\u0259 h\u0259sr olunmu\u015f beyn\u0259lxalq konfransda i\u015ftirak v\u0259 \u00e7\u0131x\u0131\u015f edib. Fransa medias\u0131 Seban\u0131n (\u0259sl ad\u0131 Stellio Gilles Robert Kapo \u00c7i\u00e7idir)&hellip;","_links":{"self":[{"href":"https:\/\/arantv.az\/index.php?rest_route=\/wp\/v2\/posts\/762482"}],"collection":[{"href":"https:\/\/arantv.az\/index.php?rest_route=\/wp\/v2\/posts"}],"about":[{"href":"https:\/\/arantv.az\/index.php?rest_route=\/wp\/v2\/types\/post"}],"author":[{"embeddable":true,"href":"https:\/\/arantv.az\/index.php?rest_route=\/wp\/v2\/users\/2"}],"replies":[{"embeddable":true,"href":"https:\/\/arantv.az\/index.php?rest_route=%2Fwp%2Fv2%2Fcomments&post=762482"}],"version-history":[{"count":1,"href":"https:\/\/arantv.az\/index.php?rest_route=\/wp\/v2\/posts\/762482\/revisions"}],"predecessor-version":[{"id":762484,"href":"https:\/\/arantv.az\/index.php?rest_route=\/wp\/v2\/posts\/762482\/revisions\/762484"}],"wp:featuredmedia":[{"embeddable":true,"href":"https:\/\/arantv.az\/index.php?rest_route=\/wp\/v2\/media\/762483"}],"wp:attachment":[{"href":"https:\/\/arantv.az\/index.php?rest_route=%2Fwp%2Fv2%2Fmedia&parent=762482"}],"wp:term":[{"taxonomy":"category","embeddable":true,"href":"https:\/\/arantv.az\/index.php?rest_route=%2Fwp%2Fv2%2Fcategories&post=762482"},{"taxonomy":"post_tag","embeddable":true,"href":"https:\/\/arantv.az\/index.php?rest_route=%2Fwp%2Fv2%2Ftags&post=762482"}],"curies":[{"name":"wp","href":"https:\/\/api.w.org\/{rel}","templated":true}]}}