{"id":762495,"date":"2024-10-18T10:38:52","date_gmt":"2024-10-18T06:38:52","guid":{"rendered":"https:\/\/arantv.az\/?p=762495"},"modified":"2024-10-18T10:38:52","modified_gmt":"2024-10-18T06:38:52","slug":"xan-yunisd%c9%99n-olan-q%c9%99ssab-h%c9%99mas-lideri-y%c9%99hya-sinvar-kimdir","status":"publish","type":"post","link":"https:\/\/arantv.az\/?p=762495","title":{"rendered":"Xan-Yunisd\u0259n olan &#8220;Q\u0259ssab&#8221;: H\u018fMAS-lideri Y\u0259hya Sinvar kimdir?"},"content":{"rendered":"<p><strong>17 oktyabrda \u0130srail M\u00fcdafi\u0259 Q\u00fcvv\u0259l\u0259ri (IDF) t\u0259r\u0259find\u0259n \u00f6ld\u00fcr\u00fcl\u0259n Y\u0259hya Sinvar bioqrafiyas\u0131n\u0131n t\u0259f\u0259rr\u00fcatlar\u0131n\u0131 xarici mediada yer alan materiallara istinad\u0259n Musavat.com t\u0259qdim edir:<\/strong><\/p>\n<p>Y\u0259hya Sinvar 29 oktyabr 1962-ci ild\u0259 Q\u0259zza sektorunun c\u0259nubundak\u0131 Xan-Yunis qa\u00e7q\u0131n d\u00fc\u015f\u0259rg\u0259sind\u0259 do\u011fulub. Onun valideynl\u0259ri 1948-ci il \u018fr\u0259b-\u0130srail m\u00fcharib\u0259sind\u0259n sonra \u0259l-M\u0259cd\u0259l (haz\u0131rda \u0130srailin A\u015fkelon \u015f\u0259h\u0259ri) \u015f\u0259h\u0259rind\u0259n d\u00fc\u015f\u0259rg\u0259y\u0259 k\u00f6\u00e7\u00fcr\u00fcl\u00fcbl\u0259r. O, BMT-nin Yax\u0131n \u015e\u0259rq F\u0259l\u0259stin Qa\u00e7q\u0131nlar\u0131na Yard\u0131m v\u0259 \u0130\u015fl\u0259r \u00fczr\u0259 Agentliyi t\u0259r\u0259find\u0259n t\u0259\u015fkil olunan m\u0259kt\u0259bd\u0259 t\u0259hsil al\u0131b.<\/p>\n<p>Y\u0259hya Sinvar 1980-ci ill\u0259rin \u0259vv\u0259ll\u0259rind\u0259\u00a0 Q\u0259zza \u0130slam Universitetin\u0259 daxil olub v\u0259 orada \u0259r\u0259b dili fak\u00fclt\u0259sini bitirib. \u0130srailin x\u00fcsusi xidm\u0259t orqanlar\u0131 v\u0259 K\u0130V-l\u0259ri \u0130slam Universiteti il\u0259 H\u018fMAS aras\u0131nda s\u0131x \u0259laq\u0259l\u0259rin oldu\u011funu bildirir, bu t\u0259hsil oca\u011f\u0131n\u0131 h\u0259r\u0259kat\u0131n \u201cbeyin m\u0259rk\u0259zi\u201d adland\u0131r\u0131rd\u0131lar. &#8220;The Chronicle of Higher Education&#8221; n\u0259\u015fri 2008-ci ild\u0259 bu universitetin sonradan Y\u0259hya Sinvar\u0131 i\u015f\u0259 g\u00f6t\u00fcr\u0259n H\u018fMAS-\u0131n m\u0259n\u0259vi lideri \u015feyx \u018fhm\u0259d Yasin t\u0259r\u0259find\u0259n t\u0259sis edildiyini yaz\u0131b.<\/p>\n<p>Y\u0259hya Sinvar ilk d\u0259f\u0259 1982-ci ild\u0259 h\u0259l\u0259 t\u0259l\u0259b\u0259 olark\u0259n, ikinci d\u0259f\u0259 1985-ci ild\u0259 \u0130srail polisi t\u0259r\u0259find\u0259n h\u0259bs edilib.\u00a0 Azadl\u0131\u011fa burax\u0131ld\u0131qdan sonra 1987-ci ild\u0259 birinci f\u0259l\u0259stin intifadas\u0131 zaman\u0131 H\u018fMAS-\u0131n daxili t\u0259hl\u00fck\u0259sizlik q\u00fcvv\u0259l\u0259rinin rolunu \u00f6z \u00fcz\u0259rin\u0259 g\u00f6t\u00fcr\u0259n \u201cM\u0259cd\u201d t\u0259\u015fkilat\u0131n\u0131 yarad\u0131b. O, \u0130sraill\u0259 \u0259m\u0259kda\u015fl\u0131qda \u015f\u00fcbh\u0259li bilin\u0259n f\u0259l\u0259stinlil\u0259rin axtar\u0131\u015f\u0131 v\u0259 m\u0259hv edilm\u0259si il\u0259 m\u0259\u015f\u011ful olub. Y\u0259hya Sinvar \u015f\u0259xs\u0259n q\u0259tll\u0259rd\u0259 i\u015ftirak ed\u0259r\u0259k \u201cXan-Yunis q\u0259ssab\u0131\u201d l\u0259q\u0259bini al\u0131b.<\/p>\n<p>1988-ci ild\u0259 o, iki israilli \u0259sg\u0259rinin, d\u00f6rd f\u0259l\u0259stinlinin qa\u00e7\u0131r\u0131lmas\u0131 v\u0259 q\u0259tli il\u0259 ba\u011fl\u0131 h\u0259bs edil\u0259r\u0259k \u00f6m\u00fcrl\u00fck h\u0259bs c\u0259zas\u0131na m\u0259hkum edilib. \u0130srail h\u0259bsxanalar\u0131nda 22 ild\u0259n \u00e7ox vaxt ke\u00e7ir\u0259n Y\u0259hya Sinvar h\u0259tta kamerada yeralt\u0131 ke\u00e7id qazmaqla bir ne\u00e7\u0259 d\u0259f\u0259 h\u0259bsxanadan qa\u00e7ma\u011fa c\u0259hd edib. \u00d6z\u00fcn\u00fc \u201cy\u0259hudi tarixinin m\u00fct\u0259x\u0259ssisi\u201d adland\u0131ran Y\u0259hya Sinvar h\u0259bsxanada ivrit dilini \u00f6yr\u0259nib, \u0130srailin x\u00fcsusi xidm\u0259t orqanlar\u0131n\u0131n ke\u00e7mi\u015f r\u0259hb\u0259rl\u0259rinin t\u0259rc\u00fcmeyi-hallar\u0131n\u0131 \u0259r\u0259b dilin\u0259 t\u0259rc\u00fcm\u0259 edib, F\u0259l\u0259stin m\u00fcqavim\u0259ti tarixind\u0259n kitab yaz\u0131b. 2008-ci ild\u0259 o, beyin \u015fi\u015finin \u00e7\u0131xar\u0131lmas\u0131 \u0259m\u0259liyyat\u0131 ke\u00e7irib.<\/p>\n<p>2011-ci ild\u0259 H\u018fMAS t\u0259r\u0259find\u0259n \u0259sir g\u00f6t\u00fcr\u00fcl\u0259n israilli \u0259sg\u0259r Gilad \u015ealitin azad olunmas\u0131 m\u00fcqabilind\u0259 1027 f\u0259l\u0259stinli m\u0259hbusla birlikd\u0259 Y\u0259hya Sinvar da azadl\u0131\u011fa burax\u0131l\u0131b. Tezlikl\u0259 o, H\u018fMAS-\u0131n siyasi b\u00fcrosuna se\u00e7ilib, 2015-ci ild\u0259 AB\u015e h\u00f6kum\u0259ti t\u0259r\u0259find\u0259n qlobal miqyasl\u0131 terror\u00e7u kimi tan\u0131n\u0131b. \u0130ki il sonra o, \u0130smay\u0131l Haniyy\u0259ni \u0259v\u0259z ed\u0259r\u0259k Q\u0259zza sektorunda H\u018fMAS qrupla\u015fmas\u0131n\u0131n lideri olub. \u201cHizbullah\u201d v\u0259 \u0130ranla \u0259m\u0259kda\u015fl\u0131\u011f\u0131n qurulmas\u0131nda b\u00f6y\u00fck rolu olan Y\u0259hya Sinvar 2018-ci ilin mart\u0131nda \u0130srail s\u0259rh\u0259dind\u0259 d\u00f6y\u00fc\u015f\u0259n qrupla\u015fma d\u00f6y\u00fc\u015f\u00e7\u00fcl\u0259rin\u0259 r\u0259hb\u0259rlik edib.<\/p>\n<p>Y\u0259hya Sinvar, 7 oktyabr 2023-c\u00fc ild\u0259 H\u018fMAS-\u0131n \u0130srail\u0259 qar\u015f\u0131 h\u00fccumunun \u0259sas ilhamvericisi v\u0259 t\u0259\u015fkilat\u00e7\u0131s\u0131 hesab olunur. N\u0259tic\u0259d\u0259 t\u0259xmin\u0259n 1200 n\u0259f\u0259r h\u0259lak olub, 240 n\u0259f\u0259r is\u0259 girov g\u00f6t\u00fcr\u00fcl\u00fcb. 30 noyabrda o, bu h\u00fccumu \u201cyaln\u0131z m\u0259\u015fq\u201d adland\u0131r\u0131b. Dekabr ay\u0131nda \u0130srailin Ba\u015f naziri Benyamin Netanyahu k\u0259\u015ffiyyat xidm\u0259tl\u0259rinin r\u0259hb\u0259rl\u0259rin\u0259 H\u018fMAS liderl\u0259rini, o c\u00fcml\u0259d\u0259n Y\u0259hya Sinvar\u0131 tap\u0131b m\u0259hv etm\u0259yi tap\u015f\u0131r\u0131b. El\u0259 h\u0259min vaxt \u0130srail Xan-Yunisd\u0259 onun yerini g\u00f6st\u0259r\u0259n m\u0259lumat \u00fc\u00e7\u00fcn 400 min dollar m\u00fckafat v\u0259d ed\u0259n v\u0259r\u0259q\u0259l\u0259r yayma\u011fa ba\u015flay\u0131b. 2024-c\u00fc ilin may ay\u0131nda Beyn\u0259lxalq Cinay\u0259t M\u0259hk\u0259m\u0259sinin (BCM) prokuroru K\u0259rim Xan, insanl\u0131\u011fa qar\u015f\u0131 h\u0259rbi cinay\u0259tl\u0259r\u0259 g\u00f6r\u0259 m\u0259sul olan Y\u0259hya Sinvar\u0131n h\u0259bsin\u0259 order t\u0259l\u0259b edib. Eyni ittihamla BCM, \u0130srailin ba\u015f naziri Benyamin Netanyahunun da h\u0259bsin\u0259 nail olma\u011fa \u00e7al\u0131\u015f\u0131r.<\/p>\n<p>6 avqustda Y\u0259hya Sinvar Tehran \u015f\u0259h\u0259rind\u0259 \u00f6ld\u00fcr\u00fclm\u00fc\u015f \u0130smay\u0131l Haniyy\u0259nin yerin\u0259 Q\u0259zza sektorunda H\u018fMAS-\u0131n siyasi b\u00fcrosunun r\u0259hb\u0259ri v\u0259zif\u0259sin\u0259 se\u00e7ilib. Uzun m\u00fcdd\u0259t Y\u0259hya Sinvar\u0131n, \u0130srail ordusunun \u201cQ\u0259zza metrosu\u201d adland\u0131rd\u0131\u011f\u0131 Xan-Yunis tunell\u0259rind\u0259 d\u00f6y\u00fc\u015f\u00e7\u00fc qrupla\u015fmalar\u0131n \u0259ks\u0259riyy\u0259ti il\u0259 birlikd\u0259 gizl\u0259ndiyi d\u00fc\u015f\u00fcn\u00fcl\u00fcrd\u00fc. Sentyabr\u0131n ortalar\u0131nda \u0130srailin \u201cMaariv\u201d q\u0259zeti h\u0259min tunell\u0259r\u0259 IDF z\u0259rb\u0259si bar\u0259d\u0259 m\u0259lumat yay\u0131b. Bundan sonra Y\u0259hya Sinvar iki h\u0259ft\u0259 \u0259rzind\u0259 \u0259laq\u0259y\u0259 \u00e7\u0131xmay\u0131b. 8 oktyabrda onun Q\u0259t\u0259rd\u0259ki H\u018fMAS n\u00fcmay\u0259nd\u0259l\u0259ri il\u0259 \u0259laq\u0259l\u0259rini b\u0259rpa etdiyi m\u0259lum olub.<\/p>\n<p><strong>N\u0259simi,<\/strong><br \/>\n<strong>X\u00fcsusi olaraq Musavat.com \u00fc\u00e7\u00fcn<\/strong><\/p>\n","protected":false},"excerpt":{"rendered":"<p>17 oktyabrda \u0130srail M\u00fcdafi\u0259 Q\u00fcvv\u0259l\u0259ri (IDF) t\u0259r\u0259find\u0259n \u00f6ld\u00fcr\u00fcl\u0259n Y\u0259hya Sinvar bioqrafiyas\u0131n\u0131n t\u0259f\u0259rr\u00fcatlar\u0131n\u0131 xarici mediada yer alan materiallara istinad\u0259n Musavat.com t\u0259qdim edir: Y\u0259hya Sinvar 29 oktyabr 1962-ci ild\u0259 Q\u0259zza sektorunun c\u0259nubundak\u0131 Xan-Yunis qa\u00e7q\u0131n d\u00fc\u015f\u0259rg\u0259sind\u0259 do\u011fulub. Onun valideynl\u0259ri 1948-ci il \u018fr\u0259b-\u0130srail m\u00fcharib\u0259sind\u0259n sonra \u0259l-M\u0259cd\u0259l (haz\u0131rda \u0130srailin A\u015fkelon \u015f\u0259h\u0259ri) \u015f\u0259h\u0259rind\u0259n d\u00fc\u015f\u0259rg\u0259y\u0259 k\u00f6\u00e7\u00fcr\u00fcl\u00fcbl\u0259r. O, BMT-nin Yax\u0131n \u015e\u0259rq F\u0259l\u0259stin Qa\u00e7q\u0131nlar\u0131na Yard\u0131m v\u0259 \u0130\u015fl\u0259r \u00fczr\u0259 Agentliyi t\u0259r\u0259find\u0259n t\u0259\u015fkil olunan m\u0259kt\u0259bd\u0259 t\u0259hsil al\u0131b. Y\u0259hya Sinvar 1980-ci ill\u0259rin \u0259vv\u0259ll\u0259rind\u0259\u00a0 Q\u0259zza \u0130slam Universitetin\u0259 daxil olub v\u0259 orada \u0259r\u0259b dili fak\u00fclt\u0259sini bitirib. \u0130srailin x\u00fcsusi xidm\u0259t orqanlar\u0131 v\u0259 K\u0130V-l\u0259ri \u0130slam Universiteti&hellip;<\/p>\n","protected":false},"author":2,"featured_media":762496,"comment_status":"closed","ping_status":"closed","sticky":false,"template":"","format":"standard","meta":{"om_disable_all_campaigns":false,"_monsterinsights_skip_tracking":false,"_monsterinsights_sitenote_active":false,"_monsterinsights_sitenote_note":"","_monsterinsights_sitenote_category":0},"categories":[7],"tags":[],"aioseo_notices":[],"gutentor_comment":0,"rttpg_featured_image_url":{"full":["https:\/\/arantv.az\/wp-content\/uploads\/2024\/10\/01b92ab1288765b79eb818913d4400b1.jpg",750,421,false],"landscape":["https:\/\/arantv.az\/wp-content\/uploads\/2024\/10\/01b92ab1288765b79eb818913d4400b1.jpg",750,421,false],"portraits":["https:\/\/arantv.az\/wp-content\/uploads\/2024\/10\/01b92ab1288765b79eb818913d4400b1.jpg",750,421,false],"thumbnail":["https:\/\/arantv.az\/wp-content\/uploads\/2024\/10\/01b92ab1288765b79eb818913d4400b1-500x280.jpg",500,280,true],"medium":["https:\/\/arantv.az\/wp-content\/uploads\/2024\/10\/01b92ab1288765b79eb818913d4400b1-650x365.jpg",650,365,true],"large":["https:\/\/arantv.az\/wp-content\/uploads\/2024\/10\/01b92ab1288765b79eb818913d4400b1.jpg",640,359,false],"1536x1536":["https:\/\/arantv.az\/wp-content\/uploads\/2024\/10\/01b92ab1288765b79eb818913d4400b1.jpg",750,421,false],"2048x2048":["https:\/\/arantv.az\/wp-content\/uploads\/2024\/10\/01b92ab1288765b79eb818913d4400b1.jpg",750,421,false],"post-thumbnail":["https:\/\/arantv.az\/wp-content\/uploads\/2024\/10\/01b92ab1288765b79eb818913d4400b1-240x172.jpg",240,172,true],"advps-thumb-one":["https:\/\/arantv.az\/wp-content\/uploads\/2024\/10\/01b92ab1288765b79eb818913d4400b1.jpg",750,421,false]},"rttpg_author":{"display_name":"V\u00fcsal Rafiqo\u011flu","author_link":"https:\/\/arantv.az\/?author=2"},"rttpg_comment":0,"rttpg_category":"<a href=\"https:\/\/arantv.az\/?cat=7\" rel=\"category\">D\u00fcnya<\/a>","rttpg_excerpt":"17 oktyabrda \u0130srail M\u00fcdafi\u0259 Q\u00fcvv\u0259l\u0259ri (IDF) t\u0259r\u0259find\u0259n \u00f6ld\u00fcr\u00fcl\u0259n Y\u0259hya Sinvar bioqrafiyas\u0131n\u0131n t\u0259f\u0259rr\u00fcatlar\u0131n\u0131 xarici mediada yer alan materiallara istinad\u0259n Musavat.com t\u0259qdim edir: Y\u0259hya Sinvar 29 oktyabr 1962-ci ild\u0259 Q\u0259zza sektorunun c\u0259nubundak\u0131 Xan-Yunis qa\u00e7q\u0131n d\u00fc\u015f\u0259rg\u0259sind\u0259 do\u011fulub. Onun valideynl\u0259ri 1948-ci il \u018fr\u0259b-\u0130srail m\u00fcharib\u0259sind\u0259n sonra \u0259l-M\u0259cd\u0259l (haz\u0131rda \u0130srailin A\u015fkelon \u015f\u0259h\u0259ri) \u015f\u0259h\u0259rind\u0259n d\u00fc\u015f\u0259rg\u0259y\u0259 k\u00f6\u00e7\u00fcr\u00fcl\u00fcbl\u0259r. O, BMT-nin Yax\u0131n \u015e\u0259rq F\u0259l\u0259stin Qa\u00e7q\u0131nlar\u0131na&hellip;","_links":{"self":[{"href":"https:\/\/arantv.az\/index.php?rest_route=\/wp\/v2\/posts\/762495"}],"collection":[{"href":"https:\/\/arantv.az\/index.php?rest_route=\/wp\/v2\/posts"}],"about":[{"href":"https:\/\/arantv.az\/index.php?rest_route=\/wp\/v2\/types\/post"}],"author":[{"embeddable":true,"href":"https:\/\/arantv.az\/index.php?rest_route=\/wp\/v2\/users\/2"}],"replies":[{"embeddable":true,"href":"https:\/\/arantv.az\/index.php?rest_route=%2Fwp%2Fv2%2Fcomments&post=762495"}],"version-history":[{"count":1,"href":"https:\/\/arantv.az\/index.php?rest_route=\/wp\/v2\/posts\/762495\/revisions"}],"predecessor-version":[{"id":762497,"href":"https:\/\/arantv.az\/index.php?rest_route=\/wp\/v2\/posts\/762495\/revisions\/762497"}],"wp:featuredmedia":[{"embeddable":true,"href":"https:\/\/arantv.az\/index.php?rest_route=\/wp\/v2\/media\/762496"}],"wp:attachment":[{"href":"https:\/\/arantv.az\/index.php?rest_route=%2Fwp%2Fv2%2Fmedia&parent=762495"}],"wp:term":[{"taxonomy":"category","embeddable":true,"href":"https:\/\/arantv.az\/index.php?rest_route=%2Fwp%2Fv2%2Fcategories&post=762495"},{"taxonomy":"post_tag","embeddable":true,"href":"https:\/\/arantv.az\/index.php?rest_route=%2Fwp%2Fv2%2Ftags&post=762495"}],"curies":[{"name":"wp","href":"https:\/\/api.w.org\/{rel}","templated":true}]}}