{"id":762511,"date":"2024-10-18T10:43:08","date_gmt":"2024-10-18T06:43:08","guid":{"rendered":"https:\/\/arantv.az\/?p=762511"},"modified":"2024-10-18T10:43:08","modified_gmt":"2024-10-18T06:43:08","slug":"az%c9%99rbaycanda-referendumla-bagli-yeni-x%c9%99b%c9%99r-zamani-d%c9%99yisdi","status":"publish","type":"post","link":"https:\/\/arantv.az\/?p=762511","title":{"rendered":"Az\u0259rbaycanda referendumla ba\u011fl\u0131 YEN\u0130 X\u018fB\u018fR &#8211; Zaman\u0131 d\u0259yi\u015fdi"},"content":{"rendered":"<p><strong>Deputat: \u201cYaln\u0131z icra hakimiyy\u0259tl\u0259rin\u0259 g\u00f6r\u0259 referendum ke\u00e7irilmir\u201d<\/strong><\/p>\n<p>2023-c\u00fc ilin pay\u0131z aylar\u0131nda Az\u0259rbaycanda konstitusiya d\u0259yi\u015fiklikl\u0259ri \u00fc\u00e7\u00fcn referendumun ke\u00e7irilm\u0259si il\u0259 ba\u011fl\u0131 x\u0259b\u0259rl\u0259r bir ne\u00e7\u0259 ay \u0259vv\u0259lki kimi daha aktual deyil. K\u0130V-d\u0259 ged\u0259n informasiyalarda iddia edilirdi ki,\u00a0 konstitusiyada bir \u00e7ox ciddi d\u0259yi\u015fiklikl\u0259r edil\u0259c\u0259k. Bura proporsional se\u00e7ki sisteminin b\u0259rpas\u0131, parlament \u00fczvl\u0259rinin say\u0131n\u0131n art\u0131r\u0131lmas\u0131, ikipalatal\u0131 parlament sistemin\u0259 ke\u00e7ilm\u0259si, Nazirl\u0259r Kabinetinin funksiyalar\u0131nda d\u0259yi\u015fiklikl\u0259r edilm\u0259si, rayon icra hakimiyy\u0259tl\u0259rinin l\u0259\u011fvi v\u0259 yeni idar\u0259etm\u0259 mexanizminin t\u0259tbiqi kimi m\u0259s\u0259l\u0259l\u0259rin n\u0259z\u0259rd\u0259 tutuldu\u011fu iddia edilirdi.<\/p>\n<p><strong>Bu ilin fevral ay\u0131nda prezident, sentyabr ay\u0131nda parlament se\u00e7kil\u0259ri ke\u00e7irilib, dekabrda is\u0259 b\u0259l\u0259diyy\u0259 se\u00e7kil\u0259rinin ke\u00e7irilm\u0259si n\u0259z\u0259rd\u0259 tutulub.<\/strong><\/p>\n<p>Milli M\u0259clisin regional m\u0259s\u0259l\u0259l\u0259r komit\u0259sinin \u00fczv\u00fc Kamran Bayramov Modern.az-a bildirib ki, referendumla ba\u011fl\u0131 haz\u0131rda t\u0259\u015f\u0259bb\u00fcs yoxdur: \u201cS\u00f6z\u00fcn a\u00e7\u0131\u011f\u0131, m\u0259nc\u0259, bel\u0259 bir z\u0259rur\u0259t yoxdur. \u0130cra hakimiyy\u0259tl\u0259rinin l\u0259\u011fvi il\u0259 ba\u011fl\u0131 m\u0259s\u0259l\u0259l\u0259r m\u00fczakir\u0259 olunurdu. Amma konkret q\u0259rar yoxdursa, h\u0259r hans\u0131 referendumdan dan\u0131\u015fma\u011fa d\u0259ym\u0259z. Referendum ke\u00e7iril\u0259nd\u0259 ictimai dinl\u0259m\u0259l\u0259r olur, Referendum akt\u0131 Milli M\u0259clisin m\u00fczakir\u0259sin\u0259 \u00e7\u0131xar\u0131l\u0131r. Konstitusiyaya g\u00f6r\u0259 referendum t\u0259\u015f\u0259bb\u00fcs\u00fc \u0259sas\u0259n \u00f6lk\u0259 ba\u015f\u00e7\u0131s\u0131n\u0131n s\u0259lahiyy\u0259tind\u0259dir. Bel\u0259 t\u0259\u015f\u0259bb\u00fcs yoxdursa, indiki d\u00f6vrd\u0259 referendumdan dan\u0131\u015fma\u011fa d\u0259ym\u0259z. \u0130cra hakimiyy\u0259tinin l\u0259\u011fv olunmas\u0131, yaxud statusunun d\u0259yi\u015film\u0259si kimi m\u0259s\u0259l\u0259l\u0259r d\u0259 haz\u0131rda aktual deyil. \u00c7\u00fcnki haz\u0131rda icra hakimiyy\u0259tl\u0259ri f\u0259aliyy\u0259t g\u00f6st\u0259rir. Yaln\u0131z icra hakimiyy\u0259tl\u0259rin\u0259 g\u00f6r\u0259 referendumun ke\u00e7irilm\u0259si ba\u015f vermir. Bunun \u00fc\u00e7\u00fcn konstitusiyan\u0131n bir ne\u00e7\u0259 madd\u0259sin\u0259 d\u0259yi\u015fiklik edilir. Referendum olsayd\u0131, dig\u0259r m\u0259s\u0259l\u0259l\u0259r d\u0259 ortaya \u00e7\u0131xa bil\u0259rdi. Bu m\u0259s\u0259l\u0259l\u0259r g\u00fcnd\u0259md\u0259 deyil ax\u0131. Ona g\u00f6r\u0259 d\u0259 referendumdan dan\u0131\u015fma\u011fa indiki halda d\u0259ym\u0259z\u201d.<\/p>\n<p><strong>B\u0259llidir ki, noyabrda \u00f6lk\u0259miz \u00fc\u00e7\u00fcn m\u00fch\u00fcm \u0259h\u0259miyy\u0259t k\u0259sb ed\u0259n COP29 iqlim konfrans\u0131 ke\u00e7iril\u0259c\u0259k. H\u0259m d\u0259 qar\u015f\u0131dan b\u0259l\u0259diyy\u0259 se\u00e7kil\u0259ri g\u0259lir v\u0259 bu s\u0259b\u0259bl\u0259rd\u0259n\u00a0 referendum aktual deyil. Bir m\u0259nb\u0259 is\u0259 deyib ki, konstitusiya d\u0259yi\u015fiklikl\u0259ri m\u00fctl\u0259q olacaq v\u0259 bu proses g\u0259l\u0259n ilin yaz\u0131nda ba\u015flaya bil\u0259r.<\/strong><\/p>\n<p>Do\u011frudanm\u0131 deputat\u0131n dediyi kimi, \u00fcmumiyy\u0259tl\u0259, referenduma \u00e7\u0131xar\u0131lacaq aktual s\u0259b\u0259b, m\u0259s\u0259l\u0259 yoxdur?<\/p>\n<p><img src=\"https:\/\/files.modern.az\/articles\/2024\/10\/14\/1728887493_na.jpg\" alt=\"\u0130qtidarla m\u00fcxalif\u0259t d\u00fc\u015fm\u0259n deyil - Natiq C\u0259f\u0259rli \u018fdal\u0259t V\u0259liyevl\u0259 g\u00f6r\u00fc\u015fd\u0259n  dan\u0131\u015fd\u0131\" \/><\/p>\n<p><strong>\u00a0Natiq C\u0259f\u0259rli<\/strong><\/p>\n<p>Respublika\u00e7\u0131 Alternativ (REAL) Partiyas\u0131n\u0131n Siyasi Komit\u0259sinin s\u0259dri Natiq C\u0259f\u0259rli \u201cYeni M\u00fcsavat\u201da bildirdi ki, Az\u0259rbaycanda idar\u0259etm\u0259, iqtisadi v\u0259\u00a0 sosial probleml\u0259rin h\u0259lli konstitusion islahatlardan, idar\u0259etm\u0259nin t\u0259kmill\u0259\u015fdirilm\u0259sind\u0259n ke\u00e7ir: \u201cBu m\u0259s\u0259l\u0259 d\u0259f\u0259l\u0259rl\u0259 b\u0259yan edilib. Ona g\u00f6r\u0259 d\u0259 Az\u0259rbaycanda yeni idar\u0259etm\u0259 sistemin\u0259 ke\u00e7idl\u0259 ba\u011fl\u0131 konstitusiya islahatlar\u0131na ehtiyac var. Bu, h\u0259m yerli icra hakimiyy\u0259tl\u0259rinin l\u0259\u011fvi v\u0259 s\u0259lahiyy\u0259tl\u0259rin b\u0259l\u0259diyy\u0259l\u0259r\u0259 verilm\u0259si il\u0259 \u0259laq\u0259lidir. \u00c7\u00fcnki konstitusiyada yerli \u00f6z\u00fcn\u00fcidar\u0259etm\u0259 orqanlar\u0131n\u0131n s\u0259lahiyy\u0259ti il\u0259 icra hakimiyy\u0259tinin s\u0259lahiyy\u0259ti aras\u0131nda ciddi qar\u0131\u015f\u0131ql\u0131q var v\u0259 konstitusiyada \u0130cra hakimiyy\u0259tl\u0259ri anlay\u0131\u015f\u0131 m\u00f6vcuddur. Onlar\u0131 \u00e7\u0131xarmaq \u00fc\u00e7\u00fcn is\u0259 referendum ke\u00e7irilm\u0259sin\u0259 ehtiyac var. Lakin konstitusiyada d\u0259yi\u015fiklikl\u0259r \u00fc\u00e7\u00fcn vaxt\u0131 \u00e7atan m\u0259s\u0259l\u0259 t\u0259k bunlar deyil. Az\u0259rbaycanda se\u00e7ki sistemind\u0259 d\u0259yi\u015fiklik edilm\u0259si-proporsional se\u00e7ki sisteminin t\u0259tbiq edilm\u0259sin\u0259, h\u00f6kum\u0259tin parlament qar\u015f\u0131s\u0131nda daha \u00e7ox hesabatl\u0131 olmas\u0131 v\u0259 sair bu kimi \u00e7oxsayl\u0131 m\u0259s\u0259l\u0259l\u0259r d\u0259 var ki, onlar\u0131n da h\u0259yata ke\u00e7irilm\u0259si \u00fc\u00e7\u00fcn referendum ke\u00e7irilm\u0259lidir. Bu add\u0131mlar\u0131n at\u0131lmas\u0131 gec-tez h\u0259yata ke\u00e7\u0259c\u0259k\u201d.<\/p>\n<p><strong>Etibar SEY\u0130DA\u011eA,<\/strong><br \/>\n<strong>\u201cYeni M\u00fcsavat\u201d<\/strong><\/p>\n","protected":false},"excerpt":{"rendered":"<p>Deputat: \u201cYaln\u0131z icra hakimiyy\u0259tl\u0259rin\u0259 g\u00f6r\u0259 referendum ke\u00e7irilmir\u201d 2023-c\u00fc ilin pay\u0131z aylar\u0131nda Az\u0259rbaycanda konstitusiya d\u0259yi\u015fiklikl\u0259ri \u00fc\u00e7\u00fcn referendumun ke\u00e7irilm\u0259si il\u0259 ba\u011fl\u0131 x\u0259b\u0259rl\u0259r bir ne\u00e7\u0259 ay \u0259vv\u0259lki kimi daha aktual deyil. K\u0130V-d\u0259 ged\u0259n informasiyalarda iddia edilirdi ki,\u00a0 konstitusiyada bir \u00e7ox ciddi d\u0259yi\u015fiklikl\u0259r edil\u0259c\u0259k. Bura proporsional se\u00e7ki sisteminin b\u0259rpas\u0131, parlament \u00fczvl\u0259rinin say\u0131n\u0131n art\u0131r\u0131lmas\u0131, ikipalatal\u0131 parlament sistemin\u0259 ke\u00e7ilm\u0259si, Nazirl\u0259r Kabinetinin funksiyalar\u0131nda d\u0259yi\u015fiklikl\u0259r edilm\u0259si, rayon icra hakimiyy\u0259tl\u0259rinin l\u0259\u011fvi v\u0259 yeni idar\u0259etm\u0259 mexanizminin t\u0259tbiqi kimi m\u0259s\u0259l\u0259l\u0259rin n\u0259z\u0259rd\u0259 tutuldu\u011fu iddia edilirdi. Bu ilin fevral ay\u0131nda prezident, sentyabr ay\u0131nda parlament se\u00e7kil\u0259ri ke\u00e7irilib, dekabrda is\u0259 b\u0259l\u0259diyy\u0259 se\u00e7kil\u0259rinin ke\u00e7irilm\u0259si n\u0259z\u0259rd\u0259 tutulub.&hellip;<\/p>\n","protected":false},"author":2,"featured_media":762512,"comment_status":"closed","ping_status":"closed","sticky":false,"template":"","format":"standard","meta":{"om_disable_all_campaigns":false,"_monsterinsights_skip_tracking":false,"_monsterinsights_sitenote_active":false,"_monsterinsights_sitenote_note":"","_monsterinsights_sitenote_category":0},"categories":[4],"tags":[],"aioseo_notices":[],"gutentor_comment":0,"rttpg_featured_image_url":{"full":["https:\/\/arantv.az\/wp-content\/uploads\/2024\/10\/3460df0ec5c6d186bf38c2255b1ea85f.jpg",750,403,false],"landscape":["https:\/\/arantv.az\/wp-content\/uploads\/2024\/10\/3460df0ec5c6d186bf38c2255b1ea85f.jpg",750,403,false],"portraits":["https:\/\/arantv.az\/wp-content\/uploads\/2024\/10\/3460df0ec5c6d186bf38c2255b1ea85f.jpg",750,403,false],"thumbnail":["https:\/\/arantv.az\/wp-content\/uploads\/2024\/10\/3460df0ec5c6d186bf38c2255b1ea85f-500x280.jpg",500,280,true],"medium":["https:\/\/arantv.az\/wp-content\/uploads\/2024\/10\/3460df0ec5c6d186bf38c2255b1ea85f-660x355.jpg",660,355,true],"large":["https:\/\/arantv.az\/wp-content\/uploads\/2024\/10\/3460df0ec5c6d186bf38c2255b1ea85f.jpg",640,344,false],"1536x1536":["https:\/\/arantv.az\/wp-content\/uploads\/2024\/10\/3460df0ec5c6d186bf38c2255b1ea85f.jpg",750,403,false],"2048x2048":["https:\/\/arantv.az\/wp-content\/uploads\/2024\/10\/3460df0ec5c6d186bf38c2255b1ea85f.jpg",750,403,false],"post-thumbnail":["https:\/\/arantv.az\/wp-content\/uploads\/2024\/10\/3460df0ec5c6d186bf38c2255b1ea85f-240x172.jpg",240,172,true],"advps-thumb-one":["https:\/\/arantv.az\/wp-content\/uploads\/2024\/10\/3460df0ec5c6d186bf38c2255b1ea85f.jpg",750,403,false]},"rttpg_author":{"display_name":"V\u00fcsal Rafiqo\u011flu","author_link":"https:\/\/arantv.az\/?author=2"},"rttpg_comment":0,"rttpg_category":"<a href=\"https:\/\/arantv.az\/?cat=4\" rel=\"category\">Siyas\u0259t<\/a>","rttpg_excerpt":"Deputat: \u201cYaln\u0131z icra hakimiyy\u0259tl\u0259rin\u0259 g\u00f6r\u0259 referendum ke\u00e7irilmir\u201d 2023-c\u00fc ilin pay\u0131z aylar\u0131nda Az\u0259rbaycanda konstitusiya d\u0259yi\u015fiklikl\u0259ri \u00fc\u00e7\u00fcn referendumun ke\u00e7irilm\u0259si il\u0259 ba\u011fl\u0131 x\u0259b\u0259rl\u0259r bir ne\u00e7\u0259 ay \u0259vv\u0259lki kimi daha aktual deyil. K\u0130V-d\u0259 ged\u0259n informasiyalarda iddia edilirdi ki,\u00a0 konstitusiyada bir \u00e7ox ciddi d\u0259yi\u015fiklikl\u0259r edil\u0259c\u0259k. Bura proporsional se\u00e7ki sisteminin b\u0259rpas\u0131, parlament \u00fczvl\u0259rinin say\u0131n\u0131n art\u0131r\u0131lmas\u0131, ikipalatal\u0131 parlament sistemin\u0259 ke\u00e7ilm\u0259si, Nazirl\u0259r Kabinetinin&hellip;","_links":{"self":[{"href":"https:\/\/arantv.az\/index.php?rest_route=\/wp\/v2\/posts\/762511"}],"collection":[{"href":"https:\/\/arantv.az\/index.php?rest_route=\/wp\/v2\/posts"}],"about":[{"href":"https:\/\/arantv.az\/index.php?rest_route=\/wp\/v2\/types\/post"}],"author":[{"embeddable":true,"href":"https:\/\/arantv.az\/index.php?rest_route=\/wp\/v2\/users\/2"}],"replies":[{"embeddable":true,"href":"https:\/\/arantv.az\/index.php?rest_route=%2Fwp%2Fv2%2Fcomments&post=762511"}],"version-history":[{"count":2,"href":"https:\/\/arantv.az\/index.php?rest_route=\/wp\/v2\/posts\/762511\/revisions"}],"predecessor-version":[{"id":762514,"href":"https:\/\/arantv.az\/index.php?rest_route=\/wp\/v2\/posts\/762511\/revisions\/762514"}],"wp:featuredmedia":[{"embeddable":true,"href":"https:\/\/arantv.az\/index.php?rest_route=\/wp\/v2\/media\/762512"}],"wp:attachment":[{"href":"https:\/\/arantv.az\/index.php?rest_route=%2Fwp%2Fv2%2Fmedia&parent=762511"}],"wp:term":[{"taxonomy":"category","embeddable":true,"href":"https:\/\/arantv.az\/index.php?rest_route=%2Fwp%2Fv2%2Fcategories&post=762511"},{"taxonomy":"post_tag","embeddable":true,"href":"https:\/\/arantv.az\/index.php?rest_route=%2Fwp%2Fv2%2Ftags&post=762511"}],"curies":[{"name":"wp","href":"https:\/\/api.w.org\/{rel}","templated":true}]}}