{"id":762515,"date":"2024-10-18T10:43:54","date_gmt":"2024-10-18T06:43:54","guid":{"rendered":"https:\/\/arantv.az\/?p=762515"},"modified":"2024-10-18T10:43:54","modified_gmt":"2024-10-18T06:43:54","slug":"sensasiya-almaniya-da-erm%c9%99nistani-silahlandiracaq-berlin-d%c9%99-t%c9%99r%c9%99f-olur","status":"publish","type":"post","link":"https:\/\/arantv.az\/?p=762515","title":{"rendered":"SENSAS\u0130YA! Almaniya da Erm\u0259nistan\u0131 silahland\u0131racaq &#8211; Berlin d\u0259 t\u0259r\u0259f olur"},"content":{"rendered":"<p><strong>Erm\u0259nistan M\u00fcdafi\u0259 Nazirliyinin idar\u0259 r\u0259isi Avropa \u0130ttifaq\u0131n\u0131n daha bir apar\u0131c\u0131 d\u00f6vl\u0259ti il\u0259 m\u00fcdafi\u0259 m\u0259sl\u0259h\u0259tl\u0259\u015fm\u0259l\u0259ri apar\u0131b; analitikl\u0259r\u0259 g\u00f6r\u0259, Br\u00fcsseld\u0259ki 5 aprel g\u00f6r\u00fc\u015f\u00fcn\u00fcn n\u0259tic\u0259l\u0259ri bir-bir icra olunur &#8211; i\u015f\u011fal\u00e7\u0131 ordu h\u0259rt\u0259r\u0259fli d\u0259st\u0259kl\u0259nir&#8230;<\/strong><\/p>\n<p><em>Berlind\u0259 Erm\u0259nistan M\u00fcdafi\u0259 Nazirliyinin idar\u0259 r\u0259isi Levon Ayvazyan\u0131n r\u0259hb\u0259rlik etdiyi n\u00fcmay\u0259nd\u0259 hey\u0259tinin i\u015ftirak etdiyi Almaniya il\u0259 m\u00fcdafi\u0259 m\u0259sl\u0259h\u0259tl\u0259\u015fm\u0259l\u0259ri ke\u00e7irilib. \u201cYeni M\u00fcsavat\u201d yaz\u0131r ki, bu bar\u0259d\u0259 Erm\u0259nistan\u0131n h\u0259rbi qurumundan m\u0259lumat verilib. Almaniya Federal M\u00fcdafi\u0259 Nazirliyind\u0259 ke\u00e7iril\u0259n toplant\u0131da beyn\u0259lxalq v\u0259 regional t\u0259hl\u00fck\u0259sizlikl\u0259 ba\u011fl\u0131 bir s\u0131ra m\u0259s\u0259l\u0259l\u0259r, ikit\u0259r\u0259fli v\u0259 \u00e7oxt\u0259r\u0259fli \u0259m\u0259kda\u015fl\u0131\u011f\u0131n inki\u015faf perspektivl\u0259ri m\u00fczakir\u0259 olunub.<\/em><\/p>\n<p>M\u00fczakir\u0259l\u0259r n\u0259tic\u0259sind\u0259 2025-ci il \u00fc\u00e7\u00fcn m\u00fcdafi\u0259 sah\u0259sind\u0259 \u0259m\u0259kda\u015fl\u0131q proqram\u0131 raz\u0131la\u015fd\u0131r\u0131laraq imzalan\u0131b. Proqramda t\u0259cr\u00fcb\u0259 m\u00fcbadil\u0259si, t\u0259hsil v\u0259 kadr haz\u0131rl\u0131\u011f\u0131, el\u0259c\u0259 d\u0259 qar\u015f\u0131l\u0131ql\u0131 maraq do\u011furan bir s\u0131ra istiqam\u0259tl\u0259r \u00fczr\u0259 onlarla h\u0259rbi f\u0259aliyy\u0259t n\u0259z\u0259rd\u0259 tutulub. Almaniyan\u0131n Erm\u0259nistanla h\u0259rbi \u0259m\u0259kda\u015fl\u0131\u011fa maraq g\u00f6st\u0259rm\u0259si Avropa \u0130ttifaq\u0131n\u0131n siyas\u0259ti il\u0259 \u0259laq\u0259l\u0259ndirilir.<\/p>\n<p>Bu ilin aprelind\u0259 Nikol Pa\u015finyanla Br\u00fcsseld\u0259 AB\u015e v\u0259 Avropa \u0130ttifaq\u0131 aras\u0131nda ke\u00e7iril\u0259n \u00fc\u00e7t\u0259r\u0259fli g\u00f6r\u00fc\u015fd\u0259 \u0130r\u0259vana yard\u0131m g\u00f6st\u0259rilm\u0259si \u00f6z \u0259ksini tap\u0131b. H\u0259rbi ekspertl\u0259r\u0259 g\u00f6r\u0259, etiraf etm\u0259s\u0259l\u0259r d\u0259, Erm\u0259nistana h\u0259rbi yard\u0131m da n\u0259z\u0259rd\u0259 tutulub. Almaniyan\u0131n Erm\u0259nistanla h\u0259rbi \u0259m\u0259kda\u015fl\u0131\u011fa maraq g\u00f6st\u0259rm\u0259si d\u0259 bunun t\u0259rkib hiss\u0259sidir. 44 g\u00fcnl\u00fck V\u0259t\u0259n m\u00fcharib\u0259sin\u0259d\u0259k\u00a0 Berlin h\u0259rbi \u0259m\u0259kda\u015fl\u0131q m\u0259s\u0259l\u0259sind\u0259 h\u0259r iki \u00f6lk\u0259 il\u0259 m\u0259saf\u0259li davran\u0131b. Az\u0259rbaycanla Erm\u0259nistan aras\u0131nda s\u00fclh sazi\u015fi imzalanmad\u0131\u011f\u0131 bir vaxtda Almaniyan\u0131n Erm\u0259nistanla h\u0259rbi \u0259m\u0259kda\u015fl\u0131q sazi\u015fi imzalamas\u0131 haql\u0131 suallar do\u011furur.<\/p>\n<p><strong>Prezident \u0130lham \u018fliyev h\u0259l\u0259 bu ilin aprelind\u0259, Br\u00fcsseld\u0259 Erm\u0259nistana d\u0259st\u0259k xarakterli g\u00f6r\u00fc\u015f \u0259r\u0259f\u0259sind\u0259 Blinkenin z\u0259ngin\u0259 cavab olaraq bildirmi\u015fdi ki, onda olan m\u0259lumata g\u00f6r\u0259, \u00fc\u00e7t\u0259r\u0259fli g\u00f6r\u00fc\u015f\u0259 haz\u0131rl\u0131q prosesind\u0259 Erm\u0259nistana h\u0259rbi d\u0259st\u0259k v\u0259 birg\u0259 h\u0259rbi t\u0259liml\u0259rin ke\u00e7irilm\u0259si, Az\u0259rbaycanla s\u0259rh\u0259dyan\u0131 \u0259razil\u0259rd\u0259 h\u0259rbi infrastrukturun yarad\u0131lmas\u0131, Avropa \u0130ttifaq\u0131n\u0131n Avropa s\u00fclh mexanizmi x\u0259tti il\u0259 v\u0259 AB\u015e b\u00fcdc\u0259si hesab\u0131na Erm\u0259nistan\u0131n silahland\u0131r\u0131lmas\u0131 kimi m\u0259s\u0259l\u0259l\u0259r d\u0259 m\u00fczakir\u0259 olunub.<\/strong><\/p>\n<p>D\u00f6vl\u0259t ba\u015f\u00e7\u0131s\u0131 anti-Az\u0259rbaycan mahiyy\u0259ti da\u015f\u0131yan bu kimi add\u0131mlar\u0131n, o c\u00fcml\u0259d\u0259n Fransa t\u0259r\u0259find\u0259n d\u0259 Erm\u0259nistan\u0131n silahland\u0131r\u0131lmas\u0131 siyas\u0259tinin regionda silah yar\u0131\u015f\u0131na r\u0259vac verdiyini v\u0259 t\u0259xribatlara g\u0259tirib \u00e7\u0131xaraca\u011f\u0131n\u0131 vur\u011fulam\u0131\u015fd\u0131. Qeyd ed\u0259k ki, Az\u0259rbaycan Prezidenti \u0130lham \u018fliyev Bel\u00e7ika Krall\u0131\u011f\u0131n\u0131n yeni t\u0259yin olunmu\u015f f\u00f6vq\u0259lad\u0259 v\u0259 s\u0259lahiyy\u0259tli s\u0259firi Julyen de Freponun etimadnam\u0259sini q\u0259bul ed\u0259rk\u0259n \u201cAvropa \u0130ttifaq\u0131 \u0259vv\u0259ll\u0259r oldu\u011fu kimi, Erm\u0259nistan-Az\u0259rbaycan s\u00fclh m\u0259s\u0259l\u0259sind\u0259 neytrall\u0131q saxlamal\u0131d\u0131r\u201d deyib. \u201cHaz\u0131rda is\u0259 Avropa \u0130ttifaq\u0131n\u0131n bu m\u0259s\u0259l\u0259y\u0259 f\u0259al c\u0259lb olundu\u011fu g\u00f6r\u00fcn\u00fcr. Lakin Br\u00fcsseld\u0259, Avropa \u0130ttifaq\u0131n\u0131n m\u0259nzil q\u0259rargah\u0131nda b\u0259zil\u0259ri t\u0259r\u0259fke\u015flik edirl\u0259r\u201d dey\u0259n Prezident bildirib ki, bu, qeyri-m\u0259hsuldar bir m\u00f6vqedir, yaln\u0131z etimads\u0131zl\u0131q yarad\u0131r v\u0259 Avropa \u0130ttifaq\u0131n\u0131 normalla\u015fma prosesind\u0259n t\u0259crid edir. Bu arada is\u0259 m\u0259lum olub ki, Avropa \u0130ttifaq\u0131 Qaraba\u011f erm\u0259nil\u0259rinin d\u0259st\u0259kl\u0259nm\u0259sinin maliyy\u0259 y\u00fck\u00fcn\u00fc b\u00f6l\u00fc\u015fm\u0259k v\u0259 Erm\u0259nistanda islahatlar\u0131n h\u0259yata ke\u00e7irilm\u0259sin\u0259 t\u00f6hf\u0259 verm\u0259k \u00fc\u00e7\u00fcn Erm\u0259nistan h\u00f6kum\u0259tin\u0259 b\u00fcdc\u0259 d\u0259st\u0259yi \u00e7\u0259r\u00e7iv\u0259sind\u0259 \u0259lav\u0259 30 milyon avro ay\u0131rmaq niyy\u0259tind\u0259dir. Bunu \u0130r\u0259vanda ke\u00e7iril\u0259n \u201cD\u00fcnyan\u0131n k\u0259si\u015fm\u0259si: t\u0259hl\u00fck\u0259sizlik v\u0259 demokratiyan\u0131n birl\u0259\u015fm\u0259si\u201d adl\u0131 konfransda A\u0130-nin Erm\u0259nistandak\u0131 n\u00fcmay\u0259nd\u0259liyinin r\u0259hb\u0259ri Vasilis Maraqos deyib.<\/p>\n<p><img src=\"https:\/\/newscenter.az\/uploads\/posts\/2020-08\/1598355216_xeyal-b-eshirov-2.jpg\" alt=\"X\u0259yal B\u0259\u015firov: &quot;Bu c\u00fcr \u015f\u0259xsl\u0259rl\u0259 d\u00f6vl\u0259tin idar\u0259 edilm\u0259si h\u0259qiq\u0259t\u0259n d\u0259  t\u0259hl\u00fck\u0259lidir&quot; \u00bb Newscenter.az\" \/><\/p>\n<p><strong>X\u0259yal B\u0259\u015firov<\/strong><\/p>\n<p><strong>Siyasi v\u0259 H\u00fcquqi Ara\u015fd\u0131rmalar M\u0259rk\u0259zinin r\u0259hb\u0259ri X\u0259yal B\u0259\u015firovun \u201cYeni M\u00fcsavat\u201da bildirdiyin\u0259 g\u00f6r\u0259, Q\u0259rbin m\u0259qs\u0259di \u0130kinci Qaraba\u011f m\u00fcharib\u0259sind\u0259n sonra formala\u015fan reall\u0131qlar\u0131 d\u0259yi\u015fm\u0259kdir:<\/strong>\u00a0\u201cHaz\u0131rda s\u00fclh prosesi gedir, Erm\u0259nistan\u0131n pozucu h\u0259r\u0259k\u0259tl\u0259ri ucbat\u0131ndan l\u0259ngim\u0259 il\u0259 d\u0259 olsa bu dan\u0131\u015f\u0131qlar davam etm\u0259kd\u0259dir, amma Br\u00fcsseld\u0259 ke\u00e7irilmi\u015f 5 aprel g\u00f6r\u00fc\u015f\u00fcnd\u0259ki \u0259sas m\u0259s\u0259l\u0259l\u0259r h\u0259l\u0259 d\u0259 beyn\u0259lxalq ictimaiyy\u0259td\u0259n gizl\u0259dilir. Biz art\u0131q bunun n\u0259tic\u0259l\u0259rini g\u00f6rm\u0259kd\u0259yik v\u0259 faktiki olaraq Erm\u0259nistana h\u0259rbi d\u0259st\u0259k verilir. Ona g\u00f6r\u0259 d\u0259 Avropa \u0130ttifaq\u0131n\u0131n apar\u0131c\u0131 \u00fczvl\u0259rind\u0259n biri olan Almaniya da prosesd\u0259 i\u015ftirak edir. Baxmayaraq ki, Almaniya v\u0259 Fransa Avropa Birliyind\u0259 liderlik m\u00fcbariz\u0259si apar\u0131rlar, b\u0259zi siyasi fikir ayr\u0131l\u0131qlar\u0131 var, qar\u015f\u0131l\u0131ql\u0131\u00a0 \u0259razi iddialar\u0131 bel\u0259 m\u00f6vcuddur, bununla bel\u0259, C\u0259nubi Qafqaz, ke\u00e7mi\u015f m\u00fcnaqi\u015f\u0259 v\u0259 Erm\u0259nistan\u0131n silahlanmas\u0131nda m\u00f6vqel\u0259ri \u00fcst-\u00fcst\u0259 d\u00fc\u015f\u00fcr\u201d.<\/p>\n<p><strong>Onun xat\u0131rlatmas\u0131na g\u00f6r\u0259, bundan \u0259vv\u0259l Ukrayna \u00fc\u00e7\u00fcn ke\u00e7iril\u0259n s\u00fclh konfrans\u0131na Erm\u0259nistan d\u0259v\u0259t olunmu\u015fdu, halbuki \u0130r\u0259van \u00f6z\u00fc s\u00fclh s\u0259n\u0259di imzalam\u0131r:<\/strong>\u00a0\u201cBu d\u00f6vl\u0259t i\u015f\u011fal\u00e7\u0131d\u0131r, amma Erm\u0259nistan t\u0259cav\u00fcz\u0259 m\u0259ruz qalan t\u0259r\u0259f kimi q\u0259l\u0259m\u0259 verilir. Y\u0259nu bu d\u0259r\u0259c\u0259d\u0259 absurd yana\u015fma var. T\u0259\u0259ss\u00fcfl\u0259r olsun ki, Almaniyada olan erm\u0259nip\u0259r\u0259st q\u00fcvv\u0259l\u0259r Erm\u0259nistan\u0131n silahlanmas\u0131 \u00fc\u00e7\u00fcn \u00e7al\u0131\u015f\u0131rlar. \u018flb\u0259tt\u0259, h\u0259r bir d\u00f6vl\u0259t silahlana bil\u0259r, amma Erm\u0259nistan\u0131n Az\u0259rbaycana konstitusion m\u00fcst\u0259vid\u0259 \u0259razi iddialar\u0131 varsa, bu \u00f6lk\u0259nin silahland\u0131r\u0131lmas\u0131 n\u00f6vb\u0259ti h\u0259rbi t\u0259xribatlara, h\u0259tta m\u00fcharib\u0259y\u0259 haz\u0131rla\u015fd\u0131r\u0131lmas\u0131 dem\u0259kdir. Ona g\u00f6r\u0259 aprel g\u00f6r\u00fc\u015f\u00fcnd\u0259 hans\u0131 m\u0259xfi m\u00fczakir\u0259l\u0259rin apar\u0131lmas\u0131n\u0131n indiy\u0259 q\u0259d\u0259r a\u00e7\u0131qlanmamas\u0131 g\u00f6st\u0259rir ki, m\u0259hz Q\u0259rb Erm\u0259nistana h\u0259rbi d\u0259st\u0259k t\u0259minat\u0131 verib. Amma Erm\u0259nistan \u0130kinci Qaraba\u011f sava\u015f\u0131nda c\u0259mi 44 g\u00fcn tab g\u0259tir\u0259 bildi, 5 milyardl\u0131q h\u0259rbi texnikas\u0131 q\u0259nim\u0259t g\u00f6t\u00fcr\u00fcld\u00fc, antiterror \u0259m\u0259liyyat\u0131 n\u0259tic\u0259sind\u0259 is\u0259 1 milyardl\u0131q silah-sursat\u0131 g\u00f6t\u00fcr\u00fcld\u00fc. \u018fg\u0259r yen\u0259 m\u00fcnaqi\u015f\u0259ni ba\u015flasalar, bu d\u0259f\u0259 daha b\u00f6y\u00fck h\u0259cmd\u0259 q\u0259nim\u0259t g\u00f6t\u00fcr\u00fcl\u0259c\u0259k. Y\u0259ni bilsinl\u0259r ki, n\u00f6vb\u0259ti h\u0259rbi t\u0259xribatlar olacaqsa, bu d\u0259f\u0259 daha a\u011f\u0131r b\u0259d\u0259lini alacaqlar. \u00c7\u00fcnki Az\u0259rbaycan bo\u015f oturmur v\u0259 \u00f6z h\u0259rbi potensial\u0131n\u0131 g\u00fccl\u0259ndirir\u201d.<\/p>\n<p><img src=\"https:\/\/olke.az\/file\/articles\/2017\/07\/26\/87109.jpg\" alt=\"Ehtiram Mehdiyev: \u201cXalq\u0131n saxta siyas\u0259t\u00e7il\u0259r\u0259 inam\u0131 qalmay\u0131b\u201d\" \/><\/p>\n<p><strong>Ehtiram Mehdiyev<\/strong><\/p>\n<p><strong>Milli C\u0259bh\u0259 Partiyas\u0131n\u0131n s\u0259dr m\u00fcavini Ehtiram Mehdiyev is\u0259 Almaniyan\u0131n \u0259vv\u0259ll\u0259r Az\u0259rbaycana qar\u015f\u0131 q\u0259r\u0259zli kampaniya apard\u0131\u011f\u0131n\u0131 xat\u0131rladaraq, haz\u0131rk\u0131 d\u0259st\u0259yin Erm\u0259nistan \u00fc\u00e7\u00fcn bir paket \u015f\u0259klind\u0259 oldu\u011funu z\u0259nn edir. Onun fikrinc\u0259, Avropa \u0130ttifaq\u0131 verdiyi v\u0259di Fransa, Almaniya, Niderland v\u0259 ba\u015fqa d\u00f6vl\u0259tl\u0259rin timsal\u0131nda h\u0259yata ke\u00e7irir:<\/strong>\u00a0\u201cM\u00fcharib\u0259nin n\u0259tic\u0259l\u0259ri Q\u0259rb \u00fc\u00e7\u00fcn g\u00f6zl\u0259nilm\u0259z oldu. Onlar hesab etmirdil\u0259r ki, Erm\u0259nistan ordusu bu s\u0259viyy\u0259d\u0259 darmada\u011f\u0131n olacaq. Eyni zamanda erm\u0259nil\u0259rin Qaraba\u011f\u0131 t\u0259rk ed\u0259c\u0259yini hesablamam\u0131\u015fd\u0131lar. Onlara g\u00f6r\u0259, problem qalmal\u0131 v\u0259 Az\u0259rbaycana daimi t\u0259zyiq edilm\u0259li idi. Bu da al\u0131nmad\u0131 dey\u0259 Erm\u0259nistana d\u0259st\u0259k \u00fcz\u0259rind\u0259n problemi t\u0259z\u0259d\u0259n d\u0259rinl\u0259\u015fdirm\u0259y\u0259 c\u0259hd edirl\u0259r. Biz s\u00fclh i\u00e7ind\u0259 yana\u015f\u0131 ya\u015famaq prinsipl\u0259rini t\u0259klif edirik, Q\u0259rb is\u0259 Erm\u0259nistanda militarist bir \u0259hval yarad\u0131r. Erm\u0259ni ordusu v\u0259 xalq\u0131 g\u00f6r\u00fcr ki, Avropa, Amerika kimi n\u0259h\u0259ng g\u00fccl\u0259r ki\u00e7ik bir \u00f6lk\u0259y\u0259 silah-sursat verir, bu da h\u0259v\u0259s yarad\u0131r\u201d.<\/p>\n<p><strong>Partiya r\u0259smisi g\u00fcman edir ki, Rusiyan\u0131n Erm\u0259nistanda h\u0259rbi t\u0259sirl\u0259rini azaltmaq m\u0259qs\u0259di d\u0259 g\u00f6r\u00fcn\u00fcr:<\/strong>\u00a0\u201cBel\u0259 g\u00f6r\u00fc\u015fl\u0259r \u00e7ox olacaq. Bax\u0131n, T\u0259hl\u00fck\u0259sizlik \u015euras\u0131n\u0131n katibi Qriqoriyan NATO-da dan\u0131\u015f\u0131qlar apar\u0131r, Ba\u015f Q\u0259rargah r\u0259isi Artsyan Va\u015finqtonda silah s\u0259rgisind\u0259 i\u015ftirak edir, amerikal\u0131 h\u0259rb\u00e7il\u0259rl\u0259 birg\u0259 t\u0259liml\u0259r ke\u00e7irilir, o c\u00fcml\u0259d\u0259n d\u0259 qeyd etdiyiniz Almaniya g\u00f6r\u00fc\u015fl\u0259ri ba\u015f tutur. Bir s\u00f6zl\u0259, h\u0259rt\u0259r\u0259fli h\u0259rbi-siyasi d\u0259st\u0259k g\u00f6st\u0259rilir. \u018fg\u0259r C\u0259nubi Qafqazda ikinci c\u0259bh\u0259 a\u00e7maq, Ukraynadan sonra burada \u00fc\u00e7\u00fcnc\u00fc m\u00fcharib\u0259 ssenarisi varsa, m\u00fctl\u0259q \u015f\u0259kild\u0259 bu plan\u0131 pozmaq laz\u0131md\u0131r. Pa\u015finyan Erm\u0259nistan\u0131 a\u011fl\u0131n\u0131 ba\u015f\u0131na y\u0131\u011fmal\u0131 v\u0259 \u015f\u0259rtl\u0259ri q\u0259bul ed\u0259r\u0259k s\u00fclh sazi\u015fi imzalamal\u0131d\u0131r. Yaln\u0131z bu halda m\u00fcnaqi\u015f\u0259d\u0259n, el\u0259c\u0259 d\u0259 Q\u0259rbin t\u0259hrikedici add\u0131mlar\u0131ndan yay\u0131nmaq m\u00fcmk\u00fcnd\u00fcr\u201d.<\/p>\n<p><strong>Emil SALAMO\u011eLU,<\/strong><br \/>\n<strong>\u201cYeni M\u00fcsavat\u201d\u00a0\u00a0\u00a0\u00a0\u00a0<\/strong><\/p>\n","protected":false},"excerpt":{"rendered":"<p>Erm\u0259nistan M\u00fcdafi\u0259 Nazirliyinin idar\u0259 r\u0259isi Avropa \u0130ttifaq\u0131n\u0131n daha bir apar\u0131c\u0131 d\u00f6vl\u0259ti il\u0259 m\u00fcdafi\u0259 m\u0259sl\u0259h\u0259tl\u0259\u015fm\u0259l\u0259ri apar\u0131b; analitikl\u0259r\u0259 g\u00f6r\u0259, Br\u00fcsseld\u0259ki 5 aprel g\u00f6r\u00fc\u015f\u00fcn\u00fcn n\u0259tic\u0259l\u0259ri bir-bir icra olunur &#8211; i\u015f\u011fal\u00e7\u0131 ordu h\u0259rt\u0259r\u0259fli d\u0259st\u0259kl\u0259nir&#8230; Berlind\u0259 Erm\u0259nistan M\u00fcdafi\u0259 Nazirliyinin idar\u0259 r\u0259isi Levon Ayvazyan\u0131n r\u0259hb\u0259rlik etdiyi n\u00fcmay\u0259nd\u0259 hey\u0259tinin i\u015ftirak etdiyi Almaniya il\u0259 m\u00fcdafi\u0259 m\u0259sl\u0259h\u0259tl\u0259\u015fm\u0259l\u0259ri ke\u00e7irilib. \u201cYeni M\u00fcsavat\u201d yaz\u0131r ki, bu bar\u0259d\u0259 Erm\u0259nistan\u0131n h\u0259rbi qurumundan m\u0259lumat verilib. Almaniya Federal M\u00fcdafi\u0259 Nazirliyind\u0259 ke\u00e7iril\u0259n toplant\u0131da beyn\u0259lxalq v\u0259 regional t\u0259hl\u00fck\u0259sizlikl\u0259 ba\u011fl\u0131 bir s\u0131ra m\u0259s\u0259l\u0259l\u0259r, ikit\u0259r\u0259fli v\u0259 \u00e7oxt\u0259r\u0259fli \u0259m\u0259kda\u015fl\u0131\u011f\u0131n inki\u015faf perspektivl\u0259ri m\u00fczakir\u0259 olunub. M\u00fczakir\u0259l\u0259r n\u0259tic\u0259sind\u0259 2025-ci il \u00fc\u00e7\u00fcn m\u00fcdafi\u0259 sah\u0259sind\u0259 \u0259m\u0259kda\u015fl\u0131q&hellip;<\/p>\n","protected":false},"author":2,"featured_media":762516,"comment_status":"closed","ping_status":"closed","sticky":false,"template":"","format":"standard","meta":{"om_disable_all_campaigns":false,"_monsterinsights_skip_tracking":false,"_monsterinsights_sitenote_active":false,"_monsterinsights_sitenote_note":"","_monsterinsights_sitenote_category":0},"categories":[4],"tags":[],"aioseo_notices":[],"gutentor_comment":0,"rttpg_featured_image_url":{"full":["https:\/\/arantv.az\/wp-content\/uploads\/2024\/10\/01341ea3982c9a954d95782945532ab1.png",720,500,false],"landscape":["https:\/\/arantv.az\/wp-content\/uploads\/2024\/10\/01341ea3982c9a954d95782945532ab1.png",720,500,false],"portraits":["https:\/\/arantv.az\/wp-content\/uploads\/2024\/10\/01341ea3982c9a954d95782945532ab1.png",720,500,false],"thumbnail":["https:\/\/arantv.az\/wp-content\/uploads\/2024\/10\/01341ea3982c9a954d95782945532ab1-500x280.png",500,280,true],"medium":["https:\/\/arantv.az\/wp-content\/uploads\/2024\/10\/01341ea3982c9a954d95782945532ab1-526x365.png",526,365,true],"large":["https:\/\/arantv.az\/wp-content\/uploads\/2024\/10\/01341ea3982c9a954d95782945532ab1.png",640,444,false],"1536x1536":["https:\/\/arantv.az\/wp-content\/uploads\/2024\/10\/01341ea3982c9a954d95782945532ab1.png",720,500,false],"2048x2048":["https:\/\/arantv.az\/wp-content\/uploads\/2024\/10\/01341ea3982c9a954d95782945532ab1.png",720,500,false],"post-thumbnail":["https:\/\/arantv.az\/wp-content\/uploads\/2024\/10\/01341ea3982c9a954d95782945532ab1-240x172.png",240,172,true],"advps-thumb-one":["https:\/\/arantv.az\/wp-content\/uploads\/2024\/10\/01341ea3982c9a954d95782945532ab1.png",720,500,false]},"rttpg_author":{"display_name":"V\u00fcsal Rafiqo\u011flu","author_link":"https:\/\/arantv.az\/?author=2"},"rttpg_comment":0,"rttpg_category":"<a href=\"https:\/\/arantv.az\/?cat=4\" rel=\"category\">Siyas\u0259t<\/a>","rttpg_excerpt":"Erm\u0259nistan M\u00fcdafi\u0259 Nazirliyinin idar\u0259 r\u0259isi Avropa \u0130ttifaq\u0131n\u0131n daha bir apar\u0131c\u0131 d\u00f6vl\u0259ti il\u0259 m\u00fcdafi\u0259 m\u0259sl\u0259h\u0259tl\u0259\u015fm\u0259l\u0259ri apar\u0131b; analitikl\u0259r\u0259 g\u00f6r\u0259, Br\u00fcsseld\u0259ki 5 aprel g\u00f6r\u00fc\u015f\u00fcn\u00fcn n\u0259tic\u0259l\u0259ri bir-bir icra olunur &#8211; i\u015f\u011fal\u00e7\u0131 ordu h\u0259rt\u0259r\u0259fli d\u0259st\u0259kl\u0259nir&#8230; Berlind\u0259 Erm\u0259nistan M\u00fcdafi\u0259 Nazirliyinin idar\u0259 r\u0259isi Levon Ayvazyan\u0131n r\u0259hb\u0259rlik etdiyi n\u00fcmay\u0259nd\u0259 hey\u0259tinin i\u015ftirak etdiyi Almaniya il\u0259 m\u00fcdafi\u0259 m\u0259sl\u0259h\u0259tl\u0259\u015fm\u0259l\u0259ri ke\u00e7irilib. \u201cYeni M\u00fcsavat\u201d yaz\u0131r ki, bu bar\u0259d\u0259&hellip;","_links":{"self":[{"href":"https:\/\/arantv.az\/index.php?rest_route=\/wp\/v2\/posts\/762515"}],"collection":[{"href":"https:\/\/arantv.az\/index.php?rest_route=\/wp\/v2\/posts"}],"about":[{"href":"https:\/\/arantv.az\/index.php?rest_route=\/wp\/v2\/types\/post"}],"author":[{"embeddable":true,"href":"https:\/\/arantv.az\/index.php?rest_route=\/wp\/v2\/users\/2"}],"replies":[{"embeddable":true,"href":"https:\/\/arantv.az\/index.php?rest_route=%2Fwp%2Fv2%2Fcomments&post=762515"}],"version-history":[{"count":2,"href":"https:\/\/arantv.az\/index.php?rest_route=\/wp\/v2\/posts\/762515\/revisions"}],"predecessor-version":[{"id":762518,"href":"https:\/\/arantv.az\/index.php?rest_route=\/wp\/v2\/posts\/762515\/revisions\/762518"}],"wp:featuredmedia":[{"embeddable":true,"href":"https:\/\/arantv.az\/index.php?rest_route=\/wp\/v2\/media\/762516"}],"wp:attachment":[{"href":"https:\/\/arantv.az\/index.php?rest_route=%2Fwp%2Fv2%2Fmedia&parent=762515"}],"wp:term":[{"taxonomy":"category","embeddable":true,"href":"https:\/\/arantv.az\/index.php?rest_route=%2Fwp%2Fv2%2Fcategories&post=762515"},{"taxonomy":"post_tag","embeddable":true,"href":"https:\/\/arantv.az\/index.php?rest_route=%2Fwp%2Fv2%2Ftags&post=762515"}],"curies":[{"name":"wp","href":"https:\/\/api.w.org\/{rel}","templated":true}]}}