{"id":762526,"date":"2024-10-18T10:47:27","date_gmt":"2024-10-18T06:47:27","guid":{"rendered":"https:\/\/arantv.az\/?p=762526"},"modified":"2024-10-18T10:47:27","modified_gmt":"2024-10-18T06:47:27","slug":"noyabrda-bu-tarixl%c9%99rd%c9%99-is-olmayacaq","status":"publish","type":"post","link":"https:\/\/arantv.az\/?p=762526","title":{"rendered":"Noyabrda bu tarixl\u0259rd\u0259 i\u015f olmayacaq"},"content":{"rendered":"<p>\u0130\u015f v\u0259 istirah\u0259t g\u00fcnl\u0259rinin yerl\u0259ri d\u0259yi\u015fdirilib.<\/p>\n<p><strong>ARANTV.AZ<\/strong> APA-ya istinadla bildirir ki, Nazirl\u0259r Kabineti bu bar\u0259d\u0259 q\u0259rar verib.<\/p>\n<p>\u0130\u015f v\u0259 istirah\u0259t g\u00fcnl\u0259rinin ard\u0131c\u0131ll\u0131\u011f\u0131n\u0131 t\u0259min etm\u0259k m\u0259qs\u0259dil\u0259 2024-c\u00fc il 12 v\u0259 13 noyabr i\u015f g\u00fcnl\u0259ri il\u0259 m\u00fcvafiq olaraq 16 v\u0259 23 noyabr istirah\u0259t g\u00fcnl\u0259rinin yerl\u0259ri d\u0259yi\u015fdirilib.<\/p>\n<p>Qeyd ed\u0259k ki, 8 noyabr Z\u0259f\u0259r g\u00fcn\u00fc qeyri-i\u015f g\u00fcn\u00fcd\u00fcr. 9 noyabr Az\u0259rbaycan Respublikas\u0131n\u0131n D\u00f6vl\u0259t bayra\u011f\u0131 g\u00fcn\u00fc, i\u015f g\u00fcn\u00fc hesab edilm\u0259y\u0259n bayram g\u00fcn\u00fcd\u00fcr. Bu il 9 noyabr \u015f\u0259nb\u0259 g\u00fcn\u00fcn\u0259 t\u0259sad\u00fcf etdiyi \u00fc\u00e7\u00fcn \u018fm\u0259k M\u0259c\u0259ll\u0259sin\u0259 uy\u011fun olaraq n\u00f6vb\u0259ti h\u0259ft\u0259nin bazar ert\u0259si &#8211; 11 noyabr qeyri-i\u015f g\u00fcn\u00fc olacaq. Bel\u0259likl\u0259, i\u015f v\u0259 istirah\u0259t g\u00fcnl\u0259rinin yerinin d\u0259yi\u015fdirilm\u0259si il\u0259 \u0259laq\u0259dar 6 g\u00fcn &#8211; 8, 9, 10 (bazar g\u00fcn\u00fc), 11, 12 v\u0259 13 noyabr qeyri-i\u015f g\u00fcn\u00fc olacaq.<\/p>\n","protected":false},"excerpt":{"rendered":"<p>\u0130\u015f v\u0259 istirah\u0259t g\u00fcnl\u0259rinin yerl\u0259ri d\u0259yi\u015fdirilib. ARANTV.AZ APA-ya istinadla bildirir ki, Nazirl\u0259r Kabineti bu bar\u0259d\u0259 q\u0259rar verib. \u0130\u015f v\u0259 istirah\u0259t g\u00fcnl\u0259rinin ard\u0131c\u0131ll\u0131\u011f\u0131n\u0131 t\u0259min etm\u0259k m\u0259qs\u0259dil\u0259 2024-c\u00fc il 12 v\u0259 13 noyabr i\u015f g\u00fcnl\u0259ri il\u0259 m\u00fcvafiq olaraq 16 v\u0259 23 noyabr istirah\u0259t g\u00fcnl\u0259rinin yerl\u0259ri d\u0259yi\u015fdirilib. Qeyd ed\u0259k ki, 8 noyabr Z\u0259f\u0259r g\u00fcn\u00fc qeyri-i\u015f g\u00fcn\u00fcd\u00fcr. 9 noyabr Az\u0259rbaycan Respublikas\u0131n\u0131n D\u00f6vl\u0259t bayra\u011f\u0131 g\u00fcn\u00fc, i\u015f g\u00fcn\u00fc hesab edilm\u0259y\u0259n bayram g\u00fcn\u00fcd\u00fcr. Bu il 9 noyabr \u015f\u0259nb\u0259 g\u00fcn\u00fcn\u0259 t\u0259sad\u00fcf etdiyi \u00fc\u00e7\u00fcn \u018fm\u0259k M\u0259c\u0259ll\u0259sin\u0259 uy\u011fun olaraq n\u00f6vb\u0259ti h\u0259ft\u0259nin bazar ert\u0259si &#8211; 11 noyabr qeyri-i\u015f g\u00fcn\u00fc olacaq. Bel\u0259likl\u0259,&hellip;<\/p>\n","protected":false},"author":2,"featured_media":762527,"comment_status":"closed","ping_status":"closed","sticky":false,"template":"","format":"standard","meta":{"om_disable_all_campaigns":false,"_monsterinsights_skip_tracking":false,"_monsterinsights_sitenote_active":false,"_monsterinsights_sitenote_note":"","_monsterinsights_sitenote_category":0},"categories":[1],"tags":[],"aioseo_notices":[],"gutentor_comment":0,"rttpg_featured_image_url":{"full":["https:\/\/arantv.az\/wp-content\/uploads\/2024\/10\/820487e7fa6d65fe6c7e61a979038b82.jpg",800,500,false],"landscape":["https:\/\/arantv.az\/wp-content\/uploads\/2024\/10\/820487e7fa6d65fe6c7e61a979038b82.jpg",800,500,false],"portraits":["https:\/\/arantv.az\/wp-content\/uploads\/2024\/10\/820487e7fa6d65fe6c7e61a979038b82.jpg",800,500,false],"thumbnail":["https:\/\/arantv.az\/wp-content\/uploads\/2024\/10\/820487e7fa6d65fe6c7e61a979038b82-500x280.jpg",500,280,true],"medium":["https:\/\/arantv.az\/wp-content\/uploads\/2024\/10\/820487e7fa6d65fe6c7e61a979038b82-584x365.jpg",584,365,true],"large":["https:\/\/arantv.az\/wp-content\/uploads\/2024\/10\/820487e7fa6d65fe6c7e61a979038b82.jpg",640,400,false],"1536x1536":["https:\/\/arantv.az\/wp-content\/uploads\/2024\/10\/820487e7fa6d65fe6c7e61a979038b82.jpg",800,500,false],"2048x2048":["https:\/\/arantv.az\/wp-content\/uploads\/2024\/10\/820487e7fa6d65fe6c7e61a979038b82.jpg",800,500,false],"post-thumbnail":["https:\/\/arantv.az\/wp-content\/uploads\/2024\/10\/820487e7fa6d65fe6c7e61a979038b82-240x172.jpg",240,172,true],"advps-thumb-one":["https:\/\/arantv.az\/wp-content\/uploads\/2024\/10\/820487e7fa6d65fe6c7e61a979038b82.jpg",800,500,false]},"rttpg_author":{"display_name":"V\u00fcsal Rafiqo\u011flu","author_link":"https:\/\/arantv.az\/?author=2"},"rttpg_comment":0,"rttpg_category":"<a href=\"https:\/\/arantv.az\/?cat=1\" rel=\"category\">C\u0259miyy\u0259t<\/a>","rttpg_excerpt":"\u0130\u015f v\u0259 istirah\u0259t g\u00fcnl\u0259rinin yerl\u0259ri d\u0259yi\u015fdirilib. ARANTV.AZ APA-ya istinadla bildirir ki, Nazirl\u0259r Kabineti bu bar\u0259d\u0259 q\u0259rar verib. \u0130\u015f v\u0259 istirah\u0259t g\u00fcnl\u0259rinin ard\u0131c\u0131ll\u0131\u011f\u0131n\u0131 t\u0259min etm\u0259k m\u0259qs\u0259dil\u0259 2024-c\u00fc il 12 v\u0259 13 noyabr i\u015f g\u00fcnl\u0259ri il\u0259 m\u00fcvafiq olaraq 16 v\u0259 23 noyabr istirah\u0259t g\u00fcnl\u0259rinin yerl\u0259ri d\u0259yi\u015fdirilib. Qeyd ed\u0259k ki, 8 noyabr Z\u0259f\u0259r g\u00fcn\u00fc qeyri-i\u015f g\u00fcn\u00fcd\u00fcr. 9 noyabr&hellip;","_links":{"self":[{"href":"https:\/\/arantv.az\/index.php?rest_route=\/wp\/v2\/posts\/762526"}],"collection":[{"href":"https:\/\/arantv.az\/index.php?rest_route=\/wp\/v2\/posts"}],"about":[{"href":"https:\/\/arantv.az\/index.php?rest_route=\/wp\/v2\/types\/post"}],"author":[{"embeddable":true,"href":"https:\/\/arantv.az\/index.php?rest_route=\/wp\/v2\/users\/2"}],"replies":[{"embeddable":true,"href":"https:\/\/arantv.az\/index.php?rest_route=%2Fwp%2Fv2%2Fcomments&post=762526"}],"version-history":[{"count":1,"href":"https:\/\/arantv.az\/index.php?rest_route=\/wp\/v2\/posts\/762526\/revisions"}],"predecessor-version":[{"id":762528,"href":"https:\/\/arantv.az\/index.php?rest_route=\/wp\/v2\/posts\/762526\/revisions\/762528"}],"wp:featuredmedia":[{"embeddable":true,"href":"https:\/\/arantv.az\/index.php?rest_route=\/wp\/v2\/media\/762527"}],"wp:attachment":[{"href":"https:\/\/arantv.az\/index.php?rest_route=%2Fwp%2Fv2%2Fmedia&parent=762526"}],"wp:term":[{"taxonomy":"category","embeddable":true,"href":"https:\/\/arantv.az\/index.php?rest_route=%2Fwp%2Fv2%2Fcategories&post=762526"},{"taxonomy":"post_tag","embeddable":true,"href":"https:\/\/arantv.az\/index.php?rest_route=%2Fwp%2Fv2%2Ftags&post=762526"}],"curies":[{"name":"wp","href":"https:\/\/api.w.org\/{rel}","templated":true}]}}