{"id":762552,"date":"2024-10-18T10:56:36","date_gmt":"2024-10-18T06:56:36","guid":{"rendered":"https:\/\/arantv.az\/?p=762552"},"modified":"2024-10-18T10:56:36","modified_gmt":"2024-10-18T06:56:36","slug":"nazir-muhum-x%c9%99b%c9%99ri-aciqladi-yaxin-3-ild%c9%99-az%c9%99rbaycanda","status":"publish","type":"post","link":"https:\/\/arantv.az\/?p=762552","title":{"rendered":"Nazir M\u00dcH\u00dcM X\u018fB\u018fR\u0130 A\u00c7IQLADI: yax\u0131n 3 ild\u0259 Az\u0259rbaycanda&#8230;"},"content":{"rendered":"<p><strong>2027-ci il\u0259 q\u0259d\u0259r Az\u0259rbaycanda 2,8 milyard AB\u015e dollar\u0131 m\u0259bl\u0259\u011find\u0259 xarici v\u0259 yerli investisiya hesab\u0131na 2 QVt g\u00fcc\u00fcnd\u0259 s\u0259nayemiqyasl\u0131 8 g\u00fcn\u0259\u015f v\u0259 k\u00fcl\u0259k elektrik stansiyas\u0131n\u0131n in\u015fas\u0131 v\u0259 \u015f\u0259b\u0259k\u0259y\u0259 qo\u015fulmas\u0131 planla\u015fd\u0131r\u0131l\u0131r ki, bu da Az\u0259rbaycan\u0131n &#8220;ya\u015f\u0131l enerji&#8221; c\u0131\u011f\u0131r\u0131 il\u0259 s\u00fcr\u0259tl\u0259 ir\u0259lildiyini, bu prosesin art\u0131q geriy\u0259d\u00f6nm\u0259z oldu\u011funu g\u00f6st\u0259rir.<\/strong><\/p>\n<p><strong>ARANTV.AZ <\/strong>\u00a0x\u0259b\u0259r verir ki, bunu energetika naziri P\u0259rviz \u015eahbazov &#8220;Az\u0259rbaycan&#8221; q\u0259zetind\u0259 d\u0259rc edilmi\u015f m\u0259qal\u0259sind\u0259 bildirib.<\/p>\n<p>&#8220;N\u00f6vb\u0259ti ill\u0259rd\u0259 elektrik enerjisinin istehsal-ixrac dinamikas\u0131 \u0259h\u0259miyy\u0259tli d\u0259r\u0259c\u0259d\u0259 b\u0259rpa olunan enerji m\u0259nb\u0259l\u0259rin\u0259 \u0259sas\u0259n formala\u015facaq. Bunun \u00fc\u00e7\u00fcn z\u0259ngin potensial, &#8220;ya\u015f\u0131l enerji&#8221; n\u00f6vl\u0259rinin yarad\u0131lmas\u0131n\u0131 v\u0259 d\u00fcnya bazarlar\u0131na n\u0259qlini prioritetl\u0259\u015fdir\u0259n d\u00f6vl\u0259t siyas\u0259ti, yeni qanunvericilik bazas\u0131 v\u0259 beyn\u0259lxalq investorlarla \u0259m\u0259kda\u015fl\u0131q kimi b\u00fct\u00fcn z\u0259ruri \u015f\u0259rtl\u0259r m\u00f6vcuddur&#8221;, &#8211; dey\u0259 o qeyd edib.<\/p>\n","protected":false},"excerpt":{"rendered":"<p>2027-ci il\u0259 q\u0259d\u0259r Az\u0259rbaycanda 2,8 milyard AB\u015e dollar\u0131 m\u0259bl\u0259\u011find\u0259 xarici v\u0259 yerli investisiya hesab\u0131na 2 QVt g\u00fcc\u00fcnd\u0259 s\u0259nayemiqyasl\u0131 8 g\u00fcn\u0259\u015f v\u0259 k\u00fcl\u0259k elektrik stansiyas\u0131n\u0131n in\u015fas\u0131 v\u0259 \u015f\u0259b\u0259k\u0259y\u0259 qo\u015fulmas\u0131 planla\u015fd\u0131r\u0131l\u0131r ki, bu da Az\u0259rbaycan\u0131n &#8220;ya\u015f\u0131l enerji&#8221; c\u0131\u011f\u0131r\u0131 il\u0259 s\u00fcr\u0259tl\u0259 ir\u0259lildiyini, bu prosesin art\u0131q geriy\u0259d\u00f6nm\u0259z oldu\u011funu g\u00f6st\u0259rir. ARANTV.AZ \u00a0x\u0259b\u0259r verir ki, bunu energetika naziri P\u0259rviz \u015eahbazov &#8220;Az\u0259rbaycan&#8221; q\u0259zetind\u0259 d\u0259rc edilmi\u015f m\u0259qal\u0259sind\u0259 bildirib. &#8220;N\u00f6vb\u0259ti ill\u0259rd\u0259 elektrik enerjisinin istehsal-ixrac dinamikas\u0131 \u0259h\u0259miyy\u0259tli d\u0259r\u0259c\u0259d\u0259 b\u0259rpa olunan enerji m\u0259nb\u0259l\u0259rin\u0259 \u0259sas\u0259n formala\u015facaq. Bunun \u00fc\u00e7\u00fcn z\u0259ngin potensial, &#8220;ya\u015f\u0131l enerji&#8221; n\u00f6vl\u0259rinin yarad\u0131lmas\u0131n\u0131 v\u0259 d\u00fcnya bazarlar\u0131na n\u0259qlini prioritetl\u0259\u015fdir\u0259n d\u00f6vl\u0259t siyas\u0259ti, yeni&hellip;<\/p>\n","protected":false},"author":2,"featured_media":762553,"comment_status":"closed","ping_status":"closed","sticky":false,"template":"","format":"standard","meta":{"om_disable_all_campaigns":false,"_monsterinsights_skip_tracking":false,"_monsterinsights_sitenote_active":false,"_monsterinsights_sitenote_note":"","_monsterinsights_sitenote_category":0},"categories":[19],"tags":[],"aioseo_notices":[],"gutentor_comment":0,"rttpg_featured_image_url":{"full":["https:\/\/arantv.az\/wp-content\/uploads\/2024\/10\/4c1b55ccff2b79aed34fb367563e2687.jpg",800,450,false],"landscape":["https:\/\/arantv.az\/wp-content\/uploads\/2024\/10\/4c1b55ccff2b79aed34fb367563e2687.jpg",800,450,false],"portraits":["https:\/\/arantv.az\/wp-content\/uploads\/2024\/10\/4c1b55ccff2b79aed34fb367563e2687.jpg",800,450,false],"thumbnail":["https:\/\/arantv.az\/wp-content\/uploads\/2024\/10\/4c1b55ccff2b79aed34fb367563e2687-500x280.jpg",500,280,true],"medium":["https:\/\/arantv.az\/wp-content\/uploads\/2024\/10\/4c1b55ccff2b79aed34fb367563e2687-649x365.jpg",649,365,true],"large":["https:\/\/arantv.az\/wp-content\/uploads\/2024\/10\/4c1b55ccff2b79aed34fb367563e2687.jpg",640,360,false],"1536x1536":["https:\/\/arantv.az\/wp-content\/uploads\/2024\/10\/4c1b55ccff2b79aed34fb367563e2687.jpg",800,450,false],"2048x2048":["https:\/\/arantv.az\/wp-content\/uploads\/2024\/10\/4c1b55ccff2b79aed34fb367563e2687.jpg",800,450,false],"post-thumbnail":["https:\/\/arantv.az\/wp-content\/uploads\/2024\/10\/4c1b55ccff2b79aed34fb367563e2687-240x172.jpg",240,172,true],"advps-thumb-one":["https:\/\/arantv.az\/wp-content\/uploads\/2024\/10\/4c1b55ccff2b79aed34fb367563e2687.jpg",800,450,false]},"rttpg_author":{"display_name":"V\u00fcsal Rafiqo\u011flu","author_link":"https:\/\/arantv.az\/?author=2"},"rttpg_comment":0,"rttpg_category":"<a href=\"https:\/\/arantv.az\/?cat=19\" rel=\"category\">G\u00fcnd\u0259m<\/a>","rttpg_excerpt":"2027-ci il\u0259 q\u0259d\u0259r Az\u0259rbaycanda 2,8 milyard AB\u015e dollar\u0131 m\u0259bl\u0259\u011find\u0259 xarici v\u0259 yerli investisiya hesab\u0131na 2 QVt g\u00fcc\u00fcnd\u0259 s\u0259nayemiqyasl\u0131 8 g\u00fcn\u0259\u015f v\u0259 k\u00fcl\u0259k elektrik stansiyas\u0131n\u0131n in\u015fas\u0131 v\u0259 \u015f\u0259b\u0259k\u0259y\u0259 qo\u015fulmas\u0131 planla\u015fd\u0131r\u0131l\u0131r ki, bu da Az\u0259rbaycan\u0131n &#8220;ya\u015f\u0131l enerji&#8221; c\u0131\u011f\u0131r\u0131 il\u0259 s\u00fcr\u0259tl\u0259 ir\u0259lildiyini, bu prosesin art\u0131q geriy\u0259d\u00f6nm\u0259z oldu\u011funu g\u00f6st\u0259rir. ARANTV.AZ \u00a0x\u0259b\u0259r verir ki, bunu energetika naziri P\u0259rviz \u015eahbazov &#8220;Az\u0259rbaycan&#8221;&hellip;","_links":{"self":[{"href":"https:\/\/arantv.az\/index.php?rest_route=\/wp\/v2\/posts\/762552"}],"collection":[{"href":"https:\/\/arantv.az\/index.php?rest_route=\/wp\/v2\/posts"}],"about":[{"href":"https:\/\/arantv.az\/index.php?rest_route=\/wp\/v2\/types\/post"}],"author":[{"embeddable":true,"href":"https:\/\/arantv.az\/index.php?rest_route=\/wp\/v2\/users\/2"}],"replies":[{"embeddable":true,"href":"https:\/\/arantv.az\/index.php?rest_route=%2Fwp%2Fv2%2Fcomments&post=762552"}],"version-history":[{"count":1,"href":"https:\/\/arantv.az\/index.php?rest_route=\/wp\/v2\/posts\/762552\/revisions"}],"predecessor-version":[{"id":762554,"href":"https:\/\/arantv.az\/index.php?rest_route=\/wp\/v2\/posts\/762552\/revisions\/762554"}],"wp:featuredmedia":[{"embeddable":true,"href":"https:\/\/arantv.az\/index.php?rest_route=\/wp\/v2\/media\/762553"}],"wp:attachment":[{"href":"https:\/\/arantv.az\/index.php?rest_route=%2Fwp%2Fv2%2Fmedia&parent=762552"}],"wp:term":[{"taxonomy":"category","embeddable":true,"href":"https:\/\/arantv.az\/index.php?rest_route=%2Fwp%2Fv2%2Fcategories&post=762552"},{"taxonomy":"post_tag","embeddable":true,"href":"https:\/\/arantv.az\/index.php?rest_route=%2Fwp%2Fv2%2Ftags&post=762552"}],"curies":[{"name":"wp","href":"https:\/\/api.w.org\/{rel}","templated":true}]}}