{"id":762564,"date":"2024-10-18T11:14:21","date_gmt":"2024-10-18T07:14:21","guid":{"rendered":"https:\/\/arantv.az\/?p=762564"},"modified":"2024-10-18T11:14:21","modified_gmt":"2024-10-18T07:14:21","slug":"mn-turkiy%c9%99-az%c9%99rbaycanla-h%c9%99r-zaman-birlikd%c9%99-olacaq","status":"publish","type":"post","link":"https:\/\/arantv.az\/?p=762564","title":{"rendered":"MN: T\u00fcrkiy\u0259 Az\u0259rbaycanla h\u0259r zaman birlikd\u0259 olacaq"},"content":{"rendered":"<p><strong>T\u00fcrkiy\u0259 Az\u0259rbaycanla h\u0259r zaman birlikd\u0259 olacaq.<\/strong><\/p>\n<p><strong>ARANTV.AZ <\/strong>\u00a0x\u0259b\u0259r verir ki, bu bar\u0259d\u0259 T\u00fcrkiy\u0259 Milli M\u00fcdafi\u0259 Nazirliyinin Az\u0259rbaycan\u0131n M\u00fcst\u0259qilliyinin b\u0259rpas\u0131 G\u00fcn\u00fc m\u00fcnasib\u0259til\u0259 \u201cX\u201d hesab\u0131ndak\u0131 payla\u015f\u0131m\u0131nda yaz\u0131l\u0131b.<\/p>\n<p>\u201c\u0130ki b\u0259d\u0259n, bir can: T\u00fcrkiy\u0259- Az\u0259rbaycan. Qarda\u015f Az\u0259rbaycan\u0131n M\u00fcst\u0259qilliyinin b\u0259rpas\u0131 G\u00fcn\u00fcn\u00fc t\u0259brik edir, Az\u0259rbaycan xalq\u0131n\u0131 salamlay\u0131r\u0131q. Ya\u015fas\u0131n T\u00fcrkiy\u0259 &#8211; Az\u0259rbaycan qarda\u015f\u0131l\u0131\u011f\u0131\u201d, &#8211; payla\u015f\u0131mda bildirilib.<\/p>\n","protected":false},"excerpt":{"rendered":"<p>T\u00fcrkiy\u0259 Az\u0259rbaycanla h\u0259r zaman birlikd\u0259 olacaq. ARANTV.AZ \u00a0x\u0259b\u0259r verir ki, bu bar\u0259d\u0259 T\u00fcrkiy\u0259 Milli M\u00fcdafi\u0259 Nazirliyinin Az\u0259rbaycan\u0131n M\u00fcst\u0259qilliyinin b\u0259rpas\u0131 G\u00fcn\u00fc m\u00fcnasib\u0259til\u0259 \u201cX\u201d hesab\u0131ndak\u0131 payla\u015f\u0131m\u0131nda yaz\u0131l\u0131b. \u201c\u0130ki b\u0259d\u0259n, bir can: T\u00fcrkiy\u0259- Az\u0259rbaycan. Qarda\u015f Az\u0259rbaycan\u0131n M\u00fcst\u0259qilliyinin b\u0259rpas\u0131 G\u00fcn\u00fcn\u00fc t\u0259brik edir, Az\u0259rbaycan xalq\u0131n\u0131 salamlay\u0131r\u0131q. Ya\u015fas\u0131n T\u00fcrkiy\u0259 &#8211; Az\u0259rbaycan qarda\u015f\u0131l\u0131\u011f\u0131\u201d, &#8211; payla\u015f\u0131mda bildirilib.<\/p>\n","protected":false},"author":2,"featured_media":762565,"comment_status":"closed","ping_status":"closed","sticky":false,"template":"","format":"standard","meta":{"om_disable_all_campaigns":false,"_monsterinsights_skip_tracking":false,"_monsterinsights_sitenote_active":false,"_monsterinsights_sitenote_note":"","_monsterinsights_sitenote_category":0},"categories":[19],"tags":[],"aioseo_notices":[],"gutentor_comment":0,"rttpg_featured_image_url":{"full":["https:\/\/arantv.az\/wp-content\/uploads\/2024\/10\/2d62e38e28f75cbe670db88d2bdaa2c3.jpg",850,500,false],"landscape":["https:\/\/arantv.az\/wp-content\/uploads\/2024\/10\/2d62e38e28f75cbe670db88d2bdaa2c3.jpg",850,500,false],"portraits":["https:\/\/arantv.az\/wp-content\/uploads\/2024\/10\/2d62e38e28f75cbe670db88d2bdaa2c3.jpg",850,500,false],"thumbnail":["https:\/\/arantv.az\/wp-content\/uploads\/2024\/10\/2d62e38e28f75cbe670db88d2bdaa2c3-500x280.jpg",500,280,true],"medium":["https:\/\/arantv.az\/wp-content\/uploads\/2024\/10\/2d62e38e28f75cbe670db88d2bdaa2c3-621x365.jpg",621,365,true],"large":["https:\/\/arantv.az\/wp-content\/uploads\/2024\/10\/2d62e38e28f75cbe670db88d2bdaa2c3-840x494.jpg",640,376,true],"1536x1536":["https:\/\/arantv.az\/wp-content\/uploads\/2024\/10\/2d62e38e28f75cbe670db88d2bdaa2c3.jpg",850,500,false],"2048x2048":["https:\/\/arantv.az\/wp-content\/uploads\/2024\/10\/2d62e38e28f75cbe670db88d2bdaa2c3.jpg",850,500,false],"post-thumbnail":["https:\/\/arantv.az\/wp-content\/uploads\/2024\/10\/2d62e38e28f75cbe670db88d2bdaa2c3-240x172.jpg",240,172,true],"advps-thumb-one":["https:\/\/arantv.az\/wp-content\/uploads\/2024\/10\/2d62e38e28f75cbe670db88d2bdaa2c3.jpg",850,500,false]},"rttpg_author":{"display_name":"V\u00fcsal Rafiqo\u011flu","author_link":"https:\/\/arantv.az\/?author=2"},"rttpg_comment":0,"rttpg_category":"<a href=\"https:\/\/arantv.az\/?cat=19\" rel=\"category\">G\u00fcnd\u0259m<\/a>","rttpg_excerpt":"T\u00fcrkiy\u0259 Az\u0259rbaycanla h\u0259r zaman birlikd\u0259 olacaq. ARANTV.AZ \u00a0x\u0259b\u0259r verir ki, bu bar\u0259d\u0259 T\u00fcrkiy\u0259 Milli M\u00fcdafi\u0259 Nazirliyinin Az\u0259rbaycan\u0131n M\u00fcst\u0259qilliyinin b\u0259rpas\u0131 G\u00fcn\u00fc m\u00fcnasib\u0259til\u0259 \u201cX\u201d hesab\u0131ndak\u0131 payla\u015f\u0131m\u0131nda yaz\u0131l\u0131b. \u201c\u0130ki b\u0259d\u0259n, bir can: T\u00fcrkiy\u0259- Az\u0259rbaycan. Qarda\u015f Az\u0259rbaycan\u0131n M\u00fcst\u0259qilliyinin b\u0259rpas\u0131 G\u00fcn\u00fcn\u00fc t\u0259brik edir, Az\u0259rbaycan xalq\u0131n\u0131 salamlay\u0131r\u0131q. Ya\u015fas\u0131n T\u00fcrkiy\u0259 &#8211; Az\u0259rbaycan qarda\u015f\u0131l\u0131\u011f\u0131\u201d, &#8211; payla\u015f\u0131mda bildirilib.","_links":{"self":[{"href":"https:\/\/arantv.az\/index.php?rest_route=\/wp\/v2\/posts\/762564"}],"collection":[{"href":"https:\/\/arantv.az\/index.php?rest_route=\/wp\/v2\/posts"}],"about":[{"href":"https:\/\/arantv.az\/index.php?rest_route=\/wp\/v2\/types\/post"}],"author":[{"embeddable":true,"href":"https:\/\/arantv.az\/index.php?rest_route=\/wp\/v2\/users\/2"}],"replies":[{"embeddable":true,"href":"https:\/\/arantv.az\/index.php?rest_route=%2Fwp%2Fv2%2Fcomments&post=762564"}],"version-history":[{"count":1,"href":"https:\/\/arantv.az\/index.php?rest_route=\/wp\/v2\/posts\/762564\/revisions"}],"predecessor-version":[{"id":762566,"href":"https:\/\/arantv.az\/index.php?rest_route=\/wp\/v2\/posts\/762564\/revisions\/762566"}],"wp:featuredmedia":[{"embeddable":true,"href":"https:\/\/arantv.az\/index.php?rest_route=\/wp\/v2\/media\/762565"}],"wp:attachment":[{"href":"https:\/\/arantv.az\/index.php?rest_route=%2Fwp%2Fv2%2Fmedia&parent=762564"}],"wp:term":[{"taxonomy":"category","embeddable":true,"href":"https:\/\/arantv.az\/index.php?rest_route=%2Fwp%2Fv2%2Fcategories&post=762564"},{"taxonomy":"post_tag","embeddable":true,"href":"https:\/\/arantv.az\/index.php?rest_route=%2Fwp%2Fv2%2Ftags&post=762564"}],"curies":[{"name":"wp","href":"https:\/\/api.w.org\/{rel}","templated":true}]}}