{"id":762568,"date":"2024-10-18T11:25:15","date_gmt":"2024-10-18T07:25:15","guid":{"rendered":"https:\/\/arantv.az\/?p=762568"},"modified":"2024-10-18T11:25:15","modified_gmt":"2024-10-18T07:25:15","slug":"pensiya-alanlarin-n%c9%99z%c9%99rin%c9%99-artim-olacaq","status":"publish","type":"post","link":"https:\/\/arantv.az\/?p=762568","title":{"rendered":"Pensiya alanlar\u0131n N\u018fZ\u018fR\u0130N\u018f: Art\u0131m olacaq"},"content":{"rendered":"<p>&#8220;Az\u0259rbaycanda minimum pensiya art\u0131r\u0131lacaq. Bununla ba\u011fl\u0131 c\u0259nab prezidentin g\u00f6st\u0259ri\u015fi var. Haz\u0131rda minimum pensiya 280 manatd\u0131r v\u0259 art\u0131mlardan sonra n\u00f6vb\u0259ti ild\u0259n minimum pensiyan\u0131n m\u0259bl\u0259\u011fi m\u00fc\u0259yy\u0259nl\u0259\u015f\u0259c\u0259k&#8221;.<\/p>\n<p>Bunu Milli.Az-a a\u00e7\u0131qlamas\u0131nda Milli M\u0259clisin deputat\u0131, iqtisad\u00e7\u0131 alim V\u00fcqar Bayramov bildirib.<\/p>\n<p>Onun s\u00f6zl\u0259rin\u0259 g\u00f6r\u0259, \u0259m\u0259k pensiyas\u0131 alan v\u0259t\u0259nda\u015flar\u0131m\u0131z\u0131n pensiya m\u0259bl\u0259\u011fl\u0259ri g\u0259l\u0259n ilin yanvar\u0131ndan etibar\u0259n indeksl\u0259\u015fdirilib art\u0131r\u0131lacaq:<\/p>\n<p>&#8220;\u0130ndeksasiya faizi il\u0259 ba\u011fl\u0131 yaln\u0131z ilin sonunda r\u0259q\u0259ml\u0259ri s\u00f6yl\u0259m\u0259k m\u00fcmk\u00fcn olacaq. \u00c7\u00fcnk indeksl\u0259\u015fdirm\u0259 il\u0259 ba\u011fl\u0131 faiz 2024-c\u00fc ild\u0259 orta ayl\u0131q \u0259m\u0259k haqq\u0131ndak\u0131 art\u0131m faizin\u0259 uy\u011fun olaraq m\u00fc\u0259yy\u0259nl\u0259\u015fir. Ona g\u00f6r\u0259 d\u0259 h\u0259min art\u0131m faizin\u0259 uy\u011fun olaraq, 2025-ci ilin yanvar\u0131ndan \u0259m\u0259k pensiyalar\u0131n\u0131n art\u0131r\u0131lmas\u0131 h\u0259yata ke\u00e7iril\u0259c\u0259k.<\/p>\n<p>G\u00f6zl\u0259nilir ki, bununla ba\u011fl\u0131 s\u0259r\u0259ncam fevral ay\u0131nda imzalanacaq. \u00c7\u00fcnki fevral ay\u0131n\u0131n \u0259vv\u0259ll\u0259rind\u0259 D\u00f6vl\u0259t Statistika Komit\u0259si 2024-c\u00fc ild\u0259 orta ayl\u0131q \u0259m\u0259k haqq\u0131ndak\u0131 art\u0131mla ba\u011fl\u0131 faizi elan edib. Daha sonra h\u0259min faiz\u0259 uy\u011fun olaraq c\u0259nab prezident t\u0259r\u0259find\u0259n s\u0259r\u0259ncam imzalan\u0131r. Amma s\u0259r\u0259ncam\u0131n fevral ay\u0131nda imzalanmas\u0131na baxmayaraq, art\u0131m yanvardan hesablan\u0131r.<\/p>\n<p>Yanvar ay\u0131ndak\u0131 art\u0131mlar da fevral ay\u0131n\u0131n art\u0131mlar\u0131 il\u0259 birlikd\u0259 v\u0259t\u0259nda\u015flara t\u0259qdim olunacaq. Bu indeksl\u0259\u015fdirm\u0259 \u0259m\u0259k pensiyas\u0131 alan b\u00fct\u00fcn v\u0259t\u0259nda\u015flar\u0131m\u0131z\u0131 \u0259hat\u0259 ed\u0259c\u0259k. H\u0259m ya\u015fa g\u00f6r\u0259, h\u0259m ail\u0259 ba\u015f\u00e7\u0131s\u0131n\u0131 itirm\u0259y\u0259 g\u00f6r\u0259, h\u0259m d\u0259 \u0259lilliy\u0259 g\u00f6r\u0259 \u0259m\u0259k pensiyas\u0131 alan v\u0259t\u0259nda\u015flar\u0131m\u0131z\u0131n pensiyas\u0131 artacaq&#8221;.<\/p>\n<p>Deputat h\u0259m\u00e7inin qeyd edib ki, 2025-ci ilin d\u00f6vl\u0259t b\u00fcdc\u0259sind\u0259 sosial t\u0259minat v\u0259 sosial m\u00fcdafi\u0259 sah\u0259sin\u0259 4 milyard 998 milyon manat v\u0259saitin ayr\u0131lmas\u0131 n\u0259z\u0259rd\u0259 tutulub:<\/p>\n<p>&#8220;Bu, 2024-c\u00fc ill\u0259 m\u00fcqayis\u0259d\u0259 14 faiz \u00e7oxdur. Eyni zamanda, D\u00f6vl\u0259t Sosial M\u00fcdafi\u0259 Fondu (DSMF) b\u00fcdc\u0259sini v\u0259 dig\u0259r sosial x\u0259rcl\u0259ri n\u0259z\u0259r\u0259 alsaq, h\u0259m d\u00f6vl\u0259t b\u00fcdc\u0259sinin, h\u0259m d\u0259 icmal b\u00fcdc\u0259nin x\u0259rcl\u0259rinin t\u0259xmin\u0259n 45 faizi m\u0259hz sosial istiqam\u0259t\u0259 y\u00f6n\u0259ldil\u0259c\u0259k. 2025-ci ild\u0259 d\u00f6vl\u0259t b\u00fcdc\u0259sind\u0259n ayr\u0131lan h\u0259r 100 manat\u0131n 45 manat\u0131 sosial istiqam\u0259t\u0259 y\u00f6n\u0259ldil\u0259n v\u0259sait olacaq.<\/p>\n<p>Pensiya v\u0259 minimum \u0259m\u0259k haqq\u0131ndak\u0131 art\u0131m faizl\u0259ri noyabr v\u0259 dekabr aylar\u0131ndak\u0131 m\u00fczakir\u0259l\u0259r n\u0259tic\u0259sind\u0259 yekunla\u015facaq v\u0259 n\u00f6vb\u0259ti ild\u0259n etibar\u0259n art\u0131mlar\u0131n h\u0259yata ke\u00e7irilm\u0259sini m\u00fc\u015fahid\u0259 ed\u0259 bil\u0259c\u0259yik&#8221;.<\/p>\n","protected":false},"excerpt":{"rendered":"<p>&#8220;Az\u0259rbaycanda minimum pensiya art\u0131r\u0131lacaq. Bununla ba\u011fl\u0131 c\u0259nab prezidentin g\u00f6st\u0259ri\u015fi var. Haz\u0131rda minimum pensiya 280 manatd\u0131r v\u0259 art\u0131mlardan sonra n\u00f6vb\u0259ti ild\u0259n minimum pensiyan\u0131n m\u0259bl\u0259\u011fi m\u00fc\u0259yy\u0259nl\u0259\u015f\u0259c\u0259k&#8221;. Bunu Milli.Az-a a\u00e7\u0131qlamas\u0131nda Milli M\u0259clisin deputat\u0131, iqtisad\u00e7\u0131 alim V\u00fcqar Bayramov bildirib. Onun s\u00f6zl\u0259rin\u0259 g\u00f6r\u0259, \u0259m\u0259k pensiyas\u0131 alan v\u0259t\u0259nda\u015flar\u0131m\u0131z\u0131n pensiya m\u0259bl\u0259\u011fl\u0259ri g\u0259l\u0259n ilin yanvar\u0131ndan etibar\u0259n indeksl\u0259\u015fdirilib art\u0131r\u0131lacaq: &#8220;\u0130ndeksasiya faizi il\u0259 ba\u011fl\u0131 yaln\u0131z ilin sonunda r\u0259q\u0259ml\u0259ri s\u00f6yl\u0259m\u0259k m\u00fcmk\u00fcn olacaq. \u00c7\u00fcnk indeksl\u0259\u015fdirm\u0259 il\u0259 ba\u011fl\u0131 faiz 2024-c\u00fc ild\u0259 orta ayl\u0131q \u0259m\u0259k haqq\u0131ndak\u0131 art\u0131m faizin\u0259 uy\u011fun olaraq m\u00fc\u0259yy\u0259nl\u0259\u015fir. Ona g\u00f6r\u0259 d\u0259 h\u0259min art\u0131m faizin\u0259 uy\u011fun olaraq, 2025-ci ilin yanvar\u0131ndan \u0259m\u0259k pensiyalar\u0131n\u0131n&hellip;<\/p>\n","protected":false},"author":2,"featured_media":762569,"comment_status":"closed","ping_status":"closed","sticky":false,"template":"","format":"standard","meta":{"om_disable_all_campaigns":false,"_monsterinsights_skip_tracking":false,"_monsterinsights_sitenote_active":false,"_monsterinsights_sitenote_note":"","_monsterinsights_sitenote_category":0},"categories":[1],"tags":[],"aioseo_notices":[],"gutentor_comment":0,"rttpg_featured_image_url":{"full":["https:\/\/arantv.az\/wp-content\/uploads\/2024\/10\/8c8aeeeaac1490398a443f8a8b608399.jpg",870,500,false],"landscape":["https:\/\/arantv.az\/wp-content\/uploads\/2024\/10\/8c8aeeeaac1490398a443f8a8b608399.jpg",870,500,false],"portraits":["https:\/\/arantv.az\/wp-content\/uploads\/2024\/10\/8c8aeeeaac1490398a443f8a8b608399.jpg",870,500,false],"thumbnail":["https:\/\/arantv.az\/wp-content\/uploads\/2024\/10\/8c8aeeeaac1490398a443f8a8b608399-500x280.jpg",500,280,true],"medium":["https:\/\/arantv.az\/wp-content\/uploads\/2024\/10\/8c8aeeeaac1490398a443f8a8b608399-635x365.jpg",635,365,true],"large":["https:\/\/arantv.az\/wp-content\/uploads\/2024\/10\/8c8aeeeaac1490398a443f8a8b608399-840x483.jpg",640,368,true],"1536x1536":["https:\/\/arantv.az\/wp-content\/uploads\/2024\/10\/8c8aeeeaac1490398a443f8a8b608399.jpg",870,500,false],"2048x2048":["https:\/\/arantv.az\/wp-content\/uploads\/2024\/10\/8c8aeeeaac1490398a443f8a8b608399.jpg",870,500,false],"post-thumbnail":["https:\/\/arantv.az\/wp-content\/uploads\/2024\/10\/8c8aeeeaac1490398a443f8a8b608399-240x172.jpg",240,172,true],"advps-thumb-one":["https:\/\/arantv.az\/wp-content\/uploads\/2024\/10\/8c8aeeeaac1490398a443f8a8b608399.jpg",870,500,false]},"rttpg_author":{"display_name":"V\u00fcsal Rafiqo\u011flu","author_link":"https:\/\/arantv.az\/?author=2"},"rttpg_comment":0,"rttpg_category":"<a href=\"https:\/\/arantv.az\/?cat=1\" rel=\"category\">C\u0259miyy\u0259t<\/a>","rttpg_excerpt":"&#8220;Az\u0259rbaycanda minimum pensiya art\u0131r\u0131lacaq. Bununla ba\u011fl\u0131 c\u0259nab prezidentin g\u00f6st\u0259ri\u015fi var. Haz\u0131rda minimum pensiya 280 manatd\u0131r v\u0259 art\u0131mlardan sonra n\u00f6vb\u0259ti ild\u0259n minimum pensiyan\u0131n m\u0259bl\u0259\u011fi m\u00fc\u0259yy\u0259nl\u0259\u015f\u0259c\u0259k&#8221;. Bunu Milli.Az-a a\u00e7\u0131qlamas\u0131nda Milli M\u0259clisin deputat\u0131, iqtisad\u00e7\u0131 alim V\u00fcqar Bayramov bildirib. Onun s\u00f6zl\u0259rin\u0259 g\u00f6r\u0259, \u0259m\u0259k pensiyas\u0131 alan v\u0259t\u0259nda\u015flar\u0131m\u0131z\u0131n pensiya m\u0259bl\u0259\u011fl\u0259ri g\u0259l\u0259n ilin yanvar\u0131ndan etibar\u0259n indeksl\u0259\u015fdirilib art\u0131r\u0131lacaq: &#8220;\u0130ndeksasiya faizi il\u0259 ba\u011fl\u0131 yaln\u0131z&hellip;","_links":{"self":[{"href":"https:\/\/arantv.az\/index.php?rest_route=\/wp\/v2\/posts\/762568"}],"collection":[{"href":"https:\/\/arantv.az\/index.php?rest_route=\/wp\/v2\/posts"}],"about":[{"href":"https:\/\/arantv.az\/index.php?rest_route=\/wp\/v2\/types\/post"}],"author":[{"embeddable":true,"href":"https:\/\/arantv.az\/index.php?rest_route=\/wp\/v2\/users\/2"}],"replies":[{"embeddable":true,"href":"https:\/\/arantv.az\/index.php?rest_route=%2Fwp%2Fv2%2Fcomments&post=762568"}],"version-history":[{"count":1,"href":"https:\/\/arantv.az\/index.php?rest_route=\/wp\/v2\/posts\/762568\/revisions"}],"predecessor-version":[{"id":762570,"href":"https:\/\/arantv.az\/index.php?rest_route=\/wp\/v2\/posts\/762568\/revisions\/762570"}],"wp:featuredmedia":[{"embeddable":true,"href":"https:\/\/arantv.az\/index.php?rest_route=\/wp\/v2\/media\/762569"}],"wp:attachment":[{"href":"https:\/\/arantv.az\/index.php?rest_route=%2Fwp%2Fv2%2Fmedia&parent=762568"}],"wp:term":[{"taxonomy":"category","embeddable":true,"href":"https:\/\/arantv.az\/index.php?rest_route=%2Fwp%2Fv2%2Fcategories&post=762568"},{"taxonomy":"post_tag","embeddable":true,"href":"https:\/\/arantv.az\/index.php?rest_route=%2Fwp%2Fv2%2Ftags&post=762568"}],"curies":[{"name":"wp","href":"https:\/\/api.w.org\/{rel}","templated":true}]}}