{"id":762571,"date":"2024-10-18T11:26:18","date_gmt":"2024-10-18T07:26:18","guid":{"rendered":"https:\/\/arantv.az\/?p=762571"},"modified":"2024-10-18T11:26:18","modified_gmt":"2024-10-18T07:26:18","slug":"milli-m%c9%99clis-prezident-v%c9%99-birinci-xanima-must%c9%99qilliyin-b%c9%99rpasi-gunu-munasib%c9%99til%c9%99-t%c9%99brik-m%c9%99ktubu-unvanlayib","status":"publish","type":"post","link":"https:\/\/arantv.az\/?p=762571","title":{"rendered":"Milli M\u0259clis Prezident v\u0259 Birinci xan\u0131ma M\u00fcst\u0259qilliyin B\u0259rpas\u0131 G\u00fcn\u00fc m\u00fcnasib\u0259til\u0259 t\u0259brik m\u0259ktubu \u00fcnvanlay\u0131b"},"content":{"rendered":"<p><strong>Milli M\u0259clis 18 Oktyabr &#8211; M\u00fcst\u0259qilliyin B\u0259rpas\u0131 G\u00fcn\u00fc m\u00fcnasib\u0259ti il\u0259 Az\u0259rbaycan Prezidenti \u0130lham \u018fliyev v\u0259 Birinci vitse-prezident Mehriban \u018fliyevaya t\u0259brik m\u0259ktubu \u00fcnvanlay\u0131b.<\/strong><\/p>\n<p><strong>ARANTV.AZ <\/strong>\u00a0x\u0259b\u0259r verir ki, bu t\u0259klifl\u0259 spiker Sahib\u0259 Qafarova parlamentin bug\u00fcnk\u00fc plenar iclas\u0131nda \u00e7\u0131x\u0131\u015f edib.<\/p>\n<p>O bildirib ki, bu g\u00fcn Az\u0259rbaycanda M\u00fcst\u0259qilliyin B\u0259rpas\u0131 G\u00fcn\u00fcd\u00fcr: \u201cT\u0259klif edir\u0259m ki, bu m\u00fcnasib\u0259tl\u0259 d\u00f6vl\u0259t ba\u015f\u00e7\u0131s\u0131 \u0130lham \u018fliyev v\u0259 Birinci vitse-prezident Mehriban \u018fliyevaya Milli M\u0259clis ad\u0131ndan t\u0259brik m\u0259ktubu g\u00f6nd\u0259rilsin\u201d.<\/p>\n<p>Deputatlar s\u0259drin t\u0259klifini alq\u0131\u015flarla qar\u015f\u0131lay\u0131b.<\/p>\n","protected":false},"excerpt":{"rendered":"<p>Milli M\u0259clis 18 Oktyabr &#8211; M\u00fcst\u0259qilliyin B\u0259rpas\u0131 G\u00fcn\u00fc m\u00fcnasib\u0259ti il\u0259 Az\u0259rbaycan Prezidenti \u0130lham \u018fliyev v\u0259 Birinci vitse-prezident Mehriban \u018fliyevaya t\u0259brik m\u0259ktubu \u00fcnvanlay\u0131b. ARANTV.AZ \u00a0x\u0259b\u0259r verir ki, bu t\u0259klifl\u0259 spiker Sahib\u0259 Qafarova parlamentin bug\u00fcnk\u00fc plenar iclas\u0131nda \u00e7\u0131x\u0131\u015f edib. O bildirib ki, bu g\u00fcn Az\u0259rbaycanda M\u00fcst\u0259qilliyin B\u0259rpas\u0131 G\u00fcn\u00fcd\u00fcr: \u201cT\u0259klif edir\u0259m ki, bu m\u00fcnasib\u0259tl\u0259 d\u00f6vl\u0259t ba\u015f\u00e7\u0131s\u0131 \u0130lham \u018fliyev v\u0259 Birinci vitse-prezident Mehriban \u018fliyevaya Milli M\u0259clis ad\u0131ndan t\u0259brik m\u0259ktubu g\u00f6nd\u0259rilsin\u201d. Deputatlar s\u0259drin t\u0259klifini alq\u0131\u015flarla qar\u015f\u0131lay\u0131b.<\/p>\n","protected":false},"author":2,"featured_media":762572,"comment_status":"closed","ping_status":"closed","sticky":false,"template":"","format":"standard","meta":{"om_disable_all_campaigns":false,"_monsterinsights_skip_tracking":false,"_monsterinsights_sitenote_active":false,"_monsterinsights_sitenote_note":"","_monsterinsights_sitenote_category":0},"categories":[4],"tags":[],"aioseo_notices":[],"gutentor_comment":0,"rttpg_featured_image_url":{"full":["https:\/\/arantv.az\/wp-content\/uploads\/2024\/10\/f2147a8c8b5b0371546f2d9da3f46228.jpg",850,500,false],"landscape":["https:\/\/arantv.az\/wp-content\/uploads\/2024\/10\/f2147a8c8b5b0371546f2d9da3f46228.jpg",850,500,false],"portraits":["https:\/\/arantv.az\/wp-content\/uploads\/2024\/10\/f2147a8c8b5b0371546f2d9da3f46228.jpg",850,500,false],"thumbnail":["https:\/\/arantv.az\/wp-content\/uploads\/2024\/10\/f2147a8c8b5b0371546f2d9da3f46228-500x280.jpg",500,280,true],"medium":["https:\/\/arantv.az\/wp-content\/uploads\/2024\/10\/f2147a8c8b5b0371546f2d9da3f46228-621x365.jpg",621,365,true],"large":["https:\/\/arantv.az\/wp-content\/uploads\/2024\/10\/f2147a8c8b5b0371546f2d9da3f46228-840x494.jpg",640,376,true],"1536x1536":["https:\/\/arantv.az\/wp-content\/uploads\/2024\/10\/f2147a8c8b5b0371546f2d9da3f46228.jpg",850,500,false],"2048x2048":["https:\/\/arantv.az\/wp-content\/uploads\/2024\/10\/f2147a8c8b5b0371546f2d9da3f46228.jpg",850,500,false],"post-thumbnail":["https:\/\/arantv.az\/wp-content\/uploads\/2024\/10\/f2147a8c8b5b0371546f2d9da3f46228-240x172.jpg",240,172,true],"advps-thumb-one":["https:\/\/arantv.az\/wp-content\/uploads\/2024\/10\/f2147a8c8b5b0371546f2d9da3f46228.jpg",850,500,false]},"rttpg_author":{"display_name":"V\u00fcsal Rafiqo\u011flu","author_link":"https:\/\/arantv.az\/?author=2"},"rttpg_comment":0,"rttpg_category":"<a href=\"https:\/\/arantv.az\/?cat=4\" rel=\"category\">Siyas\u0259t<\/a>","rttpg_excerpt":"Milli M\u0259clis 18 Oktyabr &#8211; M\u00fcst\u0259qilliyin B\u0259rpas\u0131 G\u00fcn\u00fc m\u00fcnasib\u0259ti il\u0259 Az\u0259rbaycan Prezidenti \u0130lham \u018fliyev v\u0259 Birinci vitse-prezident Mehriban \u018fliyevaya t\u0259brik m\u0259ktubu \u00fcnvanlay\u0131b. ARANTV.AZ \u00a0x\u0259b\u0259r verir ki, bu t\u0259klifl\u0259 spiker Sahib\u0259 Qafarova parlamentin bug\u00fcnk\u00fc plenar iclas\u0131nda \u00e7\u0131x\u0131\u015f edib. O bildirib ki, bu g\u00fcn Az\u0259rbaycanda M\u00fcst\u0259qilliyin B\u0259rpas\u0131 G\u00fcn\u00fcd\u00fcr: \u201cT\u0259klif edir\u0259m ki, bu m\u00fcnasib\u0259tl\u0259 d\u00f6vl\u0259t ba\u015f\u00e7\u0131s\u0131 \u0130lham \u018fliyev&hellip;","_links":{"self":[{"href":"https:\/\/arantv.az\/index.php?rest_route=\/wp\/v2\/posts\/762571"}],"collection":[{"href":"https:\/\/arantv.az\/index.php?rest_route=\/wp\/v2\/posts"}],"about":[{"href":"https:\/\/arantv.az\/index.php?rest_route=\/wp\/v2\/types\/post"}],"author":[{"embeddable":true,"href":"https:\/\/arantv.az\/index.php?rest_route=\/wp\/v2\/users\/2"}],"replies":[{"embeddable":true,"href":"https:\/\/arantv.az\/index.php?rest_route=%2Fwp%2Fv2%2Fcomments&post=762571"}],"version-history":[{"count":1,"href":"https:\/\/arantv.az\/index.php?rest_route=\/wp\/v2\/posts\/762571\/revisions"}],"predecessor-version":[{"id":762573,"href":"https:\/\/arantv.az\/index.php?rest_route=\/wp\/v2\/posts\/762571\/revisions\/762573"}],"wp:featuredmedia":[{"embeddable":true,"href":"https:\/\/arantv.az\/index.php?rest_route=\/wp\/v2\/media\/762572"}],"wp:attachment":[{"href":"https:\/\/arantv.az\/index.php?rest_route=%2Fwp%2Fv2%2Fmedia&parent=762571"}],"wp:term":[{"taxonomy":"category","embeddable":true,"href":"https:\/\/arantv.az\/index.php?rest_route=%2Fwp%2Fv2%2Fcategories&post=762571"},{"taxonomy":"post_tag","embeddable":true,"href":"https:\/\/arantv.az\/index.php?rest_route=%2Fwp%2Fv2%2Ftags&post=762571"}],"curies":[{"name":"wp","href":"https:\/\/api.w.org\/{rel}","templated":true}]}}