{"id":762632,"date":"2024-10-18T13:48:09","date_gmt":"2024-10-18T09:48:09","guid":{"rendered":"https:\/\/arantv.az\/?p=762632"},"modified":"2024-10-18T13:48:09","modified_gmt":"2024-10-18T09:48:09","slug":"yuzl%c9%99rl%c9%99-kisini-ozun%c9%99-asiq-etdi-tarixin-sirli-casusu","status":"publish","type":"post","link":"https:\/\/arantv.az\/?p=762632","title":{"rendered":"Y\u00fczl\u0259rl\u0259 ki\u015fini \u00f6z\u00fcn\u0259 a\u015fiq etdi: Tarixin sirli casusu"},"content":{"rendered":"<p><strong>Marqareta Hertruda Zelled\u0259 anadan olan Mata Hari 20-ci \u0259srin \u0259n m\u0259\u015fhur qad\u0131n casuslar\u0131ndan biri kimi tan\u0131n\u0131r.\u00a0<\/strong><\/p>\n<p>Hari 1876-c\u0131 il avqustun 7-d\u0259 Hollandiyada anadan olub v\u0259 ekzotik r\u0259qsi il\u0259 m\u0259\u015fhurla\u015f\u0131b. R\u0259qs karyeras\u0131 boyunca d\u00f6vr\u00fcn \u00f6n\u0259mli simalar\u0131 il\u0259 \u0259laq\u0259l\u0259r qurub v\u0259 Parisd\u0259 \u00e7\u0131x\u0131\u015f ed\u0259r\u0259k Avropan\u0131n diqq\u0259tini \u00e7\u0259kib.<\/p>\n<p><strong>\u0130nc\u0259s\u0259n\u0259tl\u0259 ba\u015flayan h\u0259yat<\/strong><\/p>\n<p>&nbsp;<\/p>\n<p>Mata Hari g\u0259ncliyind\u0259 bir zabitl\u0259 evl\u0259nib v\u0259 \u0130ndoneziyaya k\u00f6\u00e7\u00fcb. Burada o, \u015f\u0259rq m\u0259d\u0259niyy\u0259tin\u0259 mara\u011f\u0131n\u0131 inki\u015faf etdirib v\u0259 s\u0259hn\u0259 performanslar\u0131nda istifad\u0259 etm\u0259k \u00fc\u00e7\u00fcn ekzotik r\u0259qs fiqurlar\u0131n\u0131 \u00f6yr\u0259nib. Daha sonra Avropaya qay\u0131danda bu r\u0259qsl\u0259rl\u0259 tez bir zamanda m\u0259\u015fhurla\u015f\u0131r v\u0259 y\u00fcks\u0259k c\u0259miyy\u0259t\u0259 daxil olur.<\/p>\n<p><img src=\"https:\/\/lent.az\/storage\/newsEditorImages\/A%20A%20CASUS%201_1729160195.jpg\" alt=\"\" \/><\/p>\n<p><strong>Casusluq f\u0259aliyy\u0259tl\u0259ri<\/strong><\/p>\n<p>Birinci D\u00fcnya M\u00fcharib\u0259si zaman\u0131 Mata Hari Almaniya v\u0259 Fransa aras\u0131nda casusluq etm\u0259y\u0259 ba\u015flay\u0131r. H\u0259m Almaniya, h\u0259m d\u0259 Fransa r\u0259smil\u0259ri il\u0259 s\u0131x \u0259laq\u0259l\u0259r quraraq m\u0259lumat toplay\u0131r. Bu m\u00fcdd\u0259t \u0259rzind\u0259 onun h\u0259m Almaniya, h\u0259m d\u0259 Fransa \u00fc\u00e7\u00fcn \u00e7al\u0131\u015fd\u0131\u011f\u0131 iddia edilir. Lakin bu casusluq f\u0259aliyy\u0259tl\u0259ri sonda onu t\u0259hl\u00fck\u0259li bir oyunun i\u00e7ind\u0259 tapmas\u0131na g\u0259tirib \u00e7\u0131xar\u0131r.<\/p>\n<p>O, 1917-ci ild\u0259 Fransada h\u0259bs edilib v\u0259 ikiqat casusluqda ittiham edilib. M\u0259hk\u0259m\u0259 zaman\u0131 Mata Harinin \u0259slind\u0259 casusluq m\u0259qs\u0259dil\u0259 n\u0259 q\u0259d\u0259r m\u0259lumat toplad\u0131\u011f\u0131 v\u0259 ya onun n\u0259 d\u0259r\u0259c\u0259d\u0259 effektiv oldu\u011fu ayd\u0131n deyil. Lakin sonda o, \u00f6l\u00fcm h\u00f6km\u00fcn\u0259 m\u0259hkum edilir v\u0259 g\u00fcll\u0259l\u0259n\u0259r\u0259k edam edilir. Mata Hari o vaxtdan b\u0259ri casusluq v\u0259 cazib\u0259darl\u0131\u011f\u0131n simvolu kimi yadda qal\u0131b.\/Lent.az<\/p>\n","protected":false},"excerpt":{"rendered":"<p>Marqareta Hertruda Zelled\u0259 anadan olan Mata Hari 20-ci \u0259srin \u0259n m\u0259\u015fhur qad\u0131n casuslar\u0131ndan biri kimi tan\u0131n\u0131r.\u00a0 Hari 1876-c\u0131 il avqustun 7-d\u0259 Hollandiyada anadan olub v\u0259 ekzotik r\u0259qsi il\u0259 m\u0259\u015fhurla\u015f\u0131b. R\u0259qs karyeras\u0131 boyunca d\u00f6vr\u00fcn \u00f6n\u0259mli simalar\u0131 il\u0259 \u0259laq\u0259l\u0259r qurub v\u0259 Parisd\u0259 \u00e7\u0131x\u0131\u015f ed\u0259r\u0259k Avropan\u0131n diqq\u0259tini \u00e7\u0259kib. \u0130nc\u0259s\u0259n\u0259tl\u0259 ba\u015flayan h\u0259yat &nbsp; Mata Hari g\u0259ncliyind\u0259 bir zabitl\u0259 evl\u0259nib v\u0259 \u0130ndoneziyaya k\u00f6\u00e7\u00fcb. Burada o, \u015f\u0259rq m\u0259d\u0259niyy\u0259tin\u0259 mara\u011f\u0131n\u0131 inki\u015faf etdirib v\u0259 s\u0259hn\u0259 performanslar\u0131nda istifad\u0259 etm\u0259k \u00fc\u00e7\u00fcn ekzotik r\u0259qs fiqurlar\u0131n\u0131 \u00f6yr\u0259nib. Daha sonra Avropaya qay\u0131danda bu r\u0259qsl\u0259rl\u0259 tez bir zamanda m\u0259\u015fhurla\u015f\u0131r v\u0259 y\u00fcks\u0259k c\u0259miyy\u0259t\u0259 daxil olur.&hellip;<\/p>\n","protected":false},"author":2,"featured_media":762633,"comment_status":"closed","ping_status":"closed","sticky":false,"template":"","format":"standard","meta":{"om_disable_all_campaigns":false,"_monsterinsights_skip_tracking":false,"_monsterinsights_sitenote_active":false,"_monsterinsights_sitenote_note":"","_monsterinsights_sitenote_category":0},"categories":[1],"tags":[],"aioseo_notices":[],"gutentor_comment":0,"rttpg_featured_image_url":{"full":["https:\/\/arantv.az\/wp-content\/uploads\/2024\/10\/56245093c9ae2234a683c0e28f51b562.jpg",740,493,false],"landscape":["https:\/\/arantv.az\/wp-content\/uploads\/2024\/10\/56245093c9ae2234a683c0e28f51b562.jpg",740,493,false],"portraits":["https:\/\/arantv.az\/wp-content\/uploads\/2024\/10\/56245093c9ae2234a683c0e28f51b562.jpg",740,493,false],"thumbnail":["https:\/\/arantv.az\/wp-content\/uploads\/2024\/10\/56245093c9ae2234a683c0e28f51b562-500x280.jpg",500,280,true],"medium":["https:\/\/arantv.az\/wp-content\/uploads\/2024\/10\/56245093c9ae2234a683c0e28f51b562-548x365.jpg",548,365,true],"large":["https:\/\/arantv.az\/wp-content\/uploads\/2024\/10\/56245093c9ae2234a683c0e28f51b562.jpg",640,426,false],"1536x1536":["https:\/\/arantv.az\/wp-content\/uploads\/2024\/10\/56245093c9ae2234a683c0e28f51b562.jpg",740,493,false],"2048x2048":["https:\/\/arantv.az\/wp-content\/uploads\/2024\/10\/56245093c9ae2234a683c0e28f51b562.jpg",740,493,false],"post-thumbnail":["https:\/\/arantv.az\/wp-content\/uploads\/2024\/10\/56245093c9ae2234a683c0e28f51b562-240x172.jpg",240,172,true],"advps-thumb-one":["https:\/\/arantv.az\/wp-content\/uploads\/2024\/10\/56245093c9ae2234a683c0e28f51b562.jpg",740,493,false]},"rttpg_author":{"display_name":"V\u00fcsal Rafiqo\u011flu","author_link":"https:\/\/arantv.az\/?author=2"},"rttpg_comment":0,"rttpg_category":"<a href=\"https:\/\/arantv.az\/?cat=1\" rel=\"category\">C\u0259miyy\u0259t<\/a>","rttpg_excerpt":"Marqareta Hertruda Zelled\u0259 anadan olan Mata Hari 20-ci \u0259srin \u0259n m\u0259\u015fhur qad\u0131n casuslar\u0131ndan biri kimi tan\u0131n\u0131r.\u00a0 Hari 1876-c\u0131 il avqustun 7-d\u0259 Hollandiyada anadan olub v\u0259 ekzotik r\u0259qsi il\u0259 m\u0259\u015fhurla\u015f\u0131b. R\u0259qs karyeras\u0131 boyunca d\u00f6vr\u00fcn \u00f6n\u0259mli simalar\u0131 il\u0259 \u0259laq\u0259l\u0259r qurub v\u0259 Parisd\u0259 \u00e7\u0131x\u0131\u015f ed\u0259r\u0259k Avropan\u0131n diqq\u0259tini \u00e7\u0259kib. \u0130nc\u0259s\u0259n\u0259tl\u0259 ba\u015flayan h\u0259yat &nbsp; Mata Hari g\u0259ncliyind\u0259 bir zabitl\u0259 evl\u0259nib&hellip;","_links":{"self":[{"href":"https:\/\/arantv.az\/index.php?rest_route=\/wp\/v2\/posts\/762632"}],"collection":[{"href":"https:\/\/arantv.az\/index.php?rest_route=\/wp\/v2\/posts"}],"about":[{"href":"https:\/\/arantv.az\/index.php?rest_route=\/wp\/v2\/types\/post"}],"author":[{"embeddable":true,"href":"https:\/\/arantv.az\/index.php?rest_route=\/wp\/v2\/users\/2"}],"replies":[{"embeddable":true,"href":"https:\/\/arantv.az\/index.php?rest_route=%2Fwp%2Fv2%2Fcomments&post=762632"}],"version-history":[{"count":1,"href":"https:\/\/arantv.az\/index.php?rest_route=\/wp\/v2\/posts\/762632\/revisions"}],"predecessor-version":[{"id":762634,"href":"https:\/\/arantv.az\/index.php?rest_route=\/wp\/v2\/posts\/762632\/revisions\/762634"}],"wp:featuredmedia":[{"embeddable":true,"href":"https:\/\/arantv.az\/index.php?rest_route=\/wp\/v2\/media\/762633"}],"wp:attachment":[{"href":"https:\/\/arantv.az\/index.php?rest_route=%2Fwp%2Fv2%2Fmedia&parent=762632"}],"wp:term":[{"taxonomy":"category","embeddable":true,"href":"https:\/\/arantv.az\/index.php?rest_route=%2Fwp%2Fv2%2Fcategories&post=762632"},{"taxonomy":"post_tag","embeddable":true,"href":"https:\/\/arantv.az\/index.php?rest_route=%2Fwp%2Fv2%2Ftags&post=762632"}],"curies":[{"name":"wp","href":"https:\/\/api.w.org\/{rel}","templated":true}]}}