{"id":762635,"date":"2024-10-18T13:49:00","date_gmt":"2024-10-18T09:49:00","guid":{"rendered":"https:\/\/arantv.az\/?p=762635"},"modified":"2024-10-18T13:49:00","modified_gmt":"2024-10-18T09:49:00","slug":"az%c9%99rbaycana-pislik-etm%c9%99k-ist%c9%99y%c9%99n-parlament-dagildi","status":"publish","type":"post","link":"https:\/\/arantv.az\/?p=762635","title":{"rendered":"Az\u0259rbaycana pislik etm\u0259k ist\u0259y\u0259n parlament da\u011f\u0131ld\u0131"},"content":{"rendered":"<div class=\"text-content\" data-id=\"\" data-url=\"\">\n<h3><strong>Adam d\u00fc\u015f\u00fcn\u00fcr ki, bu uzaq Skandinaviya \u00f6lk\u0259l\u0259ri niy\u0259 biz\u0259 bu q\u0259d\u0259r q\u0259r\u0259zli m\u00f6vqe s\u0259rgil\u0259m\u0259y\u0259 meyllidirl\u0259r?<\/strong><\/h3>\n<p>T\u0259rslikd\u0259n kim\u0259 \u00e7\u0259pik \u00e7al\u0131r\u0131q, t\u0259rifl\u0259yiriks\u0259,\u00a0 h\u0259rl\u0259nib-f\u0131rlan\u0131b g\u0259lib \u00f6lk\u0259miz\u0259 d\u00fc\u015fm\u0259n\u00e7ilik edirl\u0259r.<\/p>\n<p>Atlantik okean\u0131n \u015fimal hiss\u0259sind\u0259 yerl\u0259\u015f\u0259n\u00a0ada-d\u00f6vl\u0259t \u0130slandiyan\u0131 (t\u0259rc\u00fcm\u0259si \u201cBuzlar \u00f6lk\u0259si\u201d dem\u0259kdir) Az\u0259rbaycanda tan\u0131yan azd\u0131r. X\u0259rit\u0259d\u0259 yerini g\u00f6st\u0259r\u0259n bil\u0259n d\u0259&#8230; \u00c7\u00fcnki biziml\u0259 al\u0131\u015f-veri\u015fi olmay\u0131b, he\u00e7 onlar da y\u0259qin ki, Az\u0259rbaycan haqda \u00e7ox az m\u0259lumatl\u0131d\u0131rlar. Amma futbolla maraqlananlar bu \u00f6lk\u0259nin milli komandas\u0131 haqda \u00e7ox dan\u0131\u015fa, h\u0259m d\u0259 yax\u015f\u0131 s\u00f6zl\u0259r dey\u0259\u00a0 bil\u0259r. X\u00fcsusil\u0259 2016-c\u0131 il Avropa \u00e7empionat\u0131na v\u0259siq\u0259 qazand\u0131qdan sonra bu komanda haqda \u0259n xo\u015f s\u00f6zl\u0259ri b\u0259lk\u0259 d\u0259 Az\u0259rbaycan medias\u0131 yazm\u0131\u015fd\u0131, stadionda \u201ch\u00f6r\u00fcld\u0259y\u0259n\u201d azarke\u015fl\u0259rini v\u0259sf etmi\u015fdi.\u00a0 Onlar\u0131 Az\u0259rbaycan milli komandas\u0131na n\u00fcmun\u0259 kimi g\u00f6st\u0259rilm\u0259k d\u0259 d\u0259b idi o zamanlar.<\/p>\n<p><img loading=\"lazy\" src=\"https:\/\/cdn.musavat.com\/news\/thumbnails\/c875231ed34f14432942922382395876.jpg\" alt=\"793091_src.jpeg (44 KB)\" width=\"587\" height=\"587\" \/><\/p>\n<p>\u018fhalisi 400 min civar\u0131nda olan\u00a0 bu ada h\u0259m d\u0259 vulkanlar \u00f6lk\u0259sidir. 2010-cu ild\u0259\u00a0 Eyafyadlayekyudl vulkan\u0131 p\u00fcsk\u00fcrm\u00fc\u015fd\u00fc v\u0259 bir ne\u00e7\u0259 yax\u0131n \u00f6lk\u0259nin s\u0259mas\u0131 tozlad\u0131\u011f\u0131ndan diqq\u0259tl\u0259r bu \u00f6lk\u0259y\u0259 y\u00f6n\u0259lmi\u015fdi. Yad\u0131mdad\u0131r ki, \u0130slandiya millisi 2016-c\u0131 il Fransa \u00e7empionat\u0131nda\u00a0 \u201cp\u00fcsk\u00fcrd\u00fc\u201d v\u0259 bu balaca \u00f6lk\u0259 googled\u0259 axtar\u0131\u015f say\u0131na g\u00f6r\u0259 rekord da vurdu.<\/p>\n<p>\u0130ki il sonra \u0130slandiya millisi bu d\u0259f\u0259 d\u00fcnya \u00e7empionat\u0131na v\u0259siq\u0259 qazand\u0131 v\u0259 Argentina il\u0259 oyunda qap\u0131\u00e7\u0131s\u0131 Hannes Tur Halldorsson Messinin penaltisini qaytard\u0131. Bu penalti is\u0259 biz\u0259 \u201cbaha ba\u015fa g\u0259ldi\u201d. Bel\u0259 ki, qap\u0131\u00e7\u0131 alma\u011fa h\u0259mi\u015f\u0259 h\u0259v\u0259sli olan \u201cQaraba\u011f\u201d 2018-ci ild\u0259 Haldorssonu uzaq \u015fimal \u00f6lk\u0259sind\u0259n Bak\u0131ya g\u0259tirdi, onunla iki illik m\u00fcqavil\u0259 d\u0259 ba\u011flad\u0131.<\/p>\n<p><img loading=\"lazy\" src=\"https:\/\/cdn.musavat.com\/news\/thumbnails\/d9a9067a3b7f01158ac0bf5c7cf1ecea.jpg\" alt=\"793089_src.jpeg (32 KB)\" width=\"587\" height=\"391\" \/><\/p>\n<p>Bir-iki oyundan sonra onun haqda yazd\u0131m ki, Messinin vura bilm\u0259diyi penaltinin zibilin\u0259 d\u00fc\u015fd\u00fc \u201cQaraba\u011f\u201d&#8230;\u0130\u015f el\u0259 g\u0259tirdi ki, Haldesson t\u0259kc\u0259 qap\u0131\u00e7\u0131s\u0131ndan \u00e7ox top buraxmad\u0131, h\u0259m d\u0259 \u00a0 z\u0259d\u0259l\u0259ndi. 2018-ci ilin el\u0259 bu ay\u0131nda-oktyabrda is\u0259 gec\u0259 klubundan \u00e7\u0131x\u0131b idar\u0259 etdiyi \u201cWolksfagen Tuareg\u201dl\u0259 B\u00fclb\u00fcl\u0259d\u0259 bir adam\u0131 ma\u015f\u0131nla vurdu, ona a\u011f\u0131r x\u0259sar\u0259tl\u0259r yetirdi, h\u0259tta onun bir daha yeriy\u0259 bilm\u0259y\u0259c\u0259yi d\u0259 deyilirdi. Bel\u0259likl\u0259, islandiyal\u0131\u00a0 2019-c\u0131 ilin ilk aylar\u0131nda \u201cQaraba\u011f\u201ddan yar\u0131m\u00e7\u0131q getdi. Son olaraq islandiyal\u0131lar\u0131 UEFA Mill\u0259tl\u0259r Liqas\u0131nda\u00a0 T\u00fcrkiy\u0259 millisi il\u0259 qar\u015f\u0131la\u015fmada\u00a0 g\u00f6rd\u00fck. T\u00fcrkiy\u0259 tarixind\u0259 ilk d\u0259f\u0259 bu \u015fimal \u00f6lk\u0259sini \u00f6z meydan\u0131nda 2:4 m\u0259\u011flub da etdi.<\/p>\n<p>\u0130ndi g\u0259l\u0259k \u0259sas m\u0259tl\u0259b\u0259. Bu uzaq \u015fimal \u00f6lk\u0259sinin parlamentinin iki deputat\u0131\u00a0 &#8211; Bjarni Jonsson (Sol-Ya\u015f\u0131llar H\u0259r\u0259kat\u0131) v\u0259 Birgir Thorarinsson (M\u00fcst\u0259qillik Partiyas\u0131) bu ilin yanvar\u0131nda Az\u0259rbaycan n\u00fcmay\u0259nd\u0259 hey\u0259tinin A\u015e PA-dak\u0131 mandat\u0131n\u0131n dondurulmas\u0131na s\u0259s veribl\u0259r. Bundan sonra avqustun ay\u0131n\u0131n 25-d\u0259 Az\u0259rbaycan Xarici \u0130\u015fl\u0259r Nazirliyi A\u015e PA-n\u0131n yanvar ay\u0131ndak\u0131 sessiyas\u0131nda Az\u0259rbaycan n\u00fcmay\u0259nd\u0259 hey\u0259tinin s\u0259lahiyy\u0259tl\u0259rinin dondurulmas\u0131na s\u0259s ver\u0259n 74 deputatl\u0131 \u201carzuolunmaz \u015f\u0259xsl\u0259r\u201d siyah\u0131s\u0131na daxil etdiyini a\u00e7\u0131qlay\u0131b. Prezident \u0130lham \u018fliyev \u00f6t\u0259n ay \u0130taliyada Beyn\u0259lxalq \u00c7ernobbio Forumunda moderatorun bu bar\u0259d\u0259 sual\u0131n\u0131 birm\u0259nal\u0131 cavab da verib. \u201cBu ilin yanvar\u0131nda ba\u015f ver\u0259nl\u0259r q\u0131rm\u0131z\u0131 x\u0259tti ke\u00e7di. Ke\u00e7\u0259n il biz \u00f6z suverenliyimizi tamamil\u0259 b\u0259rpa etdik. Bel\u0259likl\u0259, \u00f6t\u0259n ilin sentyabr\u0131nda Az\u0259rbaycan \u0259razisind\u0259 separatizmin k\u00f6k\u00fc tamamil\u0259 k\u0259sildi. Biz Ukraynan\u0131n etm\u0259y\u0259 \u00e7al\u0131\u015fd\u0131\u011f\u0131ndan f\u0259rqli he\u00e7 n\u0259 etm\u0259mi\u015fik. Q\u0259rbin b\u00f6y\u00fck d\u0259st\u0259yin\u0259 baxmayaraq, Ukrayna \u00f6z suverenliyini b\u0259rpa etm\u0259k \u00fc\u00e7\u00fcn u\u011fursuz s\u0259yl\u0259r g\u00f6st\u0259rir. Biz he\u00e7 bir d\u0259st\u0259k olmadan \u00f6z suverenliyimizi b\u0259rpa etdik. M\u0259hz bundan bir ne\u00e7\u0259 ay sonra A\u015e PA bizim n\u00fcmay\u0259nd\u0259 hey\u0259tini s\u0259sverm\u0259 h\u00fcququndan m\u0259hrum etm\u0259k q\u0259rar\u0131na g\u0259ldi. Y\u0259ni biz \u00f6z suverenliyimizi b\u0259rpa etdiyimiz \u00fc\u00e7\u00fcn biz\u0259 qar\u015f\u0131 sanksiyalar t\u0259tbiq edilib\u201d- \u0130lham \u018fliyev deyib.<\/p>\n<p><img loading=\"lazy\" src=\"https:\/\/cdn.musavat.com\/news\/thumbnails\/ac54d54d196e397b20fd0321ac3c440f.jpg\" alt=\"scale_1200.png (1.06 MB)\" width=\"600\" height=\"450\" \/><\/p>\n<p>Prezident n\u00fcmay\u0259nd\u0259 hey\u0259tinin s\u0259lahiyy\u0259tl\u0259rinin uzad\u0131lmas\u0131n\u0131n \u0259leyhin\u0259 s\u0259s ver\u0259n A\u015e PA \u00fczvl\u0259rinin \u201cpersona non-qrata\u201d elan edilm\u0259si q\u0259rar\u0131n\u0131n adekvat oldu\u011funu qeyd edib. \u201cQ\u0259rar\u0131m\u0131z onlara cavab idi. \u018fg\u0259r q\u0259rarlar\u0131n\u0131 d\u0259yi\u015fib bizim haqq\u0131m\u0131z\u0131 b\u0259rpa ets\u0259l\u0259r, o zaman bu embarqo deyil\u0259n \u015fey d\u0259 aradan qald\u0131r\u0131lacaq. N\u00fcmay\u0259nd\u0259 hey\u0259timiz qay\u0131tmal\u0131d\u0131r, bundan sonra qada\u011fa da g\u00f6t\u00fcr\u00fcl\u0259c\u0259k\u201d dey\u0259, Prezident \u0259lav\u0259 edib.<\/p>\n<p>\u0130ndi h\u0259min 74-l\u0259r s\u0131ras\u0131nda olan iki n\u0259f\u0259r\u00a0 deputat \u0130slandiya h\u00f6kum\u0259tini noyabrda Bak\u0131da ke\u00e7iril\u0259c\u0259k COP29 iqlim sammitini boykot etm\u0259y\u0259 \u00e7a\u011f\u0131r\u0131b. Guya biri\u00a0 \u201csol\u201d olsa da,\u00a0 Ya\u015f\u0131llar H\u0259r\u0259kat\u0131n\u0131 t\u0259msil edir.\u00a0 Soyuq \u00f6lk\u0259nin bu \u201cq\u0131zm\u0131\u015f ba\u015flar\u0131\u201d \u00f6z a\u011f\u0131llar\u0131nca Az\u0259rbaycandan bu yolla \u201cintiqam\u201d almaq ist\u0259yibl\u0259r. Amma bu d\u0259f\u0259 \u201cD\u0259rvi\u015f Parisi deyil, paytaxt Reykyaviki\u201d bu s\u0259sverm\u0259d\u0259n \u0259vv\u0259l \u201cda\u011f\u0131d\u0131b\u201d. Vulkan-filan p\u00fcsk\u00fcrm\u0259yib, \u0130slandiyan\u0131n \u00f6z\u00fcnd\u0259 siyasi b\u00f6hran yaran\u0131b.<\/p>\n<p><img loading=\"lazy\" src=\"https:\/\/cdn.musavat.com\/news\/thumbnails\/64e6462801e112092fa1750480acfa30.jpg\" alt=\"scale_1200.jpg (118 KB)\" width=\"600\" height=\"336\" \/><\/p>\n<p>\u0130slandiyan\u0131n prezidenti Halla Tomasdottir ba\u015f naziri Bjarni Benediktssonun koalisiya \u00fczvl\u0259ri il\u0259 g\u00f6r\u00fc\u015f\u00fcnd\u0259n sonra ada-\u00f6lk\u0259nin parlamentinin burax\u0131lmas\u0131na q\u0259rar verib. M\u0259lumatlara g\u00f6r\u0259,\u00a0 yeni se\u00e7kil\u0259r noyabr\u0131n 30-na t\u0259yin edilib. Y\u0259ni indi Az\u0259rbaycan \u0259leyhin\u0259 haqs\u0131z olaraq COP29-u boykot etm\u0259y\u0259 \u00e7a\u011f\u0131ran bu iki deputat\u0131n \u00f6zl\u0259rinin taleyi sual alt\u0131na d\u00fc\u015f\u00fcb, \u00e7\u00fcnki n\u00f6vb\u0259ti se\u00e7kil\u0259rd\u0259 mandat almaya da bil\u0259rl\u0259r.<\/p>\n<p>Adam d\u00fc\u015f\u00fcn\u00fcr ki, bu uzaq Skandinaviya \u00f6lk\u0259l\u0259ri niy\u0259 Az\u0259rbaycana qar\u015f\u0131 bu q\u0259d\u0259r q\u0259r\u0259zli m\u00f6vqe s\u0259rgil\u0259m\u0259y\u0259 meyllidirl\u0259r? Bug\u00fcnl\u0259rd\u0259 Norve\u00e7in ba\u015f naziri Yonas Qar Styore d\u0259 Bak\u0131da ke\u00e7iril\u0259c\u0259k COP29-da i\u015ftirakdan imtina etdiyini demi\u015fdi.\u00a0 B\u0259lk\u0259 \u0130slandiya \u201cQaraba\u011f\u201dda b\u0259xti g\u0259tirm\u0259y\u0259n sabiq milli komandan\u0131n qap\u0131\u00e7\u0131s\u0131n\u0131n ac\u0131\u011f\u0131n\u0131 bel\u0259 c\u0131rtqozl\u0131qla\u00a0 \u00e7\u0131xmaq ist\u0259yirdi? B\u0259lk\u0259, Az\u0259rbaycan\u0131 G\u00fcn\u0259\u015f daha \u00e7ox isidir dey\u0259,\u00a0 COP29-u boykot etm\u0259k ist\u0259yirl\u0259r? Bizim ax\u0131\u00a0 islandiyal\u0131lara n\u0259 pisliyimiz ke\u00e7\u0259 bil\u0259rdi ki? \u018fn \u00f6n\u0259mlisi, ax\u0131 COP29 Az\u0259rbaycan\u0131n ev sahibliyi etdiyi t\u0259dbir olsa da, bu BMT-nin egidas\u0131 alt\u0131nda ke\u00e7irilir. O zaman bu qar\u0131n a\u011fr\u0131s\u0131na s\u0259b\u0259b n\u0259dir?<\/p>\n<p>Nazim SABIRO\u011eLU,<br \/>\nMusavat.com<\/p>\n<\/div>\n<div><\/div>\n<div><\/div>\n<div class=\"inner-social-box\">\n<div class=\"subs-in-social subs-whatsapp\"><\/div>\n<\/div>\n","protected":false},"excerpt":{"rendered":"<p>Adam d\u00fc\u015f\u00fcn\u00fcr ki, bu uzaq Skandinaviya \u00f6lk\u0259l\u0259ri niy\u0259 biz\u0259 bu q\u0259d\u0259r q\u0259r\u0259zli m\u00f6vqe s\u0259rgil\u0259m\u0259y\u0259 meyllidirl\u0259r? T\u0259rslikd\u0259n kim\u0259 \u00e7\u0259pik \u00e7al\u0131r\u0131q, t\u0259rifl\u0259yiriks\u0259,\u00a0 h\u0259rl\u0259nib-f\u0131rlan\u0131b g\u0259lib \u00f6lk\u0259miz\u0259 d\u00fc\u015fm\u0259n\u00e7ilik edirl\u0259r. Atlantik okean\u0131n \u015fimal hiss\u0259sind\u0259 yerl\u0259\u015f\u0259n\u00a0ada-d\u00f6vl\u0259t \u0130slandiyan\u0131 (t\u0259rc\u00fcm\u0259si \u201cBuzlar \u00f6lk\u0259si\u201d dem\u0259kdir) Az\u0259rbaycanda tan\u0131yan azd\u0131r. X\u0259rit\u0259d\u0259 yerini g\u00f6st\u0259r\u0259n bil\u0259n d\u0259&#8230; \u00c7\u00fcnki biziml\u0259 al\u0131\u015f-veri\u015fi olmay\u0131b, he\u00e7 onlar da y\u0259qin ki, Az\u0259rbaycan haqda \u00e7ox az m\u0259lumatl\u0131d\u0131rlar. Amma futbolla maraqlananlar bu \u00f6lk\u0259nin milli komandas\u0131 haqda \u00e7ox dan\u0131\u015fa, h\u0259m d\u0259 yax\u015f\u0131 s\u00f6zl\u0259r dey\u0259\u00a0 bil\u0259r. X\u00fcsusil\u0259 2016-c\u0131 il Avropa \u00e7empionat\u0131na v\u0259siq\u0259 qazand\u0131qdan sonra bu komanda haqda \u0259n xo\u015f s\u00f6zl\u0259ri b\u0259lk\u0259 d\u0259 Az\u0259rbaycan&hellip;<\/p>\n","protected":false},"author":2,"featured_media":762636,"comment_status":"closed","ping_status":"closed","sticky":false,"template":"","format":"standard","meta":{"om_disable_all_campaigns":false,"_monsterinsights_skip_tracking":false,"_monsterinsights_sitenote_active":false,"_monsterinsights_sitenote_note":"","_monsterinsights_sitenote_category":0},"categories":[19],"tags":[],"aioseo_notices":[],"gutentor_comment":0,"rttpg_featured_image_url":{"full":["https:\/\/arantv.az\/wp-content\/uploads\/2024\/10\/6bda2513f7a20c7c46e4f873cbc66f5d.jpg",870,500,false],"landscape":["https:\/\/arantv.az\/wp-content\/uploads\/2024\/10\/6bda2513f7a20c7c46e4f873cbc66f5d.jpg",870,500,false],"portraits":["https:\/\/arantv.az\/wp-content\/uploads\/2024\/10\/6bda2513f7a20c7c46e4f873cbc66f5d.jpg",870,500,false],"thumbnail":["https:\/\/arantv.az\/wp-content\/uploads\/2024\/10\/6bda2513f7a20c7c46e4f873cbc66f5d-500x280.jpg",500,280,true],"medium":["https:\/\/arantv.az\/wp-content\/uploads\/2024\/10\/6bda2513f7a20c7c46e4f873cbc66f5d-635x365.jpg",635,365,true],"large":["https:\/\/arantv.az\/wp-content\/uploads\/2024\/10\/6bda2513f7a20c7c46e4f873cbc66f5d-840x483.jpg",640,368,true],"1536x1536":["https:\/\/arantv.az\/wp-content\/uploads\/2024\/10\/6bda2513f7a20c7c46e4f873cbc66f5d.jpg",870,500,false],"2048x2048":["https:\/\/arantv.az\/wp-content\/uploads\/2024\/10\/6bda2513f7a20c7c46e4f873cbc66f5d.jpg",870,500,false],"post-thumbnail":["https:\/\/arantv.az\/wp-content\/uploads\/2024\/10\/6bda2513f7a20c7c46e4f873cbc66f5d-240x172.jpg",240,172,true],"advps-thumb-one":["https:\/\/arantv.az\/wp-content\/uploads\/2024\/10\/6bda2513f7a20c7c46e4f873cbc66f5d.jpg",870,500,false]},"rttpg_author":{"display_name":"V\u00fcsal Rafiqo\u011flu","author_link":"https:\/\/arantv.az\/?author=2"},"rttpg_comment":0,"rttpg_category":"<a href=\"https:\/\/arantv.az\/?cat=19\" rel=\"category\">G\u00fcnd\u0259m<\/a>","rttpg_excerpt":"Adam d\u00fc\u015f\u00fcn\u00fcr ki, bu uzaq Skandinaviya \u00f6lk\u0259l\u0259ri niy\u0259 biz\u0259 bu q\u0259d\u0259r q\u0259r\u0259zli m\u00f6vqe s\u0259rgil\u0259m\u0259y\u0259 meyllidirl\u0259r? T\u0259rslikd\u0259n kim\u0259 \u00e7\u0259pik \u00e7al\u0131r\u0131q, t\u0259rifl\u0259yiriks\u0259,\u00a0 h\u0259rl\u0259nib-f\u0131rlan\u0131b g\u0259lib \u00f6lk\u0259miz\u0259 d\u00fc\u015fm\u0259n\u00e7ilik edirl\u0259r. Atlantik okean\u0131n \u015fimal hiss\u0259sind\u0259 yerl\u0259\u015f\u0259n\u00a0ada-d\u00f6vl\u0259t \u0130slandiyan\u0131 (t\u0259rc\u00fcm\u0259si \u201cBuzlar \u00f6lk\u0259si\u201d dem\u0259kdir) Az\u0259rbaycanda tan\u0131yan azd\u0131r. X\u0259rit\u0259d\u0259 yerini g\u00f6st\u0259r\u0259n bil\u0259n d\u0259&#8230; \u00c7\u00fcnki biziml\u0259 al\u0131\u015f-veri\u015fi olmay\u0131b, he\u00e7 onlar da y\u0259qin ki, Az\u0259rbaycan haqda \u00e7ox&hellip;","_links":{"self":[{"href":"https:\/\/arantv.az\/index.php?rest_route=\/wp\/v2\/posts\/762635"}],"collection":[{"href":"https:\/\/arantv.az\/index.php?rest_route=\/wp\/v2\/posts"}],"about":[{"href":"https:\/\/arantv.az\/index.php?rest_route=\/wp\/v2\/types\/post"}],"author":[{"embeddable":true,"href":"https:\/\/arantv.az\/index.php?rest_route=\/wp\/v2\/users\/2"}],"replies":[{"embeddable":true,"href":"https:\/\/arantv.az\/index.php?rest_route=%2Fwp%2Fv2%2Fcomments&post=762635"}],"version-history":[{"count":1,"href":"https:\/\/arantv.az\/index.php?rest_route=\/wp\/v2\/posts\/762635\/revisions"}],"predecessor-version":[{"id":762637,"href":"https:\/\/arantv.az\/index.php?rest_route=\/wp\/v2\/posts\/762635\/revisions\/762637"}],"wp:featuredmedia":[{"embeddable":true,"href":"https:\/\/arantv.az\/index.php?rest_route=\/wp\/v2\/media\/762636"}],"wp:attachment":[{"href":"https:\/\/arantv.az\/index.php?rest_route=%2Fwp%2Fv2%2Fmedia&parent=762635"}],"wp:term":[{"taxonomy":"category","embeddable":true,"href":"https:\/\/arantv.az\/index.php?rest_route=%2Fwp%2Fv2%2Fcategories&post=762635"},{"taxonomy":"post_tag","embeddable":true,"href":"https:\/\/arantv.az\/index.php?rest_route=%2Fwp%2Fv2%2Ftags&post=762635"}],"curies":[{"name":"wp","href":"https:\/\/api.w.org\/{rel}","templated":true}]}}