{"id":763039,"date":"2024-10-21T07:24:24","date_gmt":"2024-10-21T03:24:24","guid":{"rendered":"https:\/\/arantv.az\/?p=763039"},"modified":"2024-10-21T07:24:24","modified_gmt":"2024-10-21T03:24:24","slug":"turkiy%c9%99nin-n%c9%99qliyyat-naziri-az%c9%99rbaycani-z%c9%99ngilan-aeroportunun-acilisinin-ikinci-ildonumu-munasib%c9%99til%c9%99-t%c9%99brik-edib","status":"publish","type":"post","link":"https:\/\/arantv.az\/?p=763039","title":{"rendered":"T\u00fcrkiy\u0259nin n\u0259qliyyat naziri Az\u0259rbaycan\u0131 Z\u0259ngilan aeroportunun a\u00e7\u0131l\u0131\u015f\u0131n\u0131n ikinci ild\u00f6n\u00fcm\u00fc m\u00fcnasib\u0259til\u0259 t\u0259brik edib"},"content":{"rendered":"<p>T\u00fcrkiy\u0259nin n\u0259qliyyat v\u0259 infrastruktur naziri Abdulkadir Uralo\u011flu Z\u0259ngilan Beyn\u0259lxalq Hava Liman\u0131n\u0131n a\u00e7\u0131l\u0131\u015f\u0131n\u0131n ikinci ild\u00f6n\u00fcm\u00fc m\u00fcnasib\u0259til\u0259 Az\u0259rbaycan\u0131 t\u0259brik edib.<\/p>\n<p><strong>ARANTV.AZ x\u0259b\u0259r verir ki,<\/strong>\u00a0bu bar\u0259d\u0259 t\u00fcrkiy\u0259li nazir bazar g\u00fcn\u00fc, oktyabr\u0131n 20-d\u0259 sosial \u015f\u0259b\u0259k\u0259l\u0259rd\u0259 m\u00fcvafiq payla\u015f\u0131m edib. Nazir T\u00fcrkiy\u0259 v\u0259 Az\u0259rbaycan liderl\u0259rinin erm\u0259ni i\u015f\u011fal\u0131ndan azad edilmi\u015f Z\u0259ngilanda hava liman\u0131n\u0131n a\u00e7\u0131l\u0131\u015f m\u0259rasimind\u0259 i\u015ftirak\u0131n\u0131 xat\u0131rlad\u0131b.<\/p>\n<p>T\u00fcrkiy\u0259li nazir, h\u0259m\u00e7inin Z\u0259ngilan hava liman\u0131n\u0131n qarda\u015f Az\u0259rbaycan\u0131n inki\u015faf\u0131nda yeni s\u0259hif\u0259 a\u00e7d\u0131\u011f\u0131na \u0259minliyini ifad\u0259 edib. O, m\u00fclki aviasiya sah\u0259sind\u0259 qar\u015f\u0131l\u0131ql\u0131 f\u0259aliyy\u0259t say\u0259sind\u0259 T\u00fcrkiy\u0259 il\u0259 Az\u0259rbaycan qarda\u015fl\u0131\u011f\u0131n\u0131n daha da parlaq olaca\u011f\u0131n\u0131 vur\u011fulay\u0131b.<\/p>\n<p>Uralo\u011flu \u00f6z payla\u015f\u0131m\u0131na Z\u0259ngilan Beyn\u0259lxalq Hava Liman\u0131n\u0131n fotosunu, habel\u0259 prezidentl\u0259r \u0130lham \u018fliyev v\u0259 R\u0259c\u0259b Tayyib \u018frdo\u011fan\u0131n hava liman\u0131n\u0131n r\u0259mzi a\u00e7\u0131l\u0131\u015f\u0131n\u0131 bildir\u0259n q\u0131rm\u0131z\u0131 lenti k\u0259sm\u0259l\u0259rinin foto\u015f\u0259kill\u0259rini \u0259lav\u0259 edib.<\/p>\n","protected":false},"excerpt":{"rendered":"<p>T\u00fcrkiy\u0259nin n\u0259qliyyat v\u0259 infrastruktur naziri Abdulkadir Uralo\u011flu Z\u0259ngilan Beyn\u0259lxalq Hava Liman\u0131n\u0131n a\u00e7\u0131l\u0131\u015f\u0131n\u0131n ikinci ild\u00f6n\u00fcm\u00fc m\u00fcnasib\u0259til\u0259 Az\u0259rbaycan\u0131 t\u0259brik edib. ARANTV.AZ x\u0259b\u0259r verir ki,\u00a0bu bar\u0259d\u0259 t\u00fcrkiy\u0259li nazir bazar g\u00fcn\u00fc, oktyabr\u0131n 20-d\u0259 sosial \u015f\u0259b\u0259k\u0259l\u0259rd\u0259 m\u00fcvafiq payla\u015f\u0131m edib. Nazir T\u00fcrkiy\u0259 v\u0259 Az\u0259rbaycan liderl\u0259rinin erm\u0259ni i\u015f\u011fal\u0131ndan azad edilmi\u015f Z\u0259ngilanda hava liman\u0131n\u0131n a\u00e7\u0131l\u0131\u015f m\u0259rasimind\u0259 i\u015ftirak\u0131n\u0131 xat\u0131rlad\u0131b. T\u00fcrkiy\u0259li nazir, h\u0259m\u00e7inin Z\u0259ngilan hava liman\u0131n\u0131n qarda\u015f Az\u0259rbaycan\u0131n inki\u015faf\u0131nda yeni s\u0259hif\u0259 a\u00e7d\u0131\u011f\u0131na \u0259minliyini ifad\u0259 edib. O, m\u00fclki aviasiya sah\u0259sind\u0259 qar\u015f\u0131l\u0131ql\u0131 f\u0259aliyy\u0259t say\u0259sind\u0259 T\u00fcrkiy\u0259 il\u0259 Az\u0259rbaycan qarda\u015fl\u0131\u011f\u0131n\u0131n daha da parlaq olaca\u011f\u0131n\u0131 vur\u011fulay\u0131b. Uralo\u011flu \u00f6z payla\u015f\u0131m\u0131na Z\u0259ngilan Beyn\u0259lxalq Hava Liman\u0131n\u0131n fotosunu, habel\u0259&hellip;<\/p>\n","protected":false},"author":2,"featured_media":763041,"comment_status":"closed","ping_status":"closed","sticky":false,"template":"","format":"standard","meta":{"om_disable_all_campaigns":false,"_monsterinsights_skip_tracking":false,"_monsterinsights_sitenote_active":false,"_monsterinsights_sitenote_note":"","_monsterinsights_sitenote_category":0},"categories":[4],"tags":[],"aioseo_notices":[],"gutentor_comment":0,"rttpg_featured_image_url":{"full":["https:\/\/arantv.az\/wp-content\/uploads\/2024\/10\/ae95296e172941838238204986910083483-1.jpg",975,540,false],"landscape":["https:\/\/arantv.az\/wp-content\/uploads\/2024\/10\/ae95296e172941838238204986910083483-1.jpg",975,540,false],"portraits":["https:\/\/arantv.az\/wp-content\/uploads\/2024\/10\/ae95296e172941838238204986910083483-1.jpg",975,540,false],"thumbnail":["https:\/\/arantv.az\/wp-content\/uploads\/2024\/10\/ae95296e172941838238204986910083483-1-500x280.jpg",500,280,true],"medium":["https:\/\/arantv.az\/wp-content\/uploads\/2024\/10\/ae95296e172941838238204986910083483-1-660x365.jpg",660,365,true],"large":["https:\/\/arantv.az\/wp-content\/uploads\/2024\/10\/ae95296e172941838238204986910083483-1-840x465.jpg",640,354,true],"1536x1536":["https:\/\/arantv.az\/wp-content\/uploads\/2024\/10\/ae95296e172941838238204986910083483-1.jpg",975,540,false],"2048x2048":["https:\/\/arantv.az\/wp-content\/uploads\/2024\/10\/ae95296e172941838238204986910083483-1.jpg",975,540,false],"post-thumbnail":["https:\/\/arantv.az\/wp-content\/uploads\/2024\/10\/ae95296e172941838238204986910083483-1-240x172.jpg",240,172,true],"advps-thumb-one":["https:\/\/arantv.az\/wp-content\/uploads\/2024\/10\/ae95296e172941838238204986910083483-1.jpg",975,540,false]},"rttpg_author":{"display_name":"V\u00fcsal Rafiqo\u011flu","author_link":"https:\/\/arantv.az\/?author=2"},"rttpg_comment":0,"rttpg_category":"<a href=\"https:\/\/arantv.az\/?cat=4\" rel=\"category\">Siyas\u0259t<\/a>","rttpg_excerpt":"T\u00fcrkiy\u0259nin n\u0259qliyyat v\u0259 infrastruktur naziri Abdulkadir Uralo\u011flu Z\u0259ngilan Beyn\u0259lxalq Hava Liman\u0131n\u0131n a\u00e7\u0131l\u0131\u015f\u0131n\u0131n ikinci ild\u00f6n\u00fcm\u00fc m\u00fcnasib\u0259til\u0259 Az\u0259rbaycan\u0131 t\u0259brik edib. ARANTV.AZ x\u0259b\u0259r verir ki,\u00a0bu bar\u0259d\u0259 t\u00fcrkiy\u0259li nazir bazar g\u00fcn\u00fc, oktyabr\u0131n 20-d\u0259 sosial \u015f\u0259b\u0259k\u0259l\u0259rd\u0259 m\u00fcvafiq payla\u015f\u0131m edib. Nazir T\u00fcrkiy\u0259 v\u0259 Az\u0259rbaycan liderl\u0259rinin erm\u0259ni i\u015f\u011fal\u0131ndan azad edilmi\u015f Z\u0259ngilanda hava liman\u0131n\u0131n a\u00e7\u0131l\u0131\u015f m\u0259rasimind\u0259 i\u015ftirak\u0131n\u0131 xat\u0131rlad\u0131b. T\u00fcrkiy\u0259li nazir, h\u0259m\u00e7inin Z\u0259ngilan hava&hellip;","_links":{"self":[{"href":"https:\/\/arantv.az\/index.php?rest_route=\/wp\/v2\/posts\/763039"}],"collection":[{"href":"https:\/\/arantv.az\/index.php?rest_route=\/wp\/v2\/posts"}],"about":[{"href":"https:\/\/arantv.az\/index.php?rest_route=\/wp\/v2\/types\/post"}],"author":[{"embeddable":true,"href":"https:\/\/arantv.az\/index.php?rest_route=\/wp\/v2\/users\/2"}],"replies":[{"embeddable":true,"href":"https:\/\/arantv.az\/index.php?rest_route=%2Fwp%2Fv2%2Fcomments&post=763039"}],"version-history":[{"count":1,"href":"https:\/\/arantv.az\/index.php?rest_route=\/wp\/v2\/posts\/763039\/revisions"}],"predecessor-version":[{"id":763042,"href":"https:\/\/arantv.az\/index.php?rest_route=\/wp\/v2\/posts\/763039\/revisions\/763042"}],"wp:featuredmedia":[{"embeddable":true,"href":"https:\/\/arantv.az\/index.php?rest_route=\/wp\/v2\/media\/763041"}],"wp:attachment":[{"href":"https:\/\/arantv.az\/index.php?rest_route=%2Fwp%2Fv2%2Fmedia&parent=763039"}],"wp:term":[{"taxonomy":"category","embeddable":true,"href":"https:\/\/arantv.az\/index.php?rest_route=%2Fwp%2Fv2%2Fcategories&post=763039"},{"taxonomy":"post_tag","embeddable":true,"href":"https:\/\/arantv.az\/index.php?rest_route=%2Fwp%2Fv2%2Ftags&post=763039"}],"curies":[{"name":"wp","href":"https:\/\/api.w.org\/{rel}","templated":true}]}}