{"id":763052,"date":"2024-10-21T07:32:28","date_gmt":"2024-10-21T03:32:28","guid":{"rendered":"https:\/\/arantv.az\/?p=763052"},"modified":"2024-10-21T07:32:28","modified_gmt":"2024-10-21T03:32:28","slug":"susada-dogulan-ilk-korp%c9%99-il%c9%99-bagli-iddialara-cavab","status":"publish","type":"post","link":"https:\/\/arantv.az\/?p=763052","title":{"rendered":"\u015eu\u015fada do\u011fulan ilk k\u00f6rp\u0259 il\u0259 ba\u011fl\u0131 \u0130DD\u0130ALARA CAVAB"},"content":{"rendered":"<p><strong>Sosial \u015f\u0259b\u0259k\u0259l\u0259rd\u0259 \u015eu\u015fada ilk k\u00f6rp\u0259nin iyunun 24-d\u0259 d\u00fcnyaya g\u0259lm\u0259si il\u0259 ba\u011fl\u0131 iddialar yay\u0131l\u0131b.<\/strong><\/p>\n<p><b>ARANTV.AZ <\/b>x\u0259b\u0259r verir ki, T\u018fB\u0130B-in \u0130ctimaiyy\u0259tl\u0259 \u0259laq\u0259l\u0259r \u015f\u00f6b\u0259sinin m\u00fcdiri Elnur Hiday\u0259to\u011flu &#8220;Unikal&#8221;a a\u00e7\u0131qlamas\u0131nda s\u0259sl\u0259ndiril\u0259n iddian\u0131n do\u011fru olmad\u0131\u011f\u0131n\u0131 deyib.<\/p>\n<p>&#8220;\u015eu\u015fada modul tipli x\u0259st\u0259xanada do\u011fulan ilk u\u015faq bu g\u00fcn d\u00fcnyaya g\u0259lib. Ola bilsin, \u015eu\u015fa sakini hans\u0131sa ba\u015fqa bir rayonda k\u00f6rp\u0259 d\u00fcnyaya g\u0259tirib. \u015eu\u015fada c\u0259mi bir x\u0259st\u0259xana f\u0259aliyy\u0259t g\u00f6st\u0259rir. Orada da k\u00f6rp\u0259 bu g\u00fcn do\u011fulub&#8221;, &#8211; dey\u0259 T\u018fB\u0130B r\u0259smisi bildirib.<\/p>\n<p>Qeyd ed\u0259k ki, sosial \u015f\u0259b\u0259k\u0259l\u0259rd\u0259 i\u015f\u011faldan azad olunduqdan sonra \u015eu\u015fada ilk d\u00fcnyaya g\u0259l\u0259n k\u00f6rp\u0259nin Zeynall\u0131 S\u00fcleyman To\u011frul oldu\u011fu v\u0259 onun iyunun 24-d\u0259 do\u011fuldu\u011fu bildirilirdi.<\/p>\n","protected":false},"excerpt":{"rendered":"<p>Sosial \u015f\u0259b\u0259k\u0259l\u0259rd\u0259 \u015eu\u015fada ilk k\u00f6rp\u0259nin iyunun 24-d\u0259 d\u00fcnyaya g\u0259lm\u0259si il\u0259 ba\u011fl\u0131 iddialar yay\u0131l\u0131b. ARANTV.AZ x\u0259b\u0259r verir ki, T\u018fB\u0130B-in \u0130ctimaiyy\u0259tl\u0259 \u0259laq\u0259l\u0259r \u015f\u00f6b\u0259sinin m\u00fcdiri Elnur Hiday\u0259to\u011flu &#8220;Unikal&#8221;a a\u00e7\u0131qlamas\u0131nda s\u0259sl\u0259ndiril\u0259n iddian\u0131n do\u011fru olmad\u0131\u011f\u0131n\u0131 deyib. &#8220;\u015eu\u015fada modul tipli x\u0259st\u0259xanada do\u011fulan ilk u\u015faq bu g\u00fcn d\u00fcnyaya g\u0259lib. Ola bilsin, \u015eu\u015fa sakini hans\u0131sa ba\u015fqa bir rayonda k\u00f6rp\u0259 d\u00fcnyaya g\u0259tirib. \u015eu\u015fada c\u0259mi bir x\u0259st\u0259xana f\u0259aliyy\u0259t g\u00f6st\u0259rir. Orada da k\u00f6rp\u0259 bu g\u00fcn do\u011fulub&#8221;, &#8211; dey\u0259 T\u018fB\u0130B r\u0259smisi bildirib. Qeyd ed\u0259k ki, sosial \u015f\u0259b\u0259k\u0259l\u0259rd\u0259 i\u015f\u011faldan azad olunduqdan sonra \u015eu\u015fada ilk d\u00fcnyaya g\u0259l\u0259n k\u00f6rp\u0259nin Zeynall\u0131 S\u00fcleyman To\u011frul oldu\u011fu v\u0259 onun&hellip;<\/p>\n","protected":false},"author":2,"featured_media":763053,"comment_status":"closed","ping_status":"closed","sticky":false,"template":"","format":"standard","meta":{"om_disable_all_campaigns":false,"_monsterinsights_skip_tracking":false,"_monsterinsights_sitenote_active":false,"_monsterinsights_sitenote_note":"","_monsterinsights_sitenote_category":0},"categories":[1],"tags":[],"aioseo_notices":[],"gutentor_comment":0,"rttpg_featured_image_url":{"full":["https:\/\/arantv.az\/wp-content\/uploads\/2024\/10\/1729443069_463839975_516376821382171_4433480326980407037_n.jpg",640,361,false],"landscape":["https:\/\/arantv.az\/wp-content\/uploads\/2024\/10\/1729443069_463839975_516376821382171_4433480326980407037_n.jpg",640,361,false],"portraits":["https:\/\/arantv.az\/wp-content\/uploads\/2024\/10\/1729443069_463839975_516376821382171_4433480326980407037_n.jpg",640,361,false],"thumbnail":["https:\/\/arantv.az\/wp-content\/uploads\/2024\/10\/1729443069_463839975_516376821382171_4433480326980407037_n-500x280.jpg",500,280,true],"medium":["https:\/\/arantv.az\/wp-content\/uploads\/2024\/10\/1729443069_463839975_516376821382171_4433480326980407037_n.jpg",640,361,false],"large":["https:\/\/arantv.az\/wp-content\/uploads\/2024\/10\/1729443069_463839975_516376821382171_4433480326980407037_n.jpg",640,361,false],"1536x1536":["https:\/\/arantv.az\/wp-content\/uploads\/2024\/10\/1729443069_463839975_516376821382171_4433480326980407037_n.jpg",640,361,false],"2048x2048":["https:\/\/arantv.az\/wp-content\/uploads\/2024\/10\/1729443069_463839975_516376821382171_4433480326980407037_n.jpg",640,361,false],"post-thumbnail":["https:\/\/arantv.az\/wp-content\/uploads\/2024\/10\/1729443069_463839975_516376821382171_4433480326980407037_n-240x172.jpg",240,172,true],"advps-thumb-one":["https:\/\/arantv.az\/wp-content\/uploads\/2024\/10\/1729443069_463839975_516376821382171_4433480326980407037_n.jpg",640,361,false]},"rttpg_author":{"display_name":"V\u00fcsal Rafiqo\u011flu","author_link":"https:\/\/arantv.az\/?author=2"},"rttpg_comment":0,"rttpg_category":"<a href=\"https:\/\/arantv.az\/?cat=1\" rel=\"category\">C\u0259miyy\u0259t<\/a>","rttpg_excerpt":"Sosial \u015f\u0259b\u0259k\u0259l\u0259rd\u0259 \u015eu\u015fada ilk k\u00f6rp\u0259nin iyunun 24-d\u0259 d\u00fcnyaya g\u0259lm\u0259si il\u0259 ba\u011fl\u0131 iddialar yay\u0131l\u0131b. ARANTV.AZ x\u0259b\u0259r verir ki, T\u018fB\u0130B-in \u0130ctimaiyy\u0259tl\u0259 \u0259laq\u0259l\u0259r \u015f\u00f6b\u0259sinin m\u00fcdiri Elnur Hiday\u0259to\u011flu &#8220;Unikal&#8221;a a\u00e7\u0131qlamas\u0131nda s\u0259sl\u0259ndiril\u0259n iddian\u0131n do\u011fru olmad\u0131\u011f\u0131n\u0131 deyib. &#8220;\u015eu\u015fada modul tipli x\u0259st\u0259xanada do\u011fulan ilk u\u015faq bu g\u00fcn d\u00fcnyaya g\u0259lib. Ola bilsin, \u015eu\u015fa sakini hans\u0131sa ba\u015fqa bir rayonda k\u00f6rp\u0259 d\u00fcnyaya g\u0259tirib. \u015eu\u015fada c\u0259mi&hellip;","_links":{"self":[{"href":"https:\/\/arantv.az\/index.php?rest_route=\/wp\/v2\/posts\/763052"}],"collection":[{"href":"https:\/\/arantv.az\/index.php?rest_route=\/wp\/v2\/posts"}],"about":[{"href":"https:\/\/arantv.az\/index.php?rest_route=\/wp\/v2\/types\/post"}],"author":[{"embeddable":true,"href":"https:\/\/arantv.az\/index.php?rest_route=\/wp\/v2\/users\/2"}],"replies":[{"embeddable":true,"href":"https:\/\/arantv.az\/index.php?rest_route=%2Fwp%2Fv2%2Fcomments&post=763052"}],"version-history":[{"count":2,"href":"https:\/\/arantv.az\/index.php?rest_route=\/wp\/v2\/posts\/763052\/revisions"}],"predecessor-version":[{"id":763055,"href":"https:\/\/arantv.az\/index.php?rest_route=\/wp\/v2\/posts\/763052\/revisions\/763055"}],"wp:featuredmedia":[{"embeddable":true,"href":"https:\/\/arantv.az\/index.php?rest_route=\/wp\/v2\/media\/763053"}],"wp:attachment":[{"href":"https:\/\/arantv.az\/index.php?rest_route=%2Fwp%2Fv2%2Fmedia&parent=763052"}],"wp:term":[{"taxonomy":"category","embeddable":true,"href":"https:\/\/arantv.az\/index.php?rest_route=%2Fwp%2Fv2%2Fcategories&post=763052"},{"taxonomy":"post_tag","embeddable":true,"href":"https:\/\/arantv.az\/index.php?rest_route=%2Fwp%2Fv2%2Ftags&post=763052"}],"curies":[{"name":"wp","href":"https:\/\/api.w.org\/{rel}","templated":true}]}}