{"id":763079,"date":"2024-10-21T13:29:04","date_gmt":"2024-10-21T09:29:04","guid":{"rendered":"https:\/\/arantv.az\/?p=763079"},"modified":"2024-10-21T13:29:04","modified_gmt":"2024-10-21T09:29:04","slug":"abs-prezidenti-cozef-bayden-ilham-%c9%99liyev%c9%99-m%c9%99ktub-unvanlayib","status":"publish","type":"post","link":"https:\/\/arantv.az\/?p=763079","title":{"rendered":"AB\u015e Prezidenti Cozef Bayden \u0130lham \u018fliyev\u0259 m\u0259ktub \u00fcnvanlay\u0131b"},"content":{"rendered":"<p><strong>Amerika Birl\u0259\u015fmi\u015f \u015etatlar\u0131n\u0131n Prezidenti Cozef Bayden Az\u0259rbaycan Prezidenti \u0130lham \u018fliyev\u0259 m\u0259ktub \u00fcnvanlay\u0131b.<\/strong><\/p>\n<p><strong>Musavat.com<\/strong>-un m\u0259lumat\u0131na g\u00f6r\u0259, mktubda deyilir:<\/p>\n<p>&#8220;H\u00f6rm\u0259tli c\u0259nab Prezident,<\/p>\n<p>\u0130ki \u00f6lk\u0259 aras\u0131nda m\u00fcnasib\u0259tl\u0259rin normalla\u015fd\u0131r\u0131lmas\u0131na xidm\u0259t ed\u0259c\u0259k s\u00fclh sazi\u015finin yekunla\u015fd\u0131r\u0131lmas\u0131 istiqam\u0259tind\u0259 \u00f6lk\u0259nizin v\u0259 Erm\u0259nistan\u0131n \u0259ld\u0259 etdiyi davaml\u0131 t\u0259r\u0259qqid\u0259n m\u0259mnunam. Sizi \u0259min etm\u0259k ist\u0259yir\u0259m ki, AB\u015e \u0259srl\u0259r boyu davam ed\u0259n m\u00fcnaqi\u015f\u0259y\u0259 n\u0259hay\u0259t son qoyacaq Az\u0259rbaycan il\u0259 Erm\u0259nistan aras\u0131nda dayan\u0131ql\u0131 v\u0259 l\u0259yaq\u0259tli s\u00fclh\u00fcn \u0259ld\u0259 edilm\u0259sin\u0259 d\u0259st\u0259k verm\u0259y\u0259 haz\u0131rd\u0131r.<\/p>\n<p>S\u00fclh sazi\u015fi Az\u0259rbaycan\u0131n suverenliyinin v\u0259 \u0259razi b\u00fct\u00f6vl\u00fcy\u00fcn\u00fcn t\u0259min edilm\u0259si il\u0259 yana\u015f\u0131, b\u00fct\u00fcn regionu transformasiya ed\u0259c\u0259k, Avropa v\u0259 M\u0259rk\u0259zi Asiya aras\u0131nda daha \u00e7ox ticar\u0259t\u0259, s\u0259rmay\u0259 qoyulu\u015funa v\u0259 ba\u011fl\u0131l\u0131\u011fa xidm\u0259t g\u00f6st\u0259r\u0259k. D\u00fcnyan\u0131n diqq\u0259ti COP29 il\u0259 ba\u011fl\u0131 Bak\u0131ya y\u00f6n\u0259ldiyi bir vaxtda qlobal ictimaiyy\u0259t\u0259 s\u00fclh\u0259 sadiqliyinizi n\u00fcmayi\u015f etdirm\u0259k \u00fc\u00e7\u00fcn misilsiz imkana maliksiniz. Bildiyiniz kimi, s\u00fclh sazi\u015finin raz\u0131la\u015fd\u0131r\u0131lmam\u0131\u015f b\u0259ndl\u0259rin\u0259 dair i\u015fin yekunla\u015fd\u0131r\u0131lmas\u0131 h\u0259r iki t\u0259r\u0259fd\u0259n kreativlik v\u0259 g\u00fcz\u0259\u015ft t\u0259l\u0259b ed\u0259c\u0259k. Lakin \u0259min\u0259m ki, bu imkandan yararlanma\u011fa davam ed\u0259c\u0259ksiniz. M\u0259n Sizi cari ild\u0259 sazi\u015fi yekunla\u015fd\u0131rma\u011fa d\u0259v\u0259t edir\u0259m.<\/p>\n<p>Bu m\u0259s\u0259l\u0259y\u0259 d\u0259st\u0259k verm\u0259y\u0259 sadiq oldu\u011fumu bildirm\u0259k ist\u0259yir\u0259m. M\u0259nim administrasiyam s\u00fclh\u0259 yol a\u00e7acaq c\u0259sar\u0259tli t\u0259\u015f\u0259bb\u00fcsl\u0259rin ir\u0259li s\u00fcr\u00fclm\u0259sin\u0259 haz\u0131rd\u0131r. Xahi\u015fiml\u0259 x\u00fcsusi k\u00f6m\u0259k\u00e7im, Avropa \u00fczr\u0259 ba\u015f direktor Maykl Karpenter atma\u011fa haz\u0131r oldu\u011fumuz m\u00fc\u0259yy\u0259n add\u0131mlarla ba\u011fl\u0131 Sizi m\u0259lumatland\u0131racaq v\u0259 Erm\u0259nistanla m\u00fczakir\u0259l\u0259r\u0259 dair Sizin m\u00f6vqeyinizi \u00f6yr\u0259n\u0259c\u0259k.<\/p>\n<p>\u00dcmid edir\u0259m ki, birg\u0259 firavanl\u0131q v\u0259 \u00fcmumi xeyir namin\u0259 regiona dair yeni kursun se\u00e7ilm\u0259si \u00fc\u00e7\u00fcn bu f\u00fcrs\u0259td\u0259n yararlanacaqs\u0131n\u0131z&#8221;.<\/p>\n","protected":false},"excerpt":{"rendered":"<p>Amerika Birl\u0259\u015fmi\u015f \u015etatlar\u0131n\u0131n Prezidenti Cozef Bayden Az\u0259rbaycan Prezidenti \u0130lham \u018fliyev\u0259 m\u0259ktub \u00fcnvanlay\u0131b. Musavat.com-un m\u0259lumat\u0131na g\u00f6r\u0259, mktubda deyilir: &#8220;H\u00f6rm\u0259tli c\u0259nab Prezident, \u0130ki \u00f6lk\u0259 aras\u0131nda m\u00fcnasib\u0259tl\u0259rin normalla\u015fd\u0131r\u0131lmas\u0131na xidm\u0259t ed\u0259c\u0259k s\u00fclh sazi\u015finin yekunla\u015fd\u0131r\u0131lmas\u0131 istiqam\u0259tind\u0259 \u00f6lk\u0259nizin v\u0259 Erm\u0259nistan\u0131n \u0259ld\u0259 etdiyi davaml\u0131 t\u0259r\u0259qqid\u0259n m\u0259mnunam. Sizi \u0259min etm\u0259k ist\u0259yir\u0259m ki, AB\u015e \u0259srl\u0259r boyu davam ed\u0259n m\u00fcnaqi\u015f\u0259y\u0259 n\u0259hay\u0259t son qoyacaq Az\u0259rbaycan il\u0259 Erm\u0259nistan aras\u0131nda dayan\u0131ql\u0131 v\u0259 l\u0259yaq\u0259tli s\u00fclh\u00fcn \u0259ld\u0259 edilm\u0259sin\u0259 d\u0259st\u0259k verm\u0259y\u0259 haz\u0131rd\u0131r. S\u00fclh sazi\u015fi Az\u0259rbaycan\u0131n suverenliyinin v\u0259 \u0259razi b\u00fct\u00f6vl\u00fcy\u00fcn\u00fcn t\u0259min edilm\u0259si il\u0259 yana\u015f\u0131, b\u00fct\u00fcn regionu transformasiya ed\u0259c\u0259k, Avropa v\u0259 M\u0259rk\u0259zi Asiya aras\u0131nda daha \u00e7ox ticar\u0259t\u0259, s\u0259rmay\u0259&hellip;<\/p>\n","protected":false},"author":2,"featured_media":763080,"comment_status":"closed","ping_status":"closed","sticky":false,"template":"","format":"standard","meta":{"om_disable_all_campaigns":false,"_monsterinsights_skip_tracking":false,"_monsterinsights_sitenote_active":false,"_monsterinsights_sitenote_note":"","_monsterinsights_sitenote_category":0},"categories":[4],"tags":[],"aioseo_notices":[],"gutentor_comment":0,"rttpg_featured_image_url":{"full":["https:\/\/arantv.az\/wp-content\/uploads\/2024\/10\/8aef8ae34b30f64795d7536b095a5ddf.jpg",850,500,false],"landscape":["https:\/\/arantv.az\/wp-content\/uploads\/2024\/10\/8aef8ae34b30f64795d7536b095a5ddf.jpg",850,500,false],"portraits":["https:\/\/arantv.az\/wp-content\/uploads\/2024\/10\/8aef8ae34b30f64795d7536b095a5ddf.jpg",850,500,false],"thumbnail":["https:\/\/arantv.az\/wp-content\/uploads\/2024\/10\/8aef8ae34b30f64795d7536b095a5ddf-500x280.jpg",500,280,true],"medium":["https:\/\/arantv.az\/wp-content\/uploads\/2024\/10\/8aef8ae34b30f64795d7536b095a5ddf-621x365.jpg",621,365,true],"large":["https:\/\/arantv.az\/wp-content\/uploads\/2024\/10\/8aef8ae34b30f64795d7536b095a5ddf-840x494.jpg",640,376,true],"1536x1536":["https:\/\/arantv.az\/wp-content\/uploads\/2024\/10\/8aef8ae34b30f64795d7536b095a5ddf.jpg",850,500,false],"2048x2048":["https:\/\/arantv.az\/wp-content\/uploads\/2024\/10\/8aef8ae34b30f64795d7536b095a5ddf.jpg",850,500,false],"post-thumbnail":["https:\/\/arantv.az\/wp-content\/uploads\/2024\/10\/8aef8ae34b30f64795d7536b095a5ddf-240x172.jpg",240,172,true],"advps-thumb-one":["https:\/\/arantv.az\/wp-content\/uploads\/2024\/10\/8aef8ae34b30f64795d7536b095a5ddf.jpg",850,500,false]},"rttpg_author":{"display_name":"V\u00fcsal Rafiqo\u011flu","author_link":"https:\/\/arantv.az\/?author=2"},"rttpg_comment":0,"rttpg_category":"<a href=\"https:\/\/arantv.az\/?cat=4\" rel=\"category\">Siyas\u0259t<\/a>","rttpg_excerpt":"Amerika Birl\u0259\u015fmi\u015f \u015etatlar\u0131n\u0131n Prezidenti Cozef Bayden Az\u0259rbaycan Prezidenti \u0130lham \u018fliyev\u0259 m\u0259ktub \u00fcnvanlay\u0131b. Musavat.com-un m\u0259lumat\u0131na g\u00f6r\u0259, mktubda deyilir: &#8220;H\u00f6rm\u0259tli c\u0259nab Prezident, \u0130ki \u00f6lk\u0259 aras\u0131nda m\u00fcnasib\u0259tl\u0259rin normalla\u015fd\u0131r\u0131lmas\u0131na xidm\u0259t ed\u0259c\u0259k s\u00fclh sazi\u015finin yekunla\u015fd\u0131r\u0131lmas\u0131 istiqam\u0259tind\u0259 \u00f6lk\u0259nizin v\u0259 Erm\u0259nistan\u0131n \u0259ld\u0259 etdiyi davaml\u0131 t\u0259r\u0259qqid\u0259n m\u0259mnunam. Sizi \u0259min etm\u0259k ist\u0259yir\u0259m ki, AB\u015e \u0259srl\u0259r boyu davam ed\u0259n m\u00fcnaqi\u015f\u0259y\u0259 n\u0259hay\u0259t son qoyacaq Az\u0259rbaycan il\u0259&hellip;","_links":{"self":[{"href":"https:\/\/arantv.az\/index.php?rest_route=\/wp\/v2\/posts\/763079"}],"collection":[{"href":"https:\/\/arantv.az\/index.php?rest_route=\/wp\/v2\/posts"}],"about":[{"href":"https:\/\/arantv.az\/index.php?rest_route=\/wp\/v2\/types\/post"}],"author":[{"embeddable":true,"href":"https:\/\/arantv.az\/index.php?rest_route=\/wp\/v2\/users\/2"}],"replies":[{"embeddable":true,"href":"https:\/\/arantv.az\/index.php?rest_route=%2Fwp%2Fv2%2Fcomments&post=763079"}],"version-history":[{"count":1,"href":"https:\/\/arantv.az\/index.php?rest_route=\/wp\/v2\/posts\/763079\/revisions"}],"predecessor-version":[{"id":763081,"href":"https:\/\/arantv.az\/index.php?rest_route=\/wp\/v2\/posts\/763079\/revisions\/763081"}],"wp:featuredmedia":[{"embeddable":true,"href":"https:\/\/arantv.az\/index.php?rest_route=\/wp\/v2\/media\/763080"}],"wp:attachment":[{"href":"https:\/\/arantv.az\/index.php?rest_route=%2Fwp%2Fv2%2Fmedia&parent=763079"}],"wp:term":[{"taxonomy":"category","embeddable":true,"href":"https:\/\/arantv.az\/index.php?rest_route=%2Fwp%2Fv2%2Fcategories&post=763079"},{"taxonomy":"post_tag","embeddable":true,"href":"https:\/\/arantv.az\/index.php?rest_route=%2Fwp%2Fv2%2Ftags&post=763079"}],"curies":[{"name":"wp","href":"https:\/\/api.w.org\/{rel}","templated":true}]}}