{"id":763085,"date":"2024-10-21T13:32:15","date_gmt":"2024-10-21T09:32:15","guid":{"rendered":"https:\/\/arantv.az\/?p=763085"},"modified":"2024-10-21T13:32:15","modified_gmt":"2024-10-21T09:32:15","slug":"s%c9%99hiyy%c9%99-nazirliyinin-numay%c9%99nd%c9%99l%c9%99ri-umumavropa-liderlik-akademiyasinin-t%c9%99lim-proqramini-ugurla-kecibl%c9%99r","status":"publish","type":"post","link":"https:\/\/arantv.az\/?p=763085","title":{"rendered":"S\u0259hiyy\u0259 Nazirliyinin n\u00fcmay\u0259nd\u0259l\u0259ri \u00dcmumavropa Liderlik Akademiyas\u0131n\u0131n t\u0259lim proqram\u0131n\u0131 u\u011furla ke\u00e7ibl\u0259r"},"content":{"rendered":"<div class=\"blog_text\">\n<p><strong>2024-c\u00fc ilin iyul ay\u0131ndan ba\u015flayan \u00dcmumavropa Liderlik Akademiyas\u0131n\u0131n (ELA Akademiyas\u0131) t\u0259lim proqram\u0131nda i\u015ftirak etm\u0259k \u00fc\u00e7\u00fcn regionun 6 \u00f6lk\u0259sind\u0259n ir\u0259li s\u00fcr\u00fcl\u0259n 31 namiz\u0259dd\u0259n 14 n\u0259f\u0259r se\u00e7im m\u0259rh\u0259l\u0259l\u0259rind\u0259n u\u011furla ke\u00e7\u0259r\u0259k, n\u00f6vb\u0259ti proqramda i\u015ftirak \u00fc\u00e7\u00fcn d\u0259v\u0259t al\u0131blar.<\/strong><\/p>\n<p><strong>ARANTV.AZ <\/strong>\u00a0x\u0259b\u0259r verir ki, Az\u0259rbaycan Respublikas\u0131 S\u0259hiyy\u0259 Nazirliyinin \u0130nsan resurslar\u0131, elm v\u0259 t\u0259hsil \u015f\u00f6b\u0259sinin m\u00fcdir m\u00fcavini T\u0259ran\u0259 \u018fhm\u0259dova v\u0259 S\u0259hiyy\u0259 siyas\u0259ti \u015f\u00f6b\u0259sinin ba\u015f m\u0259sl\u0259h\u0259t\u00e7isi Nigar N\u0259z\u0259rli d\u0259 n\u00f6vb\u0259ti m\u0259rh\u0259l\u0259y\u0259 y\u00fcks\u0259libl\u0259r.<\/p>\n<p>T\u0259cr\u00fcb\u0259 proqram\u0131 (Tier2) Danimarkan\u0131n paytaxt\u0131 Kopenhagen \u015f\u0259h\u0259rinin \u00dcmumd\u00fcnya S\u0259hiyy\u0259 T\u0259\u015fkilat\u0131n\u0131n Regional Avropa Ofisind\u0259 t\u0259\u015fkil olunub.<\/p>\n<p>ELA Akademiyas\u0131n\u0131n Tier2 proqram\u0131 \u00e7\u0259r\u00e7iv\u0259sind\u0259 t\u0259lim ke\u00e7diyi m\u00fcdd\u0259td\u0259 s\u0259hiyy\u0259 sah\u0259sind\u0259 insan resurslar\u0131 \u00fczr\u0259 g\u00f6st\u0259ricil\u0259rin, o c\u00fcml\u0259d\u0259n Az\u0259rbaycan Respublikas\u0131nda tibb \u0259cza\u00e7\u0131l\u0131q f\u0259aliyy\u0259ti il\u0259 m\u0259\u015f\u011ful olmaq h\u00fcququna malik \u015f\u0259xsl\u0259rin d\u00f6vl\u0259t reyestrinin t\u0259kmill\u0259\u015fm\u0259si \u00fczr\u0259 \u201cTibb m\u00fc\u0259ssis\u0259l\u0259rinin standart \u0259m\u0259liyyat prosedurlar\u0131n\u0131n bazas\u0131n\u0131n t\u0259\u015fkili\u201d m\u00f6vsuzunda layih\u0259 haz\u0131rlan\u0131b.<\/p>\n<\/div>\n<div class=\"two_image\">\n<figure><img src=\"https:\/\/sehiyye.gov.az\/site\/assets\/files\/11783\/picture1.jpg\" alt=\"Three people are seated at a table in a meeting room, discussing with laptops and notes in front of them.\" data-uw-rm-alt-original=\"\" data-uw-rm-alt=\"BE\" \/><\/figure>\n<figure><img src=\"https:\/\/sehiyye.gov.az\/site\/assets\/files\/11783\/picture2.jpg\" alt=\"A group meeting in a conference room with a person taking notes, laptops open, and a large screen displaying remote participants.\" data-uw-rm-alt-original=\"\" data-uw-rm-alt=\"BE\" \/><\/figure>\n<figure><img src=\"https:\/\/sehiyye.gov.az\/site\/assets\/files\/11783\/picture3.jpg\" alt=\"Four women stand outside UN City, smiling and wearing identification badges, with the UN logo visible on the building.\" data-uw-rm-alt-original=\"\" data-uw-rm-alt=\"BE\" \/><\/figure>\n<figure><img src=\"https:\/\/sehiyye.gov.az\/site\/assets\/files\/11783\/picture4.jpg\" alt=\"A group of six people poses for a selfie in a modern office space, with plants and colleagues in the background.\" data-uw-rm-alt-original=\"\" data-uw-rm-alt=\"BE\" \/><\/figure>\n<\/div>\n<div class=\"blog_text\">\n<p>Qeyd ed\u0259k ki, \u00dcST-nin Regional Avropa Ofisinin \u0259sas t\u0259\u015f\u0259bb\u00fcs\u00fc olan \u00dcmumavropa Liderlik Akademiyas\u0131 \u00f6lk\u0259 s\u0259viyy\u0259sind\u0259 maksimum n\u0259tic\u0259l\u0259r \u0259ld\u0259 etm\u0259k \u00fc\u00e7\u00fcn insan resurslar\u0131n\u0131n inki\u015faf\u0131na y\u00f6n\u0259l\u0259n \u00fc\u00e7 s\u0259viyy\u0259li proqramd\u0131r. T\u0259cr\u00fcb\u0259 proqram\u0131n\u0131n \u0259sas m\u0259qs\u0259di Avropa regionunun s\u0259hiyy\u0259 sah\u0259sind\u0259 f\u0259aliyy\u0259t g\u00f6st\u0259r\u0259n d\u00f6vl\u0259t orqanlar\u0131n\u0131n r\u0259smi n\u00fcmay\u0259nd\u0259l\u0259rinin qar\u015f\u0131l\u0131ql\u0131 faydal\u0131 bilik v\u0259 t\u0259cr\u00fcb\u0259 m\u00fcbadil\u0259si, o c\u00fcml\u0259d\u0259n s\u0259hiyy\u0259 siyas\u0259ti istiqam\u0259tind\u0259 birg\u0259 \u00e7al\u0131\u015fmaq \u00fc\u00e7\u00fcn potensial\u0131n art\u0131r\u0131lmas\u0131 v\u0259 s\u0259m\u0259r\u0259li layih\u0259l\u0259rin \u0259rs\u0259y\u0259 g\u0259lm\u0259si n\u0259tic\u0259sind\u0259 regionda s\u0259hiyy\u0259 sisteminin g\u00fccl\u0259ndirilm\u0259sidir.<br data-uw-rm-sr=\"\" \/>ELA Akademiyas\u0131n\u0131n Tier2 proqram\u0131 noyabr\u0131n 13-d\u0259k davam ed\u0259c\u0259k.<\/p>\n<\/div>\n<div class=\"two_image\">\n<figure><img src=\"https:\/\/sehiyye.gov.az\/site\/assets\/files\/11784\/picture5.jpg\" alt=\"Four individuals pose together in front of a World Health Organization backdrop, promoting a quality care event.\" data-uw-rm-alt-original=\"\" data-uw-rm-alt=\"BE\" \/><\/figure>\n<figure><img src=\"https:\/\/sehiyye.gov.az\/site\/assets\/files\/11784\/picture6_1.jpg\" alt=\"Two individuals are holding a training certificate at a World Health Organization event in Athens.\" data-uw-rm-alt-original=\"\" data-uw-rm-alt=\"BE\" \/><\/figure>\n<\/div>\n","protected":false},"excerpt":{"rendered":"<p>2024-c\u00fc ilin iyul ay\u0131ndan ba\u015flayan \u00dcmumavropa Liderlik Akademiyas\u0131n\u0131n (ELA Akademiyas\u0131) t\u0259lim proqram\u0131nda i\u015ftirak etm\u0259k \u00fc\u00e7\u00fcn regionun 6 \u00f6lk\u0259sind\u0259n ir\u0259li s\u00fcr\u00fcl\u0259n 31 namiz\u0259dd\u0259n 14 n\u0259f\u0259r se\u00e7im m\u0259rh\u0259l\u0259l\u0259rind\u0259n u\u011furla ke\u00e7\u0259r\u0259k, n\u00f6vb\u0259ti proqramda i\u015ftirak \u00fc\u00e7\u00fcn d\u0259v\u0259t al\u0131blar. ARANTV.AZ \u00a0x\u0259b\u0259r verir ki, Az\u0259rbaycan Respublikas\u0131 S\u0259hiyy\u0259 Nazirliyinin \u0130nsan resurslar\u0131, elm v\u0259 t\u0259hsil \u015f\u00f6b\u0259sinin m\u00fcdir m\u00fcavini T\u0259ran\u0259 \u018fhm\u0259dova v\u0259 S\u0259hiyy\u0259 siyas\u0259ti \u015f\u00f6b\u0259sinin ba\u015f m\u0259sl\u0259h\u0259t\u00e7isi Nigar N\u0259z\u0259rli d\u0259 n\u00f6vb\u0259ti m\u0259rh\u0259l\u0259y\u0259 y\u00fcks\u0259libl\u0259r. T\u0259cr\u00fcb\u0259 proqram\u0131 (Tier2) Danimarkan\u0131n paytaxt\u0131 Kopenhagen \u015f\u0259h\u0259rinin \u00dcmumd\u00fcnya S\u0259hiyy\u0259 T\u0259\u015fkilat\u0131n\u0131n Regional Avropa Ofisind\u0259 t\u0259\u015fkil olunub. ELA Akademiyas\u0131n\u0131n Tier2 proqram\u0131 \u00e7\u0259r\u00e7iv\u0259sind\u0259 t\u0259lim ke\u00e7diyi m\u00fcdd\u0259td\u0259 s\u0259hiyy\u0259 sah\u0259sind\u0259 insan&hellip;<\/p>\n","protected":false},"author":2,"featured_media":763086,"comment_status":"closed","ping_status":"closed","sticky":false,"template":"","format":"standard","meta":{"om_disable_all_campaigns":false,"_monsterinsights_skip_tracking":false,"_monsterinsights_sitenote_active":false,"_monsterinsights_sitenote_note":"","_monsterinsights_sitenote_category":0},"categories":[1],"tags":[],"aioseo_notices":[],"gutentor_comment":0,"rttpg_featured_image_url":{"full":["https:\/\/arantv.az\/wp-content\/uploads\/2024\/10\/68bc9482611ff42d01902a143ebadeff.jpg",850,500,false],"landscape":["https:\/\/arantv.az\/wp-content\/uploads\/2024\/10\/68bc9482611ff42d01902a143ebadeff.jpg",850,500,false],"portraits":["https:\/\/arantv.az\/wp-content\/uploads\/2024\/10\/68bc9482611ff42d01902a143ebadeff.jpg",850,500,false],"thumbnail":["https:\/\/arantv.az\/wp-content\/uploads\/2024\/10\/68bc9482611ff42d01902a143ebadeff-500x280.jpg",500,280,true],"medium":["https:\/\/arantv.az\/wp-content\/uploads\/2024\/10\/68bc9482611ff42d01902a143ebadeff-621x365.jpg",621,365,true],"large":["https:\/\/arantv.az\/wp-content\/uploads\/2024\/10\/68bc9482611ff42d01902a143ebadeff-840x494.jpg",640,376,true],"1536x1536":["https:\/\/arantv.az\/wp-content\/uploads\/2024\/10\/68bc9482611ff42d01902a143ebadeff.jpg",850,500,false],"2048x2048":["https:\/\/arantv.az\/wp-content\/uploads\/2024\/10\/68bc9482611ff42d01902a143ebadeff.jpg",850,500,false],"post-thumbnail":["https:\/\/arantv.az\/wp-content\/uploads\/2024\/10\/68bc9482611ff42d01902a143ebadeff-240x172.jpg",240,172,true],"advps-thumb-one":["https:\/\/arantv.az\/wp-content\/uploads\/2024\/10\/68bc9482611ff42d01902a143ebadeff.jpg",850,500,false]},"rttpg_author":{"display_name":"V\u00fcsal Rafiqo\u011flu","author_link":"https:\/\/arantv.az\/?author=2"},"rttpg_comment":0,"rttpg_category":"<a href=\"https:\/\/arantv.az\/?cat=1\" rel=\"category\">C\u0259miyy\u0259t<\/a>","rttpg_excerpt":"2024-c\u00fc ilin iyul ay\u0131ndan ba\u015flayan \u00dcmumavropa Liderlik Akademiyas\u0131n\u0131n (ELA Akademiyas\u0131) t\u0259lim proqram\u0131nda i\u015ftirak etm\u0259k \u00fc\u00e7\u00fcn regionun 6 \u00f6lk\u0259sind\u0259n ir\u0259li s\u00fcr\u00fcl\u0259n 31 namiz\u0259dd\u0259n 14 n\u0259f\u0259r se\u00e7im m\u0259rh\u0259l\u0259l\u0259rind\u0259n u\u011furla ke\u00e7\u0259r\u0259k, n\u00f6vb\u0259ti proqramda i\u015ftirak \u00fc\u00e7\u00fcn d\u0259v\u0259t al\u0131blar. ARANTV.AZ \u00a0x\u0259b\u0259r verir ki, Az\u0259rbaycan Respublikas\u0131 S\u0259hiyy\u0259 Nazirliyinin \u0130nsan resurslar\u0131, elm v\u0259 t\u0259hsil \u015f\u00f6b\u0259sinin m\u00fcdir m\u00fcavini T\u0259ran\u0259 \u018fhm\u0259dova v\u0259 S\u0259hiyy\u0259 siyas\u0259ti&hellip;","_links":{"self":[{"href":"https:\/\/arantv.az\/index.php?rest_route=\/wp\/v2\/posts\/763085"}],"collection":[{"href":"https:\/\/arantv.az\/index.php?rest_route=\/wp\/v2\/posts"}],"about":[{"href":"https:\/\/arantv.az\/index.php?rest_route=\/wp\/v2\/types\/post"}],"author":[{"embeddable":true,"href":"https:\/\/arantv.az\/index.php?rest_route=\/wp\/v2\/users\/2"}],"replies":[{"embeddable":true,"href":"https:\/\/arantv.az\/index.php?rest_route=%2Fwp%2Fv2%2Fcomments&post=763085"}],"version-history":[{"count":2,"href":"https:\/\/arantv.az\/index.php?rest_route=\/wp\/v2\/posts\/763085\/revisions"}],"predecessor-version":[{"id":763088,"href":"https:\/\/arantv.az\/index.php?rest_route=\/wp\/v2\/posts\/763085\/revisions\/763088"}],"wp:featuredmedia":[{"embeddable":true,"href":"https:\/\/arantv.az\/index.php?rest_route=\/wp\/v2\/media\/763086"}],"wp:attachment":[{"href":"https:\/\/arantv.az\/index.php?rest_route=%2Fwp%2Fv2%2Fmedia&parent=763085"}],"wp:term":[{"taxonomy":"category","embeddable":true,"href":"https:\/\/arantv.az\/index.php?rest_route=%2Fwp%2Fv2%2Fcategories&post=763085"},{"taxonomy":"post_tag","embeddable":true,"href":"https:\/\/arantv.az\/index.php?rest_route=%2Fwp%2Fv2%2Ftags&post=763085"}],"curies":[{"name":"wp","href":"https:\/\/api.w.org\/{rel}","templated":true}]}}