{"id":763089,"date":"2024-10-21T13:33:18","date_gmt":"2024-10-21T09:33:18","guid":{"rendered":"https:\/\/arantv.az\/?p=763089"},"modified":"2024-10-21T13:33:18","modified_gmt":"2024-10-21T09:33:18","slug":"bu-isl%c9%99r%c9%99-inzibati-v%c9%99-ya-mulki-m%c9%99hk%c9%99m%c9%99l%c9%99rd%c9%99-baxilacaq","status":"publish","type":"post","link":"https:\/\/arantv.az\/?p=763089","title":{"rendered":"Bu i\u015fl\u0259r\u0259 inzibati v\u0259 ya m\u00fclki m\u0259hk\u0259m\u0259l\u0259rd\u0259 bax\u0131lacaq"},"content":{"rendered":"<p><strong>Ali M\u0259hk\u0259m\u0259 Plenumunun 2015-ci il 10 aprel tarixli, 4 n\u00f6mr\u0259li q\u0259rar\u0131na \u0259lav\u0259 v\u0259 d\u0259yi\u015fiklikl\u0259r edilm\u0259si haqq\u0131nda Q\u0259rar q\u0259bul edilib.<\/strong><\/p>\n<p><strong>ARANTV.AZ <\/strong>\u00a0x\u0259b\u0259r verir ki, Ali M\u0259hk\u0259m\u0259 vahid m\u0259hk\u0259m\u0259 t\u0259cr\u00fcb\u0259sinin formala\u015fd\u0131r\u0131lmas\u0131 istiqam\u0259tind\u0259ki f\u0259aliyy\u0259tinin daha s\u0259m\u0259r\u0259li h\u0259yata ke\u00e7irilm\u0259sini t\u0259min etm\u0259k \u00fc\u00e7\u00fcn Plenum q\u0259rarlar\u0131n\u0131n t\u0259kmill\u0259\u015fdirilm\u0259si i\u015fini qar\u015f\u0131da duran daimi v\u0259zif\u0259l\u0259rd\u0259n biri kimi g\u00f6r\u00fcr.<\/p>\n<p>C\u0259miyy\u0259tin davaml\u0131 inki\u015faf\u0131 m\u00fcasir \u00e7a\u011f\u0131r\u0131\u015flar, qanunvericilikd\u0259 v\u0259 m\u0259hk\u0259m\u0259 t\u0259cr\u00fcb\u0259sind\u0259 ba\u015f ver\u0259n m\u00fct\u0259madi yenilikl\u0259r d\u0259yi\u015f\u0259n ehtiyaclara adekvat reaksiya verm\u0259yi t\u0259l\u0259b edir.<\/p>\n<p>Bu bax\u0131mdan \u201c\u0130nzibati v\u0259 m\u00fclki h\u00fcquq m\u00fcnasib\u0259tl\u0259rind\u0259n ir\u0259li g\u0259l\u0259n m\u00fcbahis\u0259l\u0259rin m\u0259hk\u0259m\u0259 aidiyy\u0259tin\u0259 dair\u201d Ali M\u0259hk\u0259m\u0259 Plenumunun 2015-ci il 10 aprel tarixli, 4 n\u00f6mr\u0259li q\u0259rar\u0131na \u0259lav\u0259 v\u0259 d\u0259yi\u015fiklikl\u0259r edilm\u0259si haqq\u0131nda\u201d Q\u0259rar q\u0259bul edilib. Ali M\u0259hk\u0259m\u0259 Plenumu q\u0259bul etdiyi yeni Q\u0259rarda m\u0259hk\u0259m\u0259l\u0259r t\u0259r\u0259find\u0259n bax\u0131lan b\u0259zi i\u015fl\u0259r\u0259 m\u00fclki v\u0259 ya inzibati m\u0259hk\u0259m\u0259 icraat\u0131 qaydas\u0131nda bax\u0131lmas\u0131n\u0131n m\u00fcmk\u00fcnl\u00fcy\u00fcn\u0259 ayd\u0131nl\u0131q g\u0259tirilib.<\/p>\n<p><strong>S\u00f6z\u00fcged\u0259n Q\u0259rarda \u0259sas d\u0259yi\u015fiklikl\u0259ri diqq\u0259tiniz\u0259 t\u0259qdim edirik:<\/strong><\/p>\n<p>Eyni faktiki v\u0259 h\u00fcquqi hallara \u0259saslanmaqla torpa\u011f\u0131n ayr\u0131lmas\u0131na dair inzibati akt v\u0259 m\u00fcqavil\u0259 bir iddiada m\u00fcbahis\u0259l\u0259ndirildikd\u0259, h\u0259m inzibati akt\u0131n, h\u0259m d\u0259 m\u00fcqavil\u0259nin l\u0259\u011fvin\u0259 v\u0259 ya etibars\u0131zl\u0131\u011f\u0131na dair i\u015f\u0259 bir icraat daxilind\u0259 inzibati m\u0259hk\u0259m\u0259l\u0259rd\u0259 bax\u0131lmal\u0131d\u0131r.<\/p>\n<p>Torpa\u011f\u0131n ayr\u0131lmas\u0131na dair inzibati akt deyil, inzibati akt\u0131n \u00f6z\u00fcn\u00fcn qanuniliyi il\u0259 ba\u011fl\u0131 olmayan \u0259saslarla yaln\u0131z m\u00fcqavil\u0259 m\u00fcbahis\u0259l\u0259ndirildikd\u0259, i\u015f\u0259 m\u00fclki m\u0259hk\u0259m\u0259 icraat\u0131 qaydas\u0131nda bax\u0131lmal\u0131d\u0131r.<\/p>\n<p>D\u00f6vl\u0259t v\u0259 b\u0259l\u0259diyy\u0259 \u0259mlak\u0131n\u0131n m\u00fcsabiq\u0259 v\u0259 ya h\u0259rrac vasit\u0259sil\u0259 m\u00fclkiyy\u0259t\u0259 v\u0259 ya icar\u0259y\u0259 verilm\u0259si il\u0259 ba\u011fl\u0131 yaranan m\u00fcbahis\u0259l\u0259rd\u0259 m\u00fcsabiq\u0259 v\u0259 ya h\u0259rrac\u0131n ke\u00e7irilm\u0259si s\u0259b\u0259bind\u0259n, m\u0259qs\u0259dind\u0259n, sifari\u015f\u00e7inin kimliyind\u0259n, el\u0259c\u0259 d\u0259 m\u00fcsabiq\u0259 v\u0259 ya h\u0259rraca \u00e7\u0131xar\u0131lan \u0259mlak\u0131n m\u0259nsubiyy\u0259tind\u0259n as\u0131l\u0131 olmayaraq, h\u0259r bir halda bu c\u00fcr m\u00fcsabiq\u0259 v\u0259 ya h\u0259rraclar\u0131n t\u0259\u015fkili, ke\u00e7irilm\u0259si v\u0259 n\u0259tic\u0259l\u0259rinin r\u0259smil\u0259\u015fdirilm\u0259si il\u0259 ba\u011fl\u0131 m\u00fcnasib\u0259tl\u0259r m\u00fclki-h\u00fcquqi xarakter da\u015f\u0131y\u0131r. Buna g\u00f6r\u0259 d\u0259 bu m\u00fcnasib\u0259tl\u0259rd\u0259n yaranan m\u00fcbahis\u0259l\u0259r\u0259 m\u00fclki m\u0259hk\u0259m\u0259 icraat\u0131 qaydas\u0131nda bax\u0131lmal\u0131d\u0131r.<\/p>\n<p>\u018fmlak\u0131n m\u00fcsabiq\u0259 v\u0259 ya h\u0259rrac vasit\u0259sil\u0259 m\u00fclkiyy\u0259t\u0259 v\u0259 ya icar\u0259y\u0259 verilm\u0259si bar\u0259d\u0259 q\u0259rar\u0131n \u00e7\u0131xar\u0131lmas\u0131n\u0131 qanunsuz oldu\u011funu iddia ed\u0259n \u015f\u0259xsl\u0259r s\u00f6z\u00fcged\u0259n m\u0259s\u0259l\u0259ni inzibati m\u0259hk\u0259m\u0259 qaydas\u0131nda m\u00fcbahis\u0259l\u0259ndiril\u0259 bil\u0259r.<\/p>\n<p>M\u00fcsabiq\u0259 v\u0259 ya h\u0259rrac\u0131n t\u0259\u015fkili, ke\u00e7irilm\u0259sinin \u015f\u0259rtl\u0259ri v\u0259 qaydalar\u0131, el\u0259c\u0259 d\u0259 n\u0259tic\u0259l\u0259rinin r\u0259smil\u0259\u015fdirilm\u0259si il\u0259 ba\u011fl\u0131 m\u00fcbahis\u0259l\u0259r\u0259 is\u0259 m\u00fclki m\u0259hk\u0259m\u0259 icraat\u0131 qaydas\u0131nda bax\u0131lmal\u0131d\u0131r.<\/p>\n<p>T\u0259bii inhisarlar\u0131 t\u0259nziml\u0259y\u0259n orqanlarla t\u0259bii inhisar subyektl\u0259rinin daxil oldu\u011fu m\u00fcnasib\u0259tl\u0259r \u00fcmumi h\u00fcquq sah\u0259sin\u0259 aid oldu\u011fundan bel\u0259 m\u00fcnasib\u0259tl\u0259rd\u0259n yaranan m\u00fcbahis\u0259l\u0259r\u0259 inzibati m\u0259hk\u0259m\u0259l\u0259rd\u0259 bax\u0131lmal\u0131d\u0131r.<\/p>\n<p>T\u0259bii inhisar subyektl\u0259rinin t\u0259s\u0259rr\u00fcfat subyektl\u0259ri v\u0259 istehlak\u00e7\u0131larla daxil oldu\u011fu m\u00fcnasib\u0259tl\u0259rd\u0259n (t\u0259bii inhisar subyektl\u0259rinin \u015f\u0259b\u0259k\u0259l\u0259rin\u0259 qo\u015fulma, texniki \u015f\u0259rtl\u0259rin verilm\u0259si, m\u0259hsulun sat\u0131\u015f\u0131na dair m\u00fcqavil\u0259 ba\u011flan\u0131lmas\u0131 v\u0259 s.) yaranan m\u00fcbahis\u0259l\u0259r\u0259 m\u00fclki m\u00fchakim\u0259 icraat\u0131 qaydas\u0131nda kommersiya v\u0259 ya \u00fcmumi m\u0259hk\u0259m\u0259l\u0259rd\u0259 bax\u0131lmal\u0131d\u0131r.<\/p>\n<p>T\u0259bii inhisar subyektinin qanunvericilikl\u0259 verilmi\u015f \u00fcmumi (publik) h\u00fcquq sah\u0259sind\u0259ki s\u0259lahiyy\u0259tl\u0259rin (m\u0259s\u0259l\u0259n, qanunvericilikl\u0259 m\u00fc\u0259yy\u0259n edilmi\u015f qaydada d\u00f6vl\u0259t ehtiyaclar\u0131 \u00fc\u00e7\u00fcn torpaqlar\u0131n geri al\u0131nmas\u0131 il\u0259 ba\u011fl\u0131 alan orqan kimi m\u00fc\u0259yy\u0259n olunduqda) icras\u0131ndan do\u011fan m\u00fcbahis\u0259l\u0259r\u0259 inzibati m\u0259hk\u0259m\u0259l\u0259rd\u0259 bax\u0131lmal\u0131d\u0131r.<\/p>\n<p>Qanunvericilikl\u0259 m\u00fc\u0259yy\u0259n edilmi\u015f qaydada verilmi\u015f \u00fcmumi (publik) h\u00fcquq sah\u0259sin\u0259 aid s\u0259lahiyy\u0259tl\u0259rin h\u0259yata ke\u00e7irilm\u0259si v\u0259ziyy\u0259ti m\u00f6vcud olmad\u0131qda, \u0259ksin\u0259, m\u00fclki d\u00f6vriyy\u0259nin i\u015ftirak\u00e7\u0131s\u0131 kimi g\u00fcnd\u0259lik t\u0259s\u0259rr\u00fcfat f\u0259aliyy\u0259tinin h\u0259yata ke\u00e7irilm\u0259sind\u0259n yaranan m\u00fcbahis\u0259l\u0259rd\u0259n s\u00f6z edildikd\u0259 (vurulmu\u015f z\u0259r\u0259rin \u0259v\u0259zinin \u00f6d\u0259nilm\u0259si, \u0259razinin bo\u015fald\u0131lmas\u0131 v\u0259 s.) is\u0259 i\u015fl\u0259r\u0259 m\u00fclki m\u00fchakim\u0259 icraat\u0131 qaydas\u0131nda kommersiya v\u0259 ya \u00fcmumi m\u0259hk\u0259m\u0259l\u0259rd\u0259 bax\u0131lmal\u0131d\u0131r.<\/p>\n<p>Sonda m\u0259hk\u0259m\u0259l\u0259r\u0259 t\u00f6vsiy\u0259 olunub ki, prosessual q\u0259na\u0259t\u0259 nail olmaq \u00fc\u00e7\u00fcn bu Q\u0259rar\u0131n q\u0259bulu il\u0259 yaranan aidiyy\u0259tl\u0259 \u0259laq\u0259dar \u015f\u0259rtl\u0259rin d\u0259yi\u015fm\u0259si hallar\u0131nda, icraatlar\u0131nda olan m\u00fcbahis\u0259l\u0259r\u0259 m\u00fcnasib\u0259td\u0259 h\u0259r bir f\u0259rdi i\u015fin x\u00fcsusi hallar\u0131n\u0131 v\u0259 apar\u0131lm\u0131\u015f ara\u015fd\u0131rman\u0131n h\u0259cmini n\u0259z\u0259r\u0259 almaqla h\u0259min i\u015fl\u0259r\u0259 bax\u0131lmas\u0131n\u0131 davam etdirsinl\u0259r.<\/p>\n","protected":false},"excerpt":{"rendered":"<p>Ali M\u0259hk\u0259m\u0259 Plenumunun 2015-ci il 10 aprel tarixli, 4 n\u00f6mr\u0259li q\u0259rar\u0131na \u0259lav\u0259 v\u0259 d\u0259yi\u015fiklikl\u0259r edilm\u0259si haqq\u0131nda Q\u0259rar q\u0259bul edilib. ARANTV.AZ \u00a0x\u0259b\u0259r verir ki, Ali M\u0259hk\u0259m\u0259 vahid m\u0259hk\u0259m\u0259 t\u0259cr\u00fcb\u0259sinin formala\u015fd\u0131r\u0131lmas\u0131 istiqam\u0259tind\u0259ki f\u0259aliyy\u0259tinin daha s\u0259m\u0259r\u0259li h\u0259yata ke\u00e7irilm\u0259sini t\u0259min etm\u0259k \u00fc\u00e7\u00fcn Plenum q\u0259rarlar\u0131n\u0131n t\u0259kmill\u0259\u015fdirilm\u0259si i\u015fini qar\u015f\u0131da duran daimi v\u0259zif\u0259l\u0259rd\u0259n biri kimi g\u00f6r\u00fcr. C\u0259miyy\u0259tin davaml\u0131 inki\u015faf\u0131 m\u00fcasir \u00e7a\u011f\u0131r\u0131\u015flar, qanunvericilikd\u0259 v\u0259 m\u0259hk\u0259m\u0259 t\u0259cr\u00fcb\u0259sind\u0259 ba\u015f ver\u0259n m\u00fct\u0259madi yenilikl\u0259r d\u0259yi\u015f\u0259n ehtiyaclara adekvat reaksiya verm\u0259yi t\u0259l\u0259b edir. Bu bax\u0131mdan \u201c\u0130nzibati v\u0259 m\u00fclki h\u00fcquq m\u00fcnasib\u0259tl\u0259rind\u0259n ir\u0259li g\u0259l\u0259n m\u00fcbahis\u0259l\u0259rin m\u0259hk\u0259m\u0259 aidiyy\u0259tin\u0259 dair\u201d Ali M\u0259hk\u0259m\u0259 Plenumunun 2015-ci il 10 aprel tarixli,&hellip;<\/p>\n","protected":false},"author":2,"featured_media":763090,"comment_status":"closed","ping_status":"closed","sticky":false,"template":"","format":"standard","meta":{"om_disable_all_campaigns":false,"_monsterinsights_skip_tracking":false,"_monsterinsights_sitenote_active":false,"_monsterinsights_sitenote_note":"","_monsterinsights_sitenote_category":0},"categories":[19],"tags":[],"aioseo_notices":[],"gutentor_comment":0,"rttpg_featured_image_url":{"full":["https:\/\/arantv.az\/wp-content\/uploads\/2024\/10\/a138395d7732dc0507aac69e407ad6cb.jpg",850,500,false],"landscape":["https:\/\/arantv.az\/wp-content\/uploads\/2024\/10\/a138395d7732dc0507aac69e407ad6cb.jpg",850,500,false],"portraits":["https:\/\/arantv.az\/wp-content\/uploads\/2024\/10\/a138395d7732dc0507aac69e407ad6cb.jpg",850,500,false],"thumbnail":["https:\/\/arantv.az\/wp-content\/uploads\/2024\/10\/a138395d7732dc0507aac69e407ad6cb-500x280.jpg",500,280,true],"medium":["https:\/\/arantv.az\/wp-content\/uploads\/2024\/10\/a138395d7732dc0507aac69e407ad6cb-621x365.jpg",621,365,true],"large":["https:\/\/arantv.az\/wp-content\/uploads\/2024\/10\/a138395d7732dc0507aac69e407ad6cb-840x494.jpg",640,376,true],"1536x1536":["https:\/\/arantv.az\/wp-content\/uploads\/2024\/10\/a138395d7732dc0507aac69e407ad6cb.jpg",850,500,false],"2048x2048":["https:\/\/arantv.az\/wp-content\/uploads\/2024\/10\/a138395d7732dc0507aac69e407ad6cb.jpg",850,500,false],"post-thumbnail":["https:\/\/arantv.az\/wp-content\/uploads\/2024\/10\/a138395d7732dc0507aac69e407ad6cb-240x172.jpg",240,172,true],"advps-thumb-one":["https:\/\/arantv.az\/wp-content\/uploads\/2024\/10\/a138395d7732dc0507aac69e407ad6cb.jpg",850,500,false]},"rttpg_author":{"display_name":"V\u00fcsal Rafiqo\u011flu","author_link":"https:\/\/arantv.az\/?author=2"},"rttpg_comment":0,"rttpg_category":"<a href=\"https:\/\/arantv.az\/?cat=19\" rel=\"category\">G\u00fcnd\u0259m<\/a>","rttpg_excerpt":"Ali M\u0259hk\u0259m\u0259 Plenumunun 2015-ci il 10 aprel tarixli, 4 n\u00f6mr\u0259li q\u0259rar\u0131na \u0259lav\u0259 v\u0259 d\u0259yi\u015fiklikl\u0259r edilm\u0259si haqq\u0131nda Q\u0259rar q\u0259bul edilib. ARANTV.AZ \u00a0x\u0259b\u0259r verir ki, Ali M\u0259hk\u0259m\u0259 vahid m\u0259hk\u0259m\u0259 t\u0259cr\u00fcb\u0259sinin formala\u015fd\u0131r\u0131lmas\u0131 istiqam\u0259tind\u0259ki f\u0259aliyy\u0259tinin daha s\u0259m\u0259r\u0259li h\u0259yata ke\u00e7irilm\u0259sini t\u0259min etm\u0259k \u00fc\u00e7\u00fcn Plenum q\u0259rarlar\u0131n\u0131n t\u0259kmill\u0259\u015fdirilm\u0259si i\u015fini qar\u015f\u0131da duran daimi v\u0259zif\u0259l\u0259rd\u0259n biri kimi g\u00f6r\u00fcr. C\u0259miyy\u0259tin davaml\u0131 inki\u015faf\u0131 m\u00fcasir \u00e7a\u011f\u0131r\u0131\u015flar, qanunvericilikd\u0259&hellip;","_links":{"self":[{"href":"https:\/\/arantv.az\/index.php?rest_route=\/wp\/v2\/posts\/763089"}],"collection":[{"href":"https:\/\/arantv.az\/index.php?rest_route=\/wp\/v2\/posts"}],"about":[{"href":"https:\/\/arantv.az\/index.php?rest_route=\/wp\/v2\/types\/post"}],"author":[{"embeddable":true,"href":"https:\/\/arantv.az\/index.php?rest_route=\/wp\/v2\/users\/2"}],"replies":[{"embeddable":true,"href":"https:\/\/arantv.az\/index.php?rest_route=%2Fwp%2Fv2%2Fcomments&post=763089"}],"version-history":[{"count":1,"href":"https:\/\/arantv.az\/index.php?rest_route=\/wp\/v2\/posts\/763089\/revisions"}],"predecessor-version":[{"id":763091,"href":"https:\/\/arantv.az\/index.php?rest_route=\/wp\/v2\/posts\/763089\/revisions\/763091"}],"wp:featuredmedia":[{"embeddable":true,"href":"https:\/\/arantv.az\/index.php?rest_route=\/wp\/v2\/media\/763090"}],"wp:attachment":[{"href":"https:\/\/arantv.az\/index.php?rest_route=%2Fwp%2Fv2%2Fmedia&parent=763089"}],"wp:term":[{"taxonomy":"category","embeddable":true,"href":"https:\/\/arantv.az\/index.php?rest_route=%2Fwp%2Fv2%2Fcategories&post=763089"},{"taxonomy":"post_tag","embeddable":true,"href":"https:\/\/arantv.az\/index.php?rest_route=%2Fwp%2Fv2%2Ftags&post=763089"}],"curies":[{"name":"wp","href":"https:\/\/api.w.org\/{rel}","templated":true}]}}