{"id":763099,"date":"2024-10-21T13:36:27","date_gmt":"2024-10-21T09:36:27","guid":{"rendered":"https:\/\/arantv.az\/?p=763099"},"modified":"2024-10-21T13:36:27","modified_gmt":"2024-10-21T09:36:27","slug":"cop29-da-istirak-etm%c9%99k-ucun-3-min%c9%99-yaxin-jurnalist-qeydiyyatdan-kecib","status":"publish","type":"post","link":"https:\/\/arantv.az\/?p=763099","title":{"rendered":"COP29-da i\u015ftirak etm\u0259k \u00fc\u00e7\u00fcn 3 min\u0259 yax\u0131n jurnalist qeydiyyatdan ke\u00e7ib"},"content":{"rendered":"<p>Bu g\u00fcn\u0259 q\u0259d\u0259r 3 min\u0259 yax\u0131n jurnalist g\u0259l\u0259n ay Bak\u0131da ke\u00e7iril\u0259c\u0259k BMT-nin \u0130qlim D\u0259yi\u015fm\u0259l\u0259ri \u00fczr\u0259 \u00c7\u0259r\u00e7iv\u0259 Konvensiyas\u0131n\u0131n T\u0259r\u0259fl\u0259r Konfrans\u0131n\u0131n 29-cu sessiyas\u0131nda (COP29) i\u015ftirak etm\u0259k \u00fc\u00e7\u00fcn qeydiyyatdan ke\u00e7ib.<\/p>\n<p>&#8220;Report&#8221; x\u0259b\u0259r verir ki, bunu jurnalistl\u0259r\u0259 a\u00e7\u0131qlamas\u0131nda COP29 \u018fm\u0259liyyat \u015eirk\u0259tinin Koordinasiya \u015euras\u0131n\u0131n \u00fczv\u00fc Ayan N\u0259c\u0259f Bak\u0131da ke\u00e7iril\u0259n &#8220;ESG hesabatlar\u0131n\u0131n anla\u015f\u0131lmas\u0131 v\u0259 t\u0259hlili ekoloji, sosial v\u0259 korporativ idar\u0259etm\u0259&#8221; m\u00f6vzusunda seminar \u00e7\u0259r\u00e7iv\u0259sind\u0259 bildirib.<\/p>\n<p>Onun s\u00f6zl\u0259rin\u0259 g\u00f6r\u0259, bunlar aras\u0131nda h\u0259m yerli, h\u0259m d\u0259 xarici media n\u00fcmay\u0259nd\u0259l\u0259ri var.<\/p>\n<p>&#8220;COP29 h\u0259m yerli, h\u0259m d\u0259 beyn\u0259lxalq median\u0131n diqq\u0259t m\u0259rk\u0259zind\u0259dir. Bu g\u00fcn BMT-nin &#8220;mavi zona&#8221; \u00fczr\u0259 akkreditasiyas\u0131 tamamlan\u0131r. COP s\u0259drliyi bir m\u00fcdd\u0259t \u0259vv\u0259l &#8220;ya\u015f\u0131l zona&#8221; \u00fc\u00e7\u00fcn d\u0259 median\u0131n akkreditasiyas\u0131na ba\u015flay\u0131b. Bu da oktyabr\u0131n sonunda tamamlanacaq. &#8220;Ya\u015f\u0131l zona&#8221;ya 150-\u0259 yax\u0131n m\u00fcraci\u0259t var&#8221;, &#8211; dey\u0259 A.N\u0259c\u0259f \u0259lav\u0259 edib.<\/p>\n<p>Bug\u00fcnk\u00fc seminarda \u201cBiznes m\u00fchitind\u0259 paradiqm d\u0259yi\u015fikliyini anlamaq\u201d, \u201cAz\u0259rbaycanda ESG-nin h\u00fcquqi \u00e7\u0259r\u00e7iv\u0259si bu g\u00fcn\u201d, \u201cESG hesabatlar\u0131n\u0131 nec\u0259 oxumaq, anlamaq v\u0259 t\u0259hlil etm\u0259k\u201d v\u0259 \u201cS\u0259naye sektorundan ESG hesabat\u0131n t\u0259hlili\u201d kimi m\u00f6vzularda m\u00fczakir\u0259l\u0259r apar\u0131l\u0131r.<\/p>\n","protected":false},"excerpt":{"rendered":"<p>Bu g\u00fcn\u0259 q\u0259d\u0259r 3 min\u0259 yax\u0131n jurnalist g\u0259l\u0259n ay Bak\u0131da ke\u00e7iril\u0259c\u0259k BMT-nin \u0130qlim D\u0259yi\u015fm\u0259l\u0259ri \u00fczr\u0259 \u00c7\u0259r\u00e7iv\u0259 Konvensiyas\u0131n\u0131n T\u0259r\u0259fl\u0259r Konfrans\u0131n\u0131n 29-cu sessiyas\u0131nda (COP29) i\u015ftirak etm\u0259k \u00fc\u00e7\u00fcn qeydiyyatdan ke\u00e7ib. &#8220;Report&#8221; x\u0259b\u0259r verir ki, bunu jurnalistl\u0259r\u0259 a\u00e7\u0131qlamas\u0131nda COP29 \u018fm\u0259liyyat \u015eirk\u0259tinin Koordinasiya \u015euras\u0131n\u0131n \u00fczv\u00fc Ayan N\u0259c\u0259f Bak\u0131da ke\u00e7iril\u0259n &#8220;ESG hesabatlar\u0131n\u0131n anla\u015f\u0131lmas\u0131 v\u0259 t\u0259hlili ekoloji, sosial v\u0259 korporativ idar\u0259etm\u0259&#8221; m\u00f6vzusunda seminar \u00e7\u0259r\u00e7iv\u0259sind\u0259 bildirib. Onun s\u00f6zl\u0259rin\u0259 g\u00f6r\u0259, bunlar aras\u0131nda h\u0259m yerli, h\u0259m d\u0259 xarici media n\u00fcmay\u0259nd\u0259l\u0259ri var. &#8220;COP29 h\u0259m yerli, h\u0259m d\u0259 beyn\u0259lxalq median\u0131n diqq\u0259t m\u0259rk\u0259zind\u0259dir. Bu g\u00fcn BMT-nin &#8220;mavi zona&#8221; \u00fczr\u0259 akkreditasiyas\u0131 tamamlan\u0131r. COP s\u0259drliyi&hellip;<\/p>\n","protected":false},"author":2,"featured_media":763100,"comment_status":"closed","ping_status":"closed","sticky":false,"template":"","format":"standard","meta":{"om_disable_all_campaigns":false,"_monsterinsights_skip_tracking":false,"_monsterinsights_sitenote_active":false,"_monsterinsights_sitenote_note":"","_monsterinsights_sitenote_category":0},"categories":[1],"tags":[],"aioseo_notices":[],"gutentor_comment":0,"rttpg_featured_image_url":{"full":["https:\/\/arantv.az\/wp-content\/uploads\/2024\/10\/b36a9793edb14848c658ccb5a91a4600.jpg",850,500,false],"landscape":["https:\/\/arantv.az\/wp-content\/uploads\/2024\/10\/b36a9793edb14848c658ccb5a91a4600.jpg",850,500,false],"portraits":["https:\/\/arantv.az\/wp-content\/uploads\/2024\/10\/b36a9793edb14848c658ccb5a91a4600.jpg",850,500,false],"thumbnail":["https:\/\/arantv.az\/wp-content\/uploads\/2024\/10\/b36a9793edb14848c658ccb5a91a4600-500x280.jpg",500,280,true],"medium":["https:\/\/arantv.az\/wp-content\/uploads\/2024\/10\/b36a9793edb14848c658ccb5a91a4600-621x365.jpg",621,365,true],"large":["https:\/\/arantv.az\/wp-content\/uploads\/2024\/10\/b36a9793edb14848c658ccb5a91a4600-840x494.jpg",640,376,true],"1536x1536":["https:\/\/arantv.az\/wp-content\/uploads\/2024\/10\/b36a9793edb14848c658ccb5a91a4600.jpg",850,500,false],"2048x2048":["https:\/\/arantv.az\/wp-content\/uploads\/2024\/10\/b36a9793edb14848c658ccb5a91a4600.jpg",850,500,false],"post-thumbnail":["https:\/\/arantv.az\/wp-content\/uploads\/2024\/10\/b36a9793edb14848c658ccb5a91a4600-240x172.jpg",240,172,true],"advps-thumb-one":["https:\/\/arantv.az\/wp-content\/uploads\/2024\/10\/b36a9793edb14848c658ccb5a91a4600.jpg",850,500,false]},"rttpg_author":{"display_name":"V\u00fcsal Rafiqo\u011flu","author_link":"https:\/\/arantv.az\/?author=2"},"rttpg_comment":0,"rttpg_category":"<a href=\"https:\/\/arantv.az\/?cat=1\" rel=\"category\">C\u0259miyy\u0259t<\/a>","rttpg_excerpt":"Bu g\u00fcn\u0259 q\u0259d\u0259r 3 min\u0259 yax\u0131n jurnalist g\u0259l\u0259n ay Bak\u0131da ke\u00e7iril\u0259c\u0259k BMT-nin \u0130qlim D\u0259yi\u015fm\u0259l\u0259ri \u00fczr\u0259 \u00c7\u0259r\u00e7iv\u0259 Konvensiyas\u0131n\u0131n T\u0259r\u0259fl\u0259r Konfrans\u0131n\u0131n 29-cu sessiyas\u0131nda (COP29) i\u015ftirak etm\u0259k \u00fc\u00e7\u00fcn qeydiyyatdan ke\u00e7ib. &#8220;Report&#8221; x\u0259b\u0259r verir ki, bunu jurnalistl\u0259r\u0259 a\u00e7\u0131qlamas\u0131nda COP29 \u018fm\u0259liyyat \u015eirk\u0259tinin Koordinasiya \u015euras\u0131n\u0131n \u00fczv\u00fc Ayan N\u0259c\u0259f Bak\u0131da ke\u00e7iril\u0259n &#8220;ESG hesabatlar\u0131n\u0131n anla\u015f\u0131lmas\u0131 v\u0259 t\u0259hlili ekoloji, sosial v\u0259 korporativ idar\u0259etm\u0259&#8221; m\u00f6vzusunda&hellip;","_links":{"self":[{"href":"https:\/\/arantv.az\/index.php?rest_route=\/wp\/v2\/posts\/763099"}],"collection":[{"href":"https:\/\/arantv.az\/index.php?rest_route=\/wp\/v2\/posts"}],"about":[{"href":"https:\/\/arantv.az\/index.php?rest_route=\/wp\/v2\/types\/post"}],"author":[{"embeddable":true,"href":"https:\/\/arantv.az\/index.php?rest_route=\/wp\/v2\/users\/2"}],"replies":[{"embeddable":true,"href":"https:\/\/arantv.az\/index.php?rest_route=%2Fwp%2Fv2%2Fcomments&post=763099"}],"version-history":[{"count":2,"href":"https:\/\/arantv.az\/index.php?rest_route=\/wp\/v2\/posts\/763099\/revisions"}],"predecessor-version":[{"id":763102,"href":"https:\/\/arantv.az\/index.php?rest_route=\/wp\/v2\/posts\/763099\/revisions\/763102"}],"wp:featuredmedia":[{"embeddable":true,"href":"https:\/\/arantv.az\/index.php?rest_route=\/wp\/v2\/media\/763100"}],"wp:attachment":[{"href":"https:\/\/arantv.az\/index.php?rest_route=%2Fwp%2Fv2%2Fmedia&parent=763099"}],"wp:term":[{"taxonomy":"category","embeddable":true,"href":"https:\/\/arantv.az\/index.php?rest_route=%2Fwp%2Fv2%2Fcategories&post=763099"},{"taxonomy":"post_tag","embeddable":true,"href":"https:\/\/arantv.az\/index.php?rest_route=%2Fwp%2Fv2%2Ftags&post=763099"}],"curies":[{"name":"wp","href":"https:\/\/api.w.org\/{rel}","templated":true}]}}