{"id":763106,"date":"2024-10-21T13:38:13","date_gmt":"2024-10-21T09:38:13","guid":{"rendered":"https:\/\/arantv.az\/?p=763106"},"modified":"2024-10-21T13:38:13","modified_gmt":"2024-10-21T09:38:13","slug":"ir%c9%99vanin-son-t%c9%99klifi-70-gund%c9%99n-sonra-gond%c9%99rm%c9%99si-ilham-%c9%99liyev","status":"publish","type":"post","link":"https:\/\/arantv.az\/?p=763106","title":{"rendered":"\u0130r\u0259van\u0131n son t\u0259klifi 70 g\u00fcnd\u0259n sonra g\u00f6nd\u0259rm\u0259si&#8230; &#8211; \u0130lham \u018fliyev"},"content":{"rendered":"<p><strong>Prezident \u0130lham \u018fliyev S\u00fclh m\u00fcqavil\u0259sinin v\u0259 onun \u0259sas\u0131n\u0131 t\u0259\u015fkil ed\u0259n be\u015f prinsipin t\u0259\u015f\u0259bb\u00fcskar\u0131n\u0131n m\u0259hz Az\u0259rbaycan oldu\u011funu bildirib.<\/strong><\/p>\n<p><strong>ARANTV.AZ <\/strong>\u00a0x\u0259b\u0259r verir ki, Prezident bu s\u00f6zl\u0259ri AB\u015e Prezidentinin x\u00fcsusi k\u00f6m\u0259k\u00e7isi v\u0259 Milli T\u0259hl\u00fck\u0259sizlik \u015euras\u0131n\u0131n Avropa \u00fczr\u0259 ba\u015f direktoru Maykl Karpenteri q\u0259bul ed\u0259rk\u0259n deyib.<\/p>\n<p>\u0130.\u018fliyev bildirib ki, Az\u0259rbaycan regional s\u00fclh g\u00fcnd\u0259liyini d\u0259st\u0259kl\u0259yir. Prezident \u0130lham \u018fliyev qeyd edib ki, Erm\u0259nistan\u0131n s\u00fclh m\u00fcqavil\u0259sinin m\u0259tni \u00fczr\u0259 son t\u0259klifl\u0259rini 70 g\u00fcnd\u0259n sonra g\u00f6nd\u0259rm\u0259si bu \u00f6lk\u0259nin prosesin ir\u0259li apar\u0131lmas\u0131 niyy\u0259ti il\u0259 ba\u011fl\u0131 m\u00fc\u0259yy\u0259n suallar do\u011furur. Erm\u0259nistan\u0131n konstitusional \u0259sasda Az\u0259rbaycana qar\u015f\u0131 \u0259razi iddialar\u0131n\u0131n s\u00fclh m\u00fcqavil\u0259sinin imzalanmas\u0131 yolunda ba\u015fl\u0131ca mane\u0259 oldu\u011funu bildir\u0259n Prezident \u0130lham \u018fliyev Az\u0259rbaycan\u0131n prosesin ir\u0259li apar\u0131lmas\u0131 \u00fc\u00e7\u00fcn bundan sonra da q\u0259ti add\u0131mlar\u0131n\u0131 davam etdir\u0259c\u0259yini vur\u011fulay\u0131b.<\/p>\n","protected":false},"excerpt":{"rendered":"<p>Prezident \u0130lham \u018fliyev S\u00fclh m\u00fcqavil\u0259sinin v\u0259 onun \u0259sas\u0131n\u0131 t\u0259\u015fkil ed\u0259n be\u015f prinsipin t\u0259\u015f\u0259bb\u00fcskar\u0131n\u0131n m\u0259hz Az\u0259rbaycan oldu\u011funu bildirib. ARANTV.AZ \u00a0x\u0259b\u0259r verir ki, Prezident bu s\u00f6zl\u0259ri AB\u015e Prezidentinin x\u00fcsusi k\u00f6m\u0259k\u00e7isi v\u0259 Milli T\u0259hl\u00fck\u0259sizlik \u015euras\u0131n\u0131n Avropa \u00fczr\u0259 ba\u015f direktoru Maykl Karpenteri q\u0259bul ed\u0259rk\u0259n deyib. \u0130.\u018fliyev bildirib ki, Az\u0259rbaycan regional s\u00fclh g\u00fcnd\u0259liyini d\u0259st\u0259kl\u0259yir. Prezident \u0130lham \u018fliyev qeyd edib ki, Erm\u0259nistan\u0131n s\u00fclh m\u00fcqavil\u0259sinin m\u0259tni \u00fczr\u0259 son t\u0259klifl\u0259rini 70 g\u00fcnd\u0259n sonra g\u00f6nd\u0259rm\u0259si bu \u00f6lk\u0259nin prosesin ir\u0259li apar\u0131lmas\u0131 niyy\u0259ti il\u0259 ba\u011fl\u0131 m\u00fc\u0259yy\u0259n suallar do\u011furur. Erm\u0259nistan\u0131n konstitusional \u0259sasda Az\u0259rbaycana qar\u015f\u0131 \u0259razi iddialar\u0131n\u0131n s\u00fclh m\u00fcqavil\u0259sinin imzalanmas\u0131 yolunda ba\u015fl\u0131ca mane\u0259&hellip;<\/p>\n","protected":false},"author":2,"featured_media":763107,"comment_status":"closed","ping_status":"closed","sticky":false,"template":"","format":"standard","meta":{"om_disable_all_campaigns":false,"_monsterinsights_skip_tracking":false,"_monsterinsights_sitenote_active":false,"_monsterinsights_sitenote_note":"","_monsterinsights_sitenote_category":0},"categories":[4],"tags":[],"aioseo_notices":[],"gutentor_comment":0,"rttpg_featured_image_url":{"full":["https:\/\/arantv.az\/wp-content\/uploads\/2024\/10\/d1d6218cb5871d2873e5db43cf34d8e3.jpg",850,500,false],"landscape":["https:\/\/arantv.az\/wp-content\/uploads\/2024\/10\/d1d6218cb5871d2873e5db43cf34d8e3.jpg",850,500,false],"portraits":["https:\/\/arantv.az\/wp-content\/uploads\/2024\/10\/d1d6218cb5871d2873e5db43cf34d8e3.jpg",850,500,false],"thumbnail":["https:\/\/arantv.az\/wp-content\/uploads\/2024\/10\/d1d6218cb5871d2873e5db43cf34d8e3-500x280.jpg",500,280,true],"medium":["https:\/\/arantv.az\/wp-content\/uploads\/2024\/10\/d1d6218cb5871d2873e5db43cf34d8e3-621x365.jpg",621,365,true],"large":["https:\/\/arantv.az\/wp-content\/uploads\/2024\/10\/d1d6218cb5871d2873e5db43cf34d8e3-840x494.jpg",640,376,true],"1536x1536":["https:\/\/arantv.az\/wp-content\/uploads\/2024\/10\/d1d6218cb5871d2873e5db43cf34d8e3.jpg",850,500,false],"2048x2048":["https:\/\/arantv.az\/wp-content\/uploads\/2024\/10\/d1d6218cb5871d2873e5db43cf34d8e3.jpg",850,500,false],"post-thumbnail":["https:\/\/arantv.az\/wp-content\/uploads\/2024\/10\/d1d6218cb5871d2873e5db43cf34d8e3-240x172.jpg",240,172,true],"advps-thumb-one":["https:\/\/arantv.az\/wp-content\/uploads\/2024\/10\/d1d6218cb5871d2873e5db43cf34d8e3.jpg",850,500,false]},"rttpg_author":{"display_name":"V\u00fcsal Rafiqo\u011flu","author_link":"https:\/\/arantv.az\/?author=2"},"rttpg_comment":0,"rttpg_category":"<a href=\"https:\/\/arantv.az\/?cat=4\" rel=\"category\">Siyas\u0259t<\/a>","rttpg_excerpt":"Prezident \u0130lham \u018fliyev S\u00fclh m\u00fcqavil\u0259sinin v\u0259 onun \u0259sas\u0131n\u0131 t\u0259\u015fkil ed\u0259n be\u015f prinsipin t\u0259\u015f\u0259bb\u00fcskar\u0131n\u0131n m\u0259hz Az\u0259rbaycan oldu\u011funu bildirib. ARANTV.AZ \u00a0x\u0259b\u0259r verir ki, Prezident bu s\u00f6zl\u0259ri AB\u015e Prezidentinin x\u00fcsusi k\u00f6m\u0259k\u00e7isi v\u0259 Milli T\u0259hl\u00fck\u0259sizlik \u015euras\u0131n\u0131n Avropa \u00fczr\u0259 ba\u015f direktoru Maykl Karpenteri q\u0259bul ed\u0259rk\u0259n deyib. \u0130.\u018fliyev bildirib ki, Az\u0259rbaycan regional s\u00fclh g\u00fcnd\u0259liyini d\u0259st\u0259kl\u0259yir. Prezident \u0130lham \u018fliyev qeyd edib ki,&hellip;","_links":{"self":[{"href":"https:\/\/arantv.az\/index.php?rest_route=\/wp\/v2\/posts\/763106"}],"collection":[{"href":"https:\/\/arantv.az\/index.php?rest_route=\/wp\/v2\/posts"}],"about":[{"href":"https:\/\/arantv.az\/index.php?rest_route=\/wp\/v2\/types\/post"}],"author":[{"embeddable":true,"href":"https:\/\/arantv.az\/index.php?rest_route=\/wp\/v2\/users\/2"}],"replies":[{"embeddable":true,"href":"https:\/\/arantv.az\/index.php?rest_route=%2Fwp%2Fv2%2Fcomments&post=763106"}],"version-history":[{"count":1,"href":"https:\/\/arantv.az\/index.php?rest_route=\/wp\/v2\/posts\/763106\/revisions"}],"predecessor-version":[{"id":763108,"href":"https:\/\/arantv.az\/index.php?rest_route=\/wp\/v2\/posts\/763106\/revisions\/763108"}],"wp:featuredmedia":[{"embeddable":true,"href":"https:\/\/arantv.az\/index.php?rest_route=\/wp\/v2\/media\/763107"}],"wp:attachment":[{"href":"https:\/\/arantv.az\/index.php?rest_route=%2Fwp%2Fv2%2Fmedia&parent=763106"}],"wp:term":[{"taxonomy":"category","embeddable":true,"href":"https:\/\/arantv.az\/index.php?rest_route=%2Fwp%2Fv2%2Fcategories&post=763106"},{"taxonomy":"post_tag","embeddable":true,"href":"https:\/\/arantv.az\/index.php?rest_route=%2Fwp%2Fv2%2Ftags&post=763106"}],"curies":[{"name":"wp","href":"https:\/\/api.w.org\/{rel}","templated":true}]}}