{"id":763112,"date":"2024-10-21T13:40:33","date_gmt":"2024-10-21T09:40:33","guid":{"rendered":"https:\/\/arantv.az\/?p=763112"},"modified":"2024-10-21T13:40:33","modified_gmt":"2024-10-21T09:40:33","slug":"abs-prezidentinin-kom%c9%99kcisi-az%c9%99rbaycanla-erm%c9%99nistan-arasinda-sulh-muqavil%c9%99sinin-imzalanmasi-ucun-tarixi-imkan-var","status":"publish","type":"post","link":"https:\/\/arantv.az\/?p=763112","title":{"rendered":"AB\u015e Prezidentinin k\u00f6m\u0259k\u00e7isi: Az\u0259rbaycanla Erm\u0259nistan aras\u0131nda s\u00fclh m\u00fcqavil\u0259sinin imzalanmas\u0131 \u00fc\u00e7\u00fcn tarixi imkan var"},"content":{"rendered":"<p><strong>AB\u015e Prezidentinin x\u00fcsusi k\u00f6m\u0259k\u00e7isi v\u0259 Milli T\u0259hl\u00fck\u0259sizlik \u015euras\u0131n\u0131n Avropa \u00fczr\u0259 ba\u015f direktoru Maykl Karpenter Az\u0259rbaycanla Erm\u0259nistan aras\u0131nda s\u00fclh m\u00fcqavil\u0259sinin imzalanmas\u0131 \u00fc\u00e7\u00fcn haz\u0131rk\u0131 \u015f\u0259raitd\u0259 tarixi imkanlar\u0131n oldu\u011funu bildirib.<\/strong><\/p>\n<p><strong>Musavat.com<\/strong>-un\u00a0m\u0259lumat\u0131na g\u00f6r\u0259, Bak\u0131da Az\u0259rbaycan Prezidenti \u0130lham \u018fliyevl\u0259 g\u00f6r\u00fc\u015f\u00fcnd\u0259 M.Karpenter AB\u015e-nin Erm\u0259nistanla Az\u0259rbaycan aras\u0131nda s\u00fclh m\u00fcqavil\u0259sinin tezlikl\u0259 imzalanmas\u0131n\u0131 d\u0259st\u0259kl\u0259diyini vur\u011fulay\u0131b.<\/p>\n<p>S\u00fclh m\u00fcqavil\u0259sinin imzalanmas\u0131 il\u0259 regional \u0259m\u0259kda\u015fl\u0131q \u00fc\u00e7\u00fcn geni\u015f imkanlar\u0131n yaranaca\u011f\u0131n\u0131 vur\u011fulayan qonaq bildirib ki, AB\u015e-nin bu prosesin ir\u0259li apar\u0131lmas\u0131nda q\u0259ti d\u0259st\u0259yi var.<\/p>\n","protected":false},"excerpt":{"rendered":"<p>AB\u015e Prezidentinin x\u00fcsusi k\u00f6m\u0259k\u00e7isi v\u0259 Milli T\u0259hl\u00fck\u0259sizlik \u015euras\u0131n\u0131n Avropa \u00fczr\u0259 ba\u015f direktoru Maykl Karpenter Az\u0259rbaycanla Erm\u0259nistan aras\u0131nda s\u00fclh m\u00fcqavil\u0259sinin imzalanmas\u0131 \u00fc\u00e7\u00fcn haz\u0131rk\u0131 \u015f\u0259raitd\u0259 tarixi imkanlar\u0131n oldu\u011funu bildirib. Musavat.com-un\u00a0m\u0259lumat\u0131na g\u00f6r\u0259, Bak\u0131da Az\u0259rbaycan Prezidenti \u0130lham \u018fliyevl\u0259 g\u00f6r\u00fc\u015f\u00fcnd\u0259 M.Karpenter AB\u015e-nin Erm\u0259nistanla Az\u0259rbaycan aras\u0131nda s\u00fclh m\u00fcqavil\u0259sinin tezlikl\u0259 imzalanmas\u0131n\u0131 d\u0259st\u0259kl\u0259diyini vur\u011fulay\u0131b. S\u00fclh m\u00fcqavil\u0259sinin imzalanmas\u0131 il\u0259 regional \u0259m\u0259kda\u015fl\u0131q \u00fc\u00e7\u00fcn geni\u015f imkanlar\u0131n yaranaca\u011f\u0131n\u0131 vur\u011fulayan qonaq bildirib ki, AB\u015e-nin bu prosesin ir\u0259li apar\u0131lmas\u0131nda q\u0259ti d\u0259st\u0259yi var.<\/p>\n","protected":false},"author":2,"featured_media":763113,"comment_status":"closed","ping_status":"closed","sticky":false,"template":"","format":"standard","meta":{"om_disable_all_campaigns":false,"_monsterinsights_skip_tracking":false,"_monsterinsights_sitenote_active":false,"_monsterinsights_sitenote_note":"","_monsterinsights_sitenote_category":0},"categories":[4],"tags":[],"aioseo_notices":[],"gutentor_comment":0,"rttpg_featured_image_url":{"full":["https:\/\/arantv.az\/wp-content\/uploads\/2024\/10\/34bdee070cd01930cbe4661f54afd42a.jpg",850,500,false],"landscape":["https:\/\/arantv.az\/wp-content\/uploads\/2024\/10\/34bdee070cd01930cbe4661f54afd42a.jpg",850,500,false],"portraits":["https:\/\/arantv.az\/wp-content\/uploads\/2024\/10\/34bdee070cd01930cbe4661f54afd42a.jpg",850,500,false],"thumbnail":["https:\/\/arantv.az\/wp-content\/uploads\/2024\/10\/34bdee070cd01930cbe4661f54afd42a-500x280.jpg",500,280,true],"medium":["https:\/\/arantv.az\/wp-content\/uploads\/2024\/10\/34bdee070cd01930cbe4661f54afd42a-621x365.jpg",621,365,true],"large":["https:\/\/arantv.az\/wp-content\/uploads\/2024\/10\/34bdee070cd01930cbe4661f54afd42a-840x494.jpg",640,376,true],"1536x1536":["https:\/\/arantv.az\/wp-content\/uploads\/2024\/10\/34bdee070cd01930cbe4661f54afd42a.jpg",850,500,false],"2048x2048":["https:\/\/arantv.az\/wp-content\/uploads\/2024\/10\/34bdee070cd01930cbe4661f54afd42a.jpg",850,500,false],"post-thumbnail":["https:\/\/arantv.az\/wp-content\/uploads\/2024\/10\/34bdee070cd01930cbe4661f54afd42a-240x172.jpg",240,172,true],"advps-thumb-one":["https:\/\/arantv.az\/wp-content\/uploads\/2024\/10\/34bdee070cd01930cbe4661f54afd42a.jpg",850,500,false]},"rttpg_author":{"display_name":"V\u00fcsal Rafiqo\u011flu","author_link":"https:\/\/arantv.az\/?author=2"},"rttpg_comment":0,"rttpg_category":"<a href=\"https:\/\/arantv.az\/?cat=4\" rel=\"category\">Siyas\u0259t<\/a>","rttpg_excerpt":"AB\u015e Prezidentinin x\u00fcsusi k\u00f6m\u0259k\u00e7isi v\u0259 Milli T\u0259hl\u00fck\u0259sizlik \u015euras\u0131n\u0131n Avropa \u00fczr\u0259 ba\u015f direktoru Maykl Karpenter Az\u0259rbaycanla Erm\u0259nistan aras\u0131nda s\u00fclh m\u00fcqavil\u0259sinin imzalanmas\u0131 \u00fc\u00e7\u00fcn haz\u0131rk\u0131 \u015f\u0259raitd\u0259 tarixi imkanlar\u0131n oldu\u011funu bildirib. Musavat.com-un\u00a0m\u0259lumat\u0131na g\u00f6r\u0259, Bak\u0131da Az\u0259rbaycan Prezidenti \u0130lham \u018fliyevl\u0259 g\u00f6r\u00fc\u015f\u00fcnd\u0259 M.Karpenter AB\u015e-nin Erm\u0259nistanla Az\u0259rbaycan aras\u0131nda s\u00fclh m\u00fcqavil\u0259sinin tezlikl\u0259 imzalanmas\u0131n\u0131 d\u0259st\u0259kl\u0259diyini vur\u011fulay\u0131b. S\u00fclh m\u00fcqavil\u0259sinin imzalanmas\u0131 il\u0259 regional \u0259m\u0259kda\u015fl\u0131q \u00fc\u00e7\u00fcn geni\u015f imkanlar\u0131n&hellip;","_links":{"self":[{"href":"https:\/\/arantv.az\/index.php?rest_route=\/wp\/v2\/posts\/763112"}],"collection":[{"href":"https:\/\/arantv.az\/index.php?rest_route=\/wp\/v2\/posts"}],"about":[{"href":"https:\/\/arantv.az\/index.php?rest_route=\/wp\/v2\/types\/post"}],"author":[{"embeddable":true,"href":"https:\/\/arantv.az\/index.php?rest_route=\/wp\/v2\/users\/2"}],"replies":[{"embeddable":true,"href":"https:\/\/arantv.az\/index.php?rest_route=%2Fwp%2Fv2%2Fcomments&post=763112"}],"version-history":[{"count":1,"href":"https:\/\/arantv.az\/index.php?rest_route=\/wp\/v2\/posts\/763112\/revisions"}],"predecessor-version":[{"id":763115,"href":"https:\/\/arantv.az\/index.php?rest_route=\/wp\/v2\/posts\/763112\/revisions\/763115"}],"wp:featuredmedia":[{"embeddable":true,"href":"https:\/\/arantv.az\/index.php?rest_route=\/wp\/v2\/media\/763113"}],"wp:attachment":[{"href":"https:\/\/arantv.az\/index.php?rest_route=%2Fwp%2Fv2%2Fmedia&parent=763112"}],"wp:term":[{"taxonomy":"category","embeddable":true,"href":"https:\/\/arantv.az\/index.php?rest_route=%2Fwp%2Fv2%2Fcategories&post=763112"},{"taxonomy":"post_tag","embeddable":true,"href":"https:\/\/arantv.az\/index.php?rest_route=%2Fwp%2Fv2%2Ftags&post=763112"}],"curies":[{"name":"wp","href":"https:\/\/api.w.org\/{rel}","templated":true}]}}