{"id":763116,"date":"2024-10-21T13:41:59","date_gmt":"2024-10-21T09:41:59","guid":{"rendered":"https:\/\/arantv.az\/?p=763116"},"modified":"2024-10-21T13:41:59","modified_gmt":"2024-10-21T09:41:59","slug":"f%c9%99tullah-gul%c9%99nin-olumund%c9%99n-sonraki-videosu-gund%c9%99m-oldu-video","status":"publish","type":"post","link":"https:\/\/arantv.az\/?p=763116","title":{"rendered":"F\u0259tullah G\u00fcl\u0259nin \u00f6l\u00fcm\u00fcnd\u0259n sonrak\u0131 videosu g\u00fcnd\u0259m oldu &#8211; V\u0130DEO"},"content":{"rendered":"<p><strong>F\u0259tullah G\u00fcl\u0259nin \u00f6l\u00fcm x\u0259b\u0259rind\u0259n sonra yay\u0131lan video g\u00fcnd\u0259m olub.<\/strong><\/p>\n<p>AZXEBER.COM xarici m\u0259tbuata istinad\u0259n x\u0259b\u0259r verir ki, terror t\u0259\u015fkilat\u0131n\u0131n lideri F\u0259tullah G\u00fcl\u0259nin bir ay \u0259vv\u0259l \u00e7\u0259kil\u0259n videosu yenid\u0259n g\u00fcnd\u0259m\u0259 g\u0259lib.<\/p>\n<p>Avtomobild\u0259 \u00e7\u0259kil\u0259n videoda G\u00fcl\u0259nin qara k\u00f6yn\u0259kd\u0259 oldu\u011fu g\u00f6r\u00fcl\u00fcr. B\u00f6yr\u0259k x\u0259st\u0259liyi il\u0259 &#8220;demens&#8221; x\u0259st\u0259liyind\u0259n \u0259ziy\u0259t \u00e7\u0259k\u0259n G\u00fcl\u0259nin g\u00f6zl\u0259rinin \u015fi\u015fdiyi g\u00f6r\u00fcld\u00fc.<\/p>\n<p>G\u00fcl\u0259nin bax\u0131\u015flar\u0131ndak\u0131 s\u00f6n\u00fckl\u00fckd\u0259n onun &#8220;demens&#8221;iyas\u0131n\u0131n ir\u0259lil\u0259diyi anla\u015f\u0131l\u0131r.<\/p>\n<p><iframe loading=\"lazy\" id=\"instagram-embed-0\" class=\"instagram-media instagram-media-rendered\" src=\"https:\/\/www.instagram.com\/reel\/DBYMT0UIsDD\/embed\/captioned\/?cr=1&amp;v=14&amp;wp=540&amp;rd=https%3A%2F%2Fazxeber.com&amp;rp=%2Faz%2Ffetullah-gulenin-lumunden-sonraki-videosu-gundem-oldu-video%2Fmaraqli%2F#%7B%22ci%22%3A0%2C%22os%22%3A2550.199999988079%2C%22ls%22%3A1907.0999999940395%2C%22le%22%3A2544.0999999940395%7D\" width=\"300\" height=\"1113\" frameborder=\"0\" scrolling=\"no\" allowfullscreen=\"allowfullscreen\" data-instgrm-payload-id=\"instagram-media-payload-0\" data-mce-fragment=\"1\"><\/iframe><\/p>\n","protected":false},"excerpt":{"rendered":"<p>F\u0259tullah G\u00fcl\u0259nin \u00f6l\u00fcm x\u0259b\u0259rind\u0259n sonra yay\u0131lan video g\u00fcnd\u0259m olub. AZXEBER.COM xarici m\u0259tbuata istinad\u0259n x\u0259b\u0259r verir ki, terror t\u0259\u015fkilat\u0131n\u0131n lideri F\u0259tullah G\u00fcl\u0259nin bir ay \u0259vv\u0259l \u00e7\u0259kil\u0259n videosu yenid\u0259n g\u00fcnd\u0259m\u0259 g\u0259lib. Avtomobild\u0259 \u00e7\u0259kil\u0259n videoda G\u00fcl\u0259nin qara k\u00f6yn\u0259kd\u0259 oldu\u011fu g\u00f6r\u00fcl\u00fcr. B\u00f6yr\u0259k x\u0259st\u0259liyi il\u0259 &#8220;demens&#8221; x\u0259st\u0259liyind\u0259n \u0259ziy\u0259t \u00e7\u0259k\u0259n G\u00fcl\u0259nin g\u00f6zl\u0259rinin \u015fi\u015fdiyi g\u00f6r\u00fcld\u00fc. G\u00fcl\u0259nin bax\u0131\u015flar\u0131ndak\u0131 s\u00f6n\u00fckl\u00fckd\u0259n onun &#8220;demens&#8221;iyas\u0131n\u0131n ir\u0259lil\u0259diyi anla\u015f\u0131l\u0131r.<\/p>\n","protected":false},"author":2,"featured_media":763117,"comment_status":"closed","ping_status":"closed","sticky":false,"template":"","format":"standard","meta":{"om_disable_all_campaigns":false,"_monsterinsights_skip_tracking":false,"_monsterinsights_sitenote_active":false,"_monsterinsights_sitenote_note":"","_monsterinsights_sitenote_category":0},"categories":[19],"tags":[],"aioseo_notices":[],"gutentor_comment":0,"rttpg_featured_image_url":{"full":["https:\/\/arantv.az\/wp-content\/uploads\/2024\/10\/8c7c79ba8cd909cd540911a21797026a.png",870,492,false],"landscape":["https:\/\/arantv.az\/wp-content\/uploads\/2024\/10\/8c7c79ba8cd909cd540911a21797026a.png",870,492,false],"portraits":["https:\/\/arantv.az\/wp-content\/uploads\/2024\/10\/8c7c79ba8cd909cd540911a21797026a.png",870,492,false],"thumbnail":["https:\/\/arantv.az\/wp-content\/uploads\/2024\/10\/8c7c79ba8cd909cd540911a21797026a-500x280.png",500,280,true],"medium":["https:\/\/arantv.az\/wp-content\/uploads\/2024\/10\/8c7c79ba8cd909cd540911a21797026a-645x365.png",645,365,true],"large":["https:\/\/arantv.az\/wp-content\/uploads\/2024\/10\/8c7c79ba8cd909cd540911a21797026a-840x475.png",640,362,true],"1536x1536":["https:\/\/arantv.az\/wp-content\/uploads\/2024\/10\/8c7c79ba8cd909cd540911a21797026a.png",870,492,false],"2048x2048":["https:\/\/arantv.az\/wp-content\/uploads\/2024\/10\/8c7c79ba8cd909cd540911a21797026a.png",870,492,false],"post-thumbnail":["https:\/\/arantv.az\/wp-content\/uploads\/2024\/10\/8c7c79ba8cd909cd540911a21797026a-240x172.png",240,172,true],"advps-thumb-one":["https:\/\/arantv.az\/wp-content\/uploads\/2024\/10\/8c7c79ba8cd909cd540911a21797026a.png",870,492,false]},"rttpg_author":{"display_name":"V\u00fcsal Rafiqo\u011flu","author_link":"https:\/\/arantv.az\/?author=2"},"rttpg_comment":0,"rttpg_category":"<a href=\"https:\/\/arantv.az\/?cat=19\" rel=\"category\">G\u00fcnd\u0259m<\/a>","rttpg_excerpt":"F\u0259tullah G\u00fcl\u0259nin \u00f6l\u00fcm x\u0259b\u0259rind\u0259n sonra yay\u0131lan video g\u00fcnd\u0259m olub. AZXEBER.COM xarici m\u0259tbuata istinad\u0259n x\u0259b\u0259r verir ki, terror t\u0259\u015fkilat\u0131n\u0131n lideri F\u0259tullah G\u00fcl\u0259nin bir ay \u0259vv\u0259l \u00e7\u0259kil\u0259n videosu yenid\u0259n g\u00fcnd\u0259m\u0259 g\u0259lib. Avtomobild\u0259 \u00e7\u0259kil\u0259n videoda G\u00fcl\u0259nin qara k\u00f6yn\u0259kd\u0259 oldu\u011fu g\u00f6r\u00fcl\u00fcr. B\u00f6yr\u0259k x\u0259st\u0259liyi il\u0259 &#8220;demens&#8221; x\u0259st\u0259liyind\u0259n \u0259ziy\u0259t \u00e7\u0259k\u0259n G\u00fcl\u0259nin g\u00f6zl\u0259rinin \u015fi\u015fdiyi g\u00f6r\u00fcld\u00fc. G\u00fcl\u0259nin bax\u0131\u015flar\u0131ndak\u0131 s\u00f6n\u00fckl\u00fckd\u0259n onun &#8220;demens&#8221;iyas\u0131n\u0131n ir\u0259lil\u0259diyi anla\u015f\u0131l\u0131r.","_links":{"self":[{"href":"https:\/\/arantv.az\/index.php?rest_route=\/wp\/v2\/posts\/763116"}],"collection":[{"href":"https:\/\/arantv.az\/index.php?rest_route=\/wp\/v2\/posts"}],"about":[{"href":"https:\/\/arantv.az\/index.php?rest_route=\/wp\/v2\/types\/post"}],"author":[{"embeddable":true,"href":"https:\/\/arantv.az\/index.php?rest_route=\/wp\/v2\/users\/2"}],"replies":[{"embeddable":true,"href":"https:\/\/arantv.az\/index.php?rest_route=%2Fwp%2Fv2%2Fcomments&post=763116"}],"version-history":[{"count":2,"href":"https:\/\/arantv.az\/index.php?rest_route=\/wp\/v2\/posts\/763116\/revisions"}],"predecessor-version":[{"id":763119,"href":"https:\/\/arantv.az\/index.php?rest_route=\/wp\/v2\/posts\/763116\/revisions\/763119"}],"wp:featuredmedia":[{"embeddable":true,"href":"https:\/\/arantv.az\/index.php?rest_route=\/wp\/v2\/media\/763117"}],"wp:attachment":[{"href":"https:\/\/arantv.az\/index.php?rest_route=%2Fwp%2Fv2%2Fmedia&parent=763116"}],"wp:term":[{"taxonomy":"category","embeddable":true,"href":"https:\/\/arantv.az\/index.php?rest_route=%2Fwp%2Fv2%2Fcategories&post=763116"},{"taxonomy":"post_tag","embeddable":true,"href":"https:\/\/arantv.az\/index.php?rest_route=%2Fwp%2Fv2%2Ftags&post=763116"}],"curies":[{"name":"wp","href":"https:\/\/api.w.org\/{rel}","templated":true}]}}