{"id":763121,"date":"2024-10-21T13:42:43","date_gmt":"2024-10-21T09:42:43","guid":{"rendered":"https:\/\/arantv.az\/?p=763121"},"modified":"2024-10-21T13:42:43","modified_gmt":"2024-10-21T09:42:43","slug":"ilham-%c9%99liyev-az%c9%99rbaycan-sulh-prosesinin-ir%c9%99li-aparilmasi-ucun-q%c9%99ti-addimlarini-davam-etdir%c9%99c%c9%99k","status":"publish","type":"post","link":"https:\/\/arantv.az\/?p=763121","title":{"rendered":"\u0130lham \u018fliyev: Az\u0259rbaycan s\u00fclh prosesinin ir\u0259li apar\u0131lmas\u0131 \u00fc\u00e7\u00fcn q\u0259ti add\u0131mlar\u0131n\u0131 davam etdir\u0259c\u0259k"},"content":{"rendered":"<div class=\"text-content\" data-id=\"\" data-url=\"\">\n<p><strong>Prezident \u0130lham \u018fliyev Az\u0259rbaycan\u0131n Erm\u0259nistanla s\u00fclh prosesinin ir\u0259li apar\u0131lmas\u0131 \u00fc\u00e7\u00fcn bundan sonra da q\u0259ti add\u0131mlar\u0131n\u0131 davam etdir\u0259c\u0259yini b\u0259yan edib.<\/strong><\/p>\n<p><strong>Musavat.com<\/strong>-un\u00a0m\u0259lumat\u0131na g\u00f6r\u0259, AB\u015e Prezidentinin x\u00fcsusi k\u00f6m\u0259k\u00e7isi v\u0259 Milli T\u0259hl\u00fck\u0259sizlik \u015euras\u0131n\u0131n Avropa \u00fczr\u0259 ba\u015f direktoru Maykl Karpenteri q\u0259bul ed\u0259n d\u00f6vl\u0259t ba\u015f\u00e7\u0131s\u0131 xat\u0131rlad\u0131b ki, s\u00fclh m\u00fcqavil\u0259sinin v\u0259 onun \u0259sas\u0131n\u0131 t\u0259\u015fkil ed\u0259n be\u015f prinsipin t\u0259\u015f\u0259bb\u00fcskar\u0131 m\u0259hz Az\u0259rbaycan olub:<\/p>\n<p>\u201cAz\u0259rbaycan regional s\u00fclh g\u00fcnd\u0259liyini d\u0259st\u0259kl\u0259yir. Erm\u0259nistan\u0131n s\u00fclh m\u00fcqavil\u0259sinin m\u0259tni \u00fczr\u0259 son t\u0259klifl\u0259rini 70 g\u00fcnd\u0259n sonra g\u00f6nd\u0259rm\u0259si bu \u00f6lk\u0259nin prosesin ir\u0259li apar\u0131lmas\u0131 niyy\u0259ti il\u0259 ba\u011fl\u0131 m\u00fc\u0259yy\u0259n suallar do\u011furur. Erm\u0259nistan\u0131n konstitusional \u0259sasda Az\u0259rbaycana qar\u015f\u0131 \u0259razi iddialar\u0131n\u0131n s\u00fclh m\u00fcqavil\u0259sinin imzalanmas\u0131 yolunda ba\u015fl\u0131ca mane\u0259dir. Az\u0259rbaycan prosesin ir\u0259li apar\u0131lmas\u0131 \u00fc\u00e7\u00fcn bundan sonra da q\u0259ti add\u0131mlar\u0131n\u0131 davam etdir\u0259c\u0259k\u201d.<\/p>\n<\/div>\n<div><\/div>\n<div><\/div>\n<div class=\"inner-social-box\">\n<div class=\"subs-in-social subs-whatsapp\"><\/div>\n<\/div>\n","protected":false},"excerpt":{"rendered":"<p>Prezident \u0130lham \u018fliyev Az\u0259rbaycan\u0131n Erm\u0259nistanla s\u00fclh prosesinin ir\u0259li apar\u0131lmas\u0131 \u00fc\u00e7\u00fcn bundan sonra da q\u0259ti add\u0131mlar\u0131n\u0131 davam etdir\u0259c\u0259yini b\u0259yan edib. Musavat.com-un\u00a0m\u0259lumat\u0131na g\u00f6r\u0259, AB\u015e Prezidentinin x\u00fcsusi k\u00f6m\u0259k\u00e7isi v\u0259 Milli T\u0259hl\u00fck\u0259sizlik \u015euras\u0131n\u0131n Avropa \u00fczr\u0259 ba\u015f direktoru Maykl Karpenteri q\u0259bul ed\u0259n d\u00f6vl\u0259t ba\u015f\u00e7\u0131s\u0131 xat\u0131rlad\u0131b ki, s\u00fclh m\u00fcqavil\u0259sinin v\u0259 onun \u0259sas\u0131n\u0131 t\u0259\u015fkil ed\u0259n be\u015f prinsipin t\u0259\u015f\u0259bb\u00fcskar\u0131 m\u0259hz Az\u0259rbaycan olub: \u201cAz\u0259rbaycan regional s\u00fclh g\u00fcnd\u0259liyini d\u0259st\u0259kl\u0259yir. Erm\u0259nistan\u0131n s\u00fclh m\u00fcqavil\u0259sinin m\u0259tni \u00fczr\u0259 son t\u0259klifl\u0259rini 70 g\u00fcnd\u0259n sonra g\u00f6nd\u0259rm\u0259si bu \u00f6lk\u0259nin prosesin ir\u0259li apar\u0131lmas\u0131 niyy\u0259ti il\u0259 ba\u011fl\u0131 m\u00fc\u0259yy\u0259n suallar do\u011furur. Erm\u0259nistan\u0131n konstitusional \u0259sasda Az\u0259rbaycana qar\u015f\u0131 \u0259razi iddialar\u0131n\u0131n s\u00fclh m\u00fcqavil\u0259sinin&hellip;<\/p>\n","protected":false},"author":2,"featured_media":763122,"comment_status":"closed","ping_status":"closed","sticky":false,"template":"","format":"standard","meta":{"om_disable_all_campaigns":false,"_monsterinsights_skip_tracking":false,"_monsterinsights_sitenote_active":false,"_monsterinsights_sitenote_note":"","_monsterinsights_sitenote_category":0},"categories":[4],"tags":[],"aioseo_notices":[],"gutentor_comment":0,"rttpg_featured_image_url":{"full":["https:\/\/arantv.az\/wp-content\/uploads\/2024\/10\/9831110272d401c08d49e75c5e80f47d.jpg",850,500,false],"landscape":["https:\/\/arantv.az\/wp-content\/uploads\/2024\/10\/9831110272d401c08d49e75c5e80f47d.jpg",850,500,false],"portraits":["https:\/\/arantv.az\/wp-content\/uploads\/2024\/10\/9831110272d401c08d49e75c5e80f47d.jpg",850,500,false],"thumbnail":["https:\/\/arantv.az\/wp-content\/uploads\/2024\/10\/9831110272d401c08d49e75c5e80f47d-500x280.jpg",500,280,true],"medium":["https:\/\/arantv.az\/wp-content\/uploads\/2024\/10\/9831110272d401c08d49e75c5e80f47d-621x365.jpg",621,365,true],"large":["https:\/\/arantv.az\/wp-content\/uploads\/2024\/10\/9831110272d401c08d49e75c5e80f47d-840x494.jpg",640,376,true],"1536x1536":["https:\/\/arantv.az\/wp-content\/uploads\/2024\/10\/9831110272d401c08d49e75c5e80f47d.jpg",850,500,false],"2048x2048":["https:\/\/arantv.az\/wp-content\/uploads\/2024\/10\/9831110272d401c08d49e75c5e80f47d.jpg",850,500,false],"post-thumbnail":["https:\/\/arantv.az\/wp-content\/uploads\/2024\/10\/9831110272d401c08d49e75c5e80f47d-240x172.jpg",240,172,true],"advps-thumb-one":["https:\/\/arantv.az\/wp-content\/uploads\/2024\/10\/9831110272d401c08d49e75c5e80f47d.jpg",850,500,false]},"rttpg_author":{"display_name":"V\u00fcsal Rafiqo\u011flu","author_link":"https:\/\/arantv.az\/?author=2"},"rttpg_comment":0,"rttpg_category":"<a href=\"https:\/\/arantv.az\/?cat=4\" rel=\"category\">Siyas\u0259t<\/a>","rttpg_excerpt":"Prezident \u0130lham \u018fliyev Az\u0259rbaycan\u0131n Erm\u0259nistanla s\u00fclh prosesinin ir\u0259li apar\u0131lmas\u0131 \u00fc\u00e7\u00fcn bundan sonra da q\u0259ti add\u0131mlar\u0131n\u0131 davam etdir\u0259c\u0259yini b\u0259yan edib. Musavat.com-un\u00a0m\u0259lumat\u0131na g\u00f6r\u0259, AB\u015e Prezidentinin x\u00fcsusi k\u00f6m\u0259k\u00e7isi v\u0259 Milli T\u0259hl\u00fck\u0259sizlik \u015euras\u0131n\u0131n Avropa \u00fczr\u0259 ba\u015f direktoru Maykl Karpenteri q\u0259bul ed\u0259n d\u00f6vl\u0259t ba\u015f\u00e7\u0131s\u0131 xat\u0131rlad\u0131b ki, s\u00fclh m\u00fcqavil\u0259sinin v\u0259 onun \u0259sas\u0131n\u0131 t\u0259\u015fkil ed\u0259n be\u015f prinsipin t\u0259\u015f\u0259bb\u00fcskar\u0131 m\u0259hz Az\u0259rbaycan olub: \u201cAz\u0259rbaycan&hellip;","_links":{"self":[{"href":"https:\/\/arantv.az\/index.php?rest_route=\/wp\/v2\/posts\/763121"}],"collection":[{"href":"https:\/\/arantv.az\/index.php?rest_route=\/wp\/v2\/posts"}],"about":[{"href":"https:\/\/arantv.az\/index.php?rest_route=\/wp\/v2\/types\/post"}],"author":[{"embeddable":true,"href":"https:\/\/arantv.az\/index.php?rest_route=\/wp\/v2\/users\/2"}],"replies":[{"embeddable":true,"href":"https:\/\/arantv.az\/index.php?rest_route=%2Fwp%2Fv2%2Fcomments&post=763121"}],"version-history":[{"count":1,"href":"https:\/\/arantv.az\/index.php?rest_route=\/wp\/v2\/posts\/763121\/revisions"}],"predecessor-version":[{"id":763123,"href":"https:\/\/arantv.az\/index.php?rest_route=\/wp\/v2\/posts\/763121\/revisions\/763123"}],"wp:featuredmedia":[{"embeddable":true,"href":"https:\/\/arantv.az\/index.php?rest_route=\/wp\/v2\/media\/763122"}],"wp:attachment":[{"href":"https:\/\/arantv.az\/index.php?rest_route=%2Fwp%2Fv2%2Fmedia&parent=763121"}],"wp:term":[{"taxonomy":"category","embeddable":true,"href":"https:\/\/arantv.az\/index.php?rest_route=%2Fwp%2Fv2%2Fcategories&post=763121"},{"taxonomy":"post_tag","embeddable":true,"href":"https:\/\/arantv.az\/index.php?rest_route=%2Fwp%2Fv2%2Ftags&post=763121"}],"curies":[{"name":"wp","href":"https:\/\/api.w.org\/{rel}","templated":true}]}}