{"id":763124,"date":"2024-10-21T13:43:42","date_gmt":"2024-10-21T09:43:42","guid":{"rendered":"https:\/\/arantv.az\/?p=763124"},"modified":"2024-10-21T13:43:42","modified_gmt":"2024-10-21T09:43:42","slug":"ilham-%c9%99liyev-abs-prezidentinin-xususi-kom%c9%99kcisini-q%c9%99bul-edib-yenil%c9%99nibfoto","status":"publish","type":"post","link":"https:\/\/arantv.az\/?p=763124","title":{"rendered":"\u0130lham \u018fliyev AB\u015e Prezidentinin x\u00fcsusi k\u00f6m\u0259k\u00e7isini q\u0259bul edib &#8211; YEN\u0130L\u018fN\u0130BFOTO"},"content":{"rendered":"<div class=\"text-content\" data-id=\"\" data-url=\"\">\n<p><strong>Az\u0259rbaycan Prezidenti \u0130lham \u018fliyev oktyabr\u0131n 21-d\u0259 AB\u015e Prezidentinin x\u00fcsusi k\u00f6m\u0259k\u00e7isi v\u0259 Milli T\u0259hl\u00fck\u0259sizlik \u015euras\u0131n\u0131n Avropa \u00fczr\u0259 ba\u015f direktoru Maykl Karpenteri q\u0259bul edib.<\/strong><\/p>\n<p><strong>ARANTV.AZ\u00a0 <\/strong>x\u0259b\u0259r verir ki, Maykl Karpenter q\u0259bula g\u00f6r\u0259 t\u0259\u015f\u0259kk\u00fcr\u00fcn\u00fc bildirdi.<\/p>\n<p>O, AB\u015e-nin Erm\u0259nistanla Az\u0259rbaycan aras\u0131nda s\u00fclh m\u00fcqavil\u0259sinin tezlikl\u0259 imzalanmas\u0131n\u0131 d\u0259st\u0259kl\u0259diyini vur\u011fulayaraq, s\u00fclh m\u00fcqavil\u0259sinin imzalanmas\u0131 \u00fc\u00e7\u00fcn haz\u0131rk\u0131 \u015f\u0259raitd\u0259 tarixi imkanlar\u0131n oldu\u011funu dedi.<\/p>\n<p>S\u00fclh m\u00fcqavil\u0259sinin imzalanmas\u0131 il\u0259 regional \u0259m\u0259kda\u015fl\u0131q \u00fc\u00e7\u00fcn geni\u015f imkanlar\u0131n yaranaca\u011f\u0131n\u0131 vur\u011fulayan qonaq bildirdi ki, AB\u015e-\u0131n bu prosesin ir\u0259li apar\u0131lmas\u0131nda q\u0259ti d\u0259st\u0259yi var.<\/p>\n<p>S\u00fclh m\u00fcqavil\u0259sinin v\u0259 onun \u0259sas\u0131n\u0131 t\u0259\u015fkil ed\u0259n be\u015f prinsipin t\u0259\u015f\u0259bb\u00fcskar\u0131n\u0131n m\u0259hz Az\u0259rbaycan oldu\u011funu dey\u0259n d\u00f6vl\u0259t ba\u015f\u00e7\u0131s\u0131 vur\u011fulad\u0131 ki, Az\u0259rbaycan regional s\u00fclh g\u00fcnd\u0259liyini d\u0259st\u0259kl\u0259yir. Prezident \u0130lham \u018fliyev qeyd etdi ki, Erm\u0259nistan\u0131n s\u00fclh m\u00fcqavil\u0259sinin m\u0259tni \u00fczr\u0259 son t\u0259klifl\u0259rini 70 g\u00fcnd\u0259n sonra g\u00f6nd\u0259rm\u0259si bu \u00f6lk\u0259nin prosesin ir\u0259li apar\u0131lmas\u0131 niyy\u0259ti il\u0259 ba\u011fl\u0131 m\u00fc\u0259yy\u0259n suallar do\u011furur. Erm\u0259nistan\u0131n konstitusional \u0259sasda Az\u0259rbaycana qar\u015f\u0131 \u0259razi iddialar\u0131n\u0131n s\u00fclh m\u00fcqavil\u0259sinin imzalanmas\u0131 yolunda ba\u015fl\u0131ca mane\u0259 oldu\u011funu bildir\u0259n Prezident \u0130lham \u018fliyev Az\u0259rbaycan\u0131n prosesin ir\u0259li apar\u0131lmas\u0131 \u00fc\u00e7\u00fcn bundan sonra da q\u0259ti add\u0131mlar\u0131n\u0131 davam etdir\u0259c\u0259yini vur\u011fulad\u0131.<\/p>\n<p>G\u00f6r\u00fc\u015fd\u0259 Az\u0259rbaycan il\u0259 AB\u015e aras\u0131nda ikit\u0259r\u0259fli g\u00fcnd\u0259liy\u0259 aid olan m\u0259s\u0259l\u0259l\u0259r bar\u0259d\u0259 d\u0259 fikir m\u00fcbadil\u0259si apar\u0131ld\u0131.<\/p>\n<p>***<\/p>\n<p>Az\u0259rbaycan Respublikas\u0131n\u0131n Prezidenti \u0130lham \u018fliyev oktyabr\u0131n 21-d\u0259 AB\u015e prezidentinin x\u00fcsusi k\u00f6m\u0259k\u00e7isi v\u0259 Milli T\u0259hl\u00fck\u0259sizlik \u015euras\u0131n\u0131n Avropa \u00fczr\u0259 ba\u015f direktoru Maykl Karpenteri q\u0259bul edib.<\/p>\n<p>Bununla ba\u011fl\u0131 AZ\u018fRTAC m\u0259lumat yay\u0131b.<\/p>\n<p><img src=\"https:\/\/img.milli.az\/2024\/10\/21\/1241341.jpg\" \/><\/p>\n<p><img src=\"https:\/\/img.milli.az\/2024\/10\/21\/1241341_(1).jpg\" \/><\/p>\n<\/div>\n<div><\/div>\n<div><\/div>\n<div class=\"inner-social-box\">\n<div class=\"subs-in-social subs-whatsapp\"><\/div>\n<\/div>\n","protected":false},"excerpt":{"rendered":"<p>Az\u0259rbaycan Prezidenti \u0130lham \u018fliyev oktyabr\u0131n 21-d\u0259 AB\u015e Prezidentinin x\u00fcsusi k\u00f6m\u0259k\u00e7isi v\u0259 Milli T\u0259hl\u00fck\u0259sizlik \u015euras\u0131n\u0131n Avropa \u00fczr\u0259 ba\u015f direktoru Maykl Karpenteri q\u0259bul edib. ARANTV.AZ\u00a0 x\u0259b\u0259r verir ki, Maykl Karpenter q\u0259bula g\u00f6r\u0259 t\u0259\u015f\u0259kk\u00fcr\u00fcn\u00fc bildirdi. O, AB\u015e-nin Erm\u0259nistanla Az\u0259rbaycan aras\u0131nda s\u00fclh m\u00fcqavil\u0259sinin tezlikl\u0259 imzalanmas\u0131n\u0131 d\u0259st\u0259kl\u0259diyini vur\u011fulayaraq, s\u00fclh m\u00fcqavil\u0259sinin imzalanmas\u0131 \u00fc\u00e7\u00fcn haz\u0131rk\u0131 \u015f\u0259raitd\u0259 tarixi imkanlar\u0131n oldu\u011funu dedi. S\u00fclh m\u00fcqavil\u0259sinin imzalanmas\u0131 il\u0259 regional \u0259m\u0259kda\u015fl\u0131q \u00fc\u00e7\u00fcn geni\u015f imkanlar\u0131n yaranaca\u011f\u0131n\u0131 vur\u011fulayan qonaq bildirdi ki, AB\u015e-\u0131n bu prosesin ir\u0259li apar\u0131lmas\u0131nda q\u0259ti d\u0259st\u0259yi var. S\u00fclh m\u00fcqavil\u0259sinin v\u0259 onun \u0259sas\u0131n\u0131 t\u0259\u015fkil ed\u0259n be\u015f prinsipin t\u0259\u015f\u0259bb\u00fcskar\u0131n\u0131n m\u0259hz Az\u0259rbaycan oldu\u011funu dey\u0259n d\u00f6vl\u0259t&hellip;<\/p>\n","protected":false},"author":2,"featured_media":763125,"comment_status":"closed","ping_status":"closed","sticky":false,"template":"","format":"standard","meta":{"om_disable_all_campaigns":false,"_monsterinsights_skip_tracking":false,"_monsterinsights_sitenote_active":false,"_monsterinsights_sitenote_note":"","_monsterinsights_sitenote_category":0},"categories":[4],"tags":[],"aioseo_notices":[],"gutentor_comment":0,"rttpg_featured_image_url":{"full":["https:\/\/arantv.az\/wp-content\/uploads\/2024\/10\/53e583d14d7d1892891d140c65cf5422.jpg",870,500,false],"landscape":["https:\/\/arantv.az\/wp-content\/uploads\/2024\/10\/53e583d14d7d1892891d140c65cf5422.jpg",870,500,false],"portraits":["https:\/\/arantv.az\/wp-content\/uploads\/2024\/10\/53e583d14d7d1892891d140c65cf5422.jpg",870,500,false],"thumbnail":["https:\/\/arantv.az\/wp-content\/uploads\/2024\/10\/53e583d14d7d1892891d140c65cf5422-500x280.jpg",500,280,true],"medium":["https:\/\/arantv.az\/wp-content\/uploads\/2024\/10\/53e583d14d7d1892891d140c65cf5422-635x365.jpg",635,365,true],"large":["https:\/\/arantv.az\/wp-content\/uploads\/2024\/10\/53e583d14d7d1892891d140c65cf5422-840x483.jpg",640,368,true],"1536x1536":["https:\/\/arantv.az\/wp-content\/uploads\/2024\/10\/53e583d14d7d1892891d140c65cf5422.jpg",870,500,false],"2048x2048":["https:\/\/arantv.az\/wp-content\/uploads\/2024\/10\/53e583d14d7d1892891d140c65cf5422.jpg",870,500,false],"post-thumbnail":["https:\/\/arantv.az\/wp-content\/uploads\/2024\/10\/53e583d14d7d1892891d140c65cf5422-240x172.jpg",240,172,true],"advps-thumb-one":["https:\/\/arantv.az\/wp-content\/uploads\/2024\/10\/53e583d14d7d1892891d140c65cf5422.jpg",870,500,false]},"rttpg_author":{"display_name":"V\u00fcsal Rafiqo\u011flu","author_link":"https:\/\/arantv.az\/?author=2"},"rttpg_comment":0,"rttpg_category":"<a href=\"https:\/\/arantv.az\/?cat=4\" rel=\"category\">Siyas\u0259t<\/a>","rttpg_excerpt":"Az\u0259rbaycan Prezidenti \u0130lham \u018fliyev oktyabr\u0131n 21-d\u0259 AB\u015e Prezidentinin x\u00fcsusi k\u00f6m\u0259k\u00e7isi v\u0259 Milli T\u0259hl\u00fck\u0259sizlik \u015euras\u0131n\u0131n Avropa \u00fczr\u0259 ba\u015f direktoru Maykl Karpenteri q\u0259bul edib. ARANTV.AZ\u00a0 x\u0259b\u0259r verir ki, Maykl Karpenter q\u0259bula g\u00f6r\u0259 t\u0259\u015f\u0259kk\u00fcr\u00fcn\u00fc bildirdi. O, AB\u015e-nin Erm\u0259nistanla Az\u0259rbaycan aras\u0131nda s\u00fclh m\u00fcqavil\u0259sinin tezlikl\u0259 imzalanmas\u0131n\u0131 d\u0259st\u0259kl\u0259diyini vur\u011fulayaraq, s\u00fclh m\u00fcqavil\u0259sinin imzalanmas\u0131 \u00fc\u00e7\u00fcn haz\u0131rk\u0131 \u015f\u0259raitd\u0259 tarixi imkanlar\u0131n oldu\u011funu dedi. S\u00fclh m\u00fcqavil\u0259sinin&hellip;","_links":{"self":[{"href":"https:\/\/arantv.az\/index.php?rest_route=\/wp\/v2\/posts\/763124"}],"collection":[{"href":"https:\/\/arantv.az\/index.php?rest_route=\/wp\/v2\/posts"}],"about":[{"href":"https:\/\/arantv.az\/index.php?rest_route=\/wp\/v2\/types\/post"}],"author":[{"embeddable":true,"href":"https:\/\/arantv.az\/index.php?rest_route=\/wp\/v2\/users\/2"}],"replies":[{"embeddable":true,"href":"https:\/\/arantv.az\/index.php?rest_route=%2Fwp%2Fv2%2Fcomments&post=763124"}],"version-history":[{"count":2,"href":"https:\/\/arantv.az\/index.php?rest_route=\/wp\/v2\/posts\/763124\/revisions"}],"predecessor-version":[{"id":763127,"href":"https:\/\/arantv.az\/index.php?rest_route=\/wp\/v2\/posts\/763124\/revisions\/763127"}],"wp:featuredmedia":[{"embeddable":true,"href":"https:\/\/arantv.az\/index.php?rest_route=\/wp\/v2\/media\/763125"}],"wp:attachment":[{"href":"https:\/\/arantv.az\/index.php?rest_route=%2Fwp%2Fv2%2Fmedia&parent=763124"}],"wp:term":[{"taxonomy":"category","embeddable":true,"href":"https:\/\/arantv.az\/index.php?rest_route=%2Fwp%2Fv2%2Fcategories&post=763124"},{"taxonomy":"post_tag","embeddable":true,"href":"https:\/\/arantv.az\/index.php?rest_route=%2Fwp%2Fv2%2Ftags&post=763124"}],"curies":[{"name":"wp","href":"https:\/\/api.w.org\/{rel}","templated":true}]}}