{"id":763132,"date":"2024-10-21T13:55:06","date_gmt":"2024-10-21T09:55:06","guid":{"rendered":"https:\/\/arantv.az\/?p=763132"},"modified":"2024-10-21T13:55:06","modified_gmt":"2024-10-21T09:55:06","slug":"az%c9%99rbaycanda-b%c9%99db%c9%99xt-hadis%c9%99-su-c%c9%99ninin-altinda-qalib-oldu","status":"publish","type":"post","link":"https:\/\/arantv.az\/?p=763132","title":{"rendered":"Az\u0259rbaycanda b\u0259db\u0259xt hadis\u0259: su \u00e7\u0259ninin alt\u0131nda qal\u0131b \u00f6ld\u00fc"},"content":{"rendered":"<p>B\u0259rd\u0259 rayonunda \u00f6l\u00fcml\u0259 n\u0259tic\u0259l\u0259n\u0259n b\u0259db\u0259xt hadis\u0259 ba\u015f verib.<\/p>\n<p><strong>ARANTV.AZ\u00a0<\/strong> qafqazinfo.az-a istinad\u0259n x\u0259b\u0259r verir ki, hadis\u0259 rayonun \u0130mirli k\u0259ndind\u0259 qeyd\u0259 al\u0131n\u0131b.<\/p>\n<p>Bel\u0259 ki, S.Yaqubovun h\u0259y\u0259tind\u0259 i\u015fl\u0259y\u0259n 1984-c\u00fc il t\u0259v\u0259ll\u00fcdl\u00fc qon\u015fusu Kamran \u0130brahim o\u011flu M\u0259mm\u0259dov ehtiyats\u0131zl\u0131qdan su \u00e7\u0259ninin alt\u0131nda qal\u0131b.<\/p>\n<p>N\u0259tic\u0259d\u0259 K.M\u0259mm\u0259dov ald\u0131\u011f\u0131 x\u0259sar\u0259tl\u0259rd\u0259n hadis\u0259 yerind\u0259 \u00f6l\u00fcb.<\/p>\n<p>Faktla ba\u011fl\u0131 B\u0259rd\u0259 Rayon Prokurorlu\u011funda ara\u015fd\u0131rma apar\u0131l\u0131r.<\/p>\n","protected":false},"excerpt":{"rendered":"<p>B\u0259rd\u0259 rayonunda \u00f6l\u00fcml\u0259 n\u0259tic\u0259l\u0259n\u0259n b\u0259db\u0259xt hadis\u0259 ba\u015f verib. ARANTV.AZ\u00a0 qafqazinfo.az-a istinad\u0259n x\u0259b\u0259r verir ki, hadis\u0259 rayonun \u0130mirli k\u0259ndind\u0259 qeyd\u0259 al\u0131n\u0131b. Bel\u0259 ki, S.Yaqubovun h\u0259y\u0259tind\u0259 i\u015fl\u0259y\u0259n 1984-c\u00fc il t\u0259v\u0259ll\u00fcdl\u00fc qon\u015fusu Kamran \u0130brahim o\u011flu M\u0259mm\u0259dov ehtiyats\u0131zl\u0131qdan su \u00e7\u0259ninin alt\u0131nda qal\u0131b. N\u0259tic\u0259d\u0259 K.M\u0259mm\u0259dov ald\u0131\u011f\u0131 x\u0259sar\u0259tl\u0259rd\u0259n hadis\u0259 yerind\u0259 \u00f6l\u00fcb. Faktla ba\u011fl\u0131 B\u0259rd\u0259 Rayon Prokurorlu\u011funda ara\u015fd\u0131rma apar\u0131l\u0131r.<\/p>\n","protected":false},"author":2,"featured_media":763133,"comment_status":"closed","ping_status":"closed","sticky":false,"template":"","format":"standard","meta":{"om_disable_all_campaigns":false,"_monsterinsights_skip_tracking":false,"_monsterinsights_sitenote_active":false,"_monsterinsights_sitenote_note":"","_monsterinsights_sitenote_category":0},"categories":[5],"tags":[],"aioseo_notices":[],"gutentor_comment":0,"rttpg_featured_image_url":{"full":["https:\/\/arantv.az\/wp-content\/uploads\/2024\/10\/7c5b2da6cf951aeb2882cefcf185f935.jpg",637,400,false],"landscape":["https:\/\/arantv.az\/wp-content\/uploads\/2024\/10\/7c5b2da6cf951aeb2882cefcf185f935.jpg",637,400,false],"portraits":["https:\/\/arantv.az\/wp-content\/uploads\/2024\/10\/7c5b2da6cf951aeb2882cefcf185f935.jpg",637,400,false],"thumbnail":["https:\/\/arantv.az\/wp-content\/uploads\/2024\/10\/7c5b2da6cf951aeb2882cefcf185f935-500x280.jpg",500,280,true],"medium":["https:\/\/arantv.az\/wp-content\/uploads\/2024\/10\/7c5b2da6cf951aeb2882cefcf185f935-581x365.jpg",581,365,true],"large":["https:\/\/arantv.az\/wp-content\/uploads\/2024\/10\/7c5b2da6cf951aeb2882cefcf185f935.jpg",637,400,false],"1536x1536":["https:\/\/arantv.az\/wp-content\/uploads\/2024\/10\/7c5b2da6cf951aeb2882cefcf185f935.jpg",637,400,false],"2048x2048":["https:\/\/arantv.az\/wp-content\/uploads\/2024\/10\/7c5b2da6cf951aeb2882cefcf185f935.jpg",637,400,false],"post-thumbnail":["https:\/\/arantv.az\/wp-content\/uploads\/2024\/10\/7c5b2da6cf951aeb2882cefcf185f935-240x172.jpg",240,172,true],"advps-thumb-one":["https:\/\/arantv.az\/wp-content\/uploads\/2024\/10\/7c5b2da6cf951aeb2882cefcf185f935.jpg",637,400,false]},"rttpg_author":{"display_name":"V\u00fcsal Rafiqo\u011flu","author_link":"https:\/\/arantv.az\/?author=2"},"rttpg_comment":0,"rttpg_category":"<a href=\"https:\/\/arantv.az\/?cat=5\" rel=\"category\">Hadis\u0259<\/a>","rttpg_excerpt":"B\u0259rd\u0259 rayonunda \u00f6l\u00fcml\u0259 n\u0259tic\u0259l\u0259n\u0259n b\u0259db\u0259xt hadis\u0259 ba\u015f verib. ARANTV.AZ\u00a0 qafqazinfo.az-a istinad\u0259n x\u0259b\u0259r verir ki, hadis\u0259 rayonun \u0130mirli k\u0259ndind\u0259 qeyd\u0259 al\u0131n\u0131b. Bel\u0259 ki, S.Yaqubovun h\u0259y\u0259tind\u0259 i\u015fl\u0259y\u0259n 1984-c\u00fc il t\u0259v\u0259ll\u00fcdl\u00fc qon\u015fusu Kamran \u0130brahim o\u011flu M\u0259mm\u0259dov ehtiyats\u0131zl\u0131qdan su \u00e7\u0259ninin alt\u0131nda qal\u0131b. N\u0259tic\u0259d\u0259 K.M\u0259mm\u0259dov ald\u0131\u011f\u0131 x\u0259sar\u0259tl\u0259rd\u0259n hadis\u0259 yerind\u0259 \u00f6l\u00fcb. Faktla ba\u011fl\u0131 B\u0259rd\u0259 Rayon Prokurorlu\u011funda ara\u015fd\u0131rma apar\u0131l\u0131r.","_links":{"self":[{"href":"https:\/\/arantv.az\/index.php?rest_route=\/wp\/v2\/posts\/763132"}],"collection":[{"href":"https:\/\/arantv.az\/index.php?rest_route=\/wp\/v2\/posts"}],"about":[{"href":"https:\/\/arantv.az\/index.php?rest_route=\/wp\/v2\/types\/post"}],"author":[{"embeddable":true,"href":"https:\/\/arantv.az\/index.php?rest_route=\/wp\/v2\/users\/2"}],"replies":[{"embeddable":true,"href":"https:\/\/arantv.az\/index.php?rest_route=%2Fwp%2Fv2%2Fcomments&post=763132"}],"version-history":[{"count":1,"href":"https:\/\/arantv.az\/index.php?rest_route=\/wp\/v2\/posts\/763132\/revisions"}],"predecessor-version":[{"id":763134,"href":"https:\/\/arantv.az\/index.php?rest_route=\/wp\/v2\/posts\/763132\/revisions\/763134"}],"wp:featuredmedia":[{"embeddable":true,"href":"https:\/\/arantv.az\/index.php?rest_route=\/wp\/v2\/media\/763133"}],"wp:attachment":[{"href":"https:\/\/arantv.az\/index.php?rest_route=%2Fwp%2Fv2%2Fmedia&parent=763132"}],"wp:term":[{"taxonomy":"category","embeddable":true,"href":"https:\/\/arantv.az\/index.php?rest_route=%2Fwp%2Fv2%2Fcategories&post=763132"},{"taxonomy":"post_tag","embeddable":true,"href":"https:\/\/arantv.az\/index.php?rest_route=%2Fwp%2Fv2%2Ftags&post=763132"}],"curies":[{"name":"wp","href":"https:\/\/api.w.org\/{rel}","templated":true}]}}