{"id":763140,"date":"2024-10-21T14:26:19","date_gmt":"2024-10-21T10:26:19","guid":{"rendered":"https:\/\/arantv.az\/?p=763140"},"modified":"2024-10-21T14:26:19","modified_gmt":"2024-10-21T10:26:19","slug":"xocali-etirafi-da-olacaqmi-erm%c9%99nistan-terrorizmin-qorugu-kimi-qaldiqca","status":"publish","type":"post","link":"https:\/\/arantv.az\/?p=763140","title":{"rendered":"Xocal\u0131 etiraf\u0131 da olacaqm\u0131? \u2013 Erm\u0259nistan terrorizmin qoru\u011fu kimi qald\u0131qca&#8230;"},"content":{"rendered":"<p><strong>\u00d6t\u0259n h\u0259ft\u0259sonu Erm\u0259nistan parlamentinin s\u0259dri Alen Simonyandan m\u00fch\u00fcm bir etiraf e\u015fitdik. Spiker ist\u0259r 44 g\u00fcnl\u00fck m\u00fcharib\u0259 zaman\u0131, ist\u0259rs\u0259 d\u0259 2023-c\u00fc ild\u0259 Az\u0259rbaycan\u0131n Qaraba\u011fda legitim, BMT q\u0259tnam\u0259l\u0259ri \u0259sas\u0131nda \u0259m\u0259liyyat ke\u00e7irdiyini s\u00f6yl\u0259di.<\/strong><\/p>\n<p>Sitat: \u201cErm\u0259ni t\u0259r\u0259fi 2-ci Qaraba\u011f m\u00fcharib\u0259si zaman\u0131 beyn\u0259lxalq ictimaiyy\u0259td\u0259n ist\u0259diyi reaksiyan\u0131 almad\u0131. M\u00fcharib\u0259 ba\u015flayanda \u00e7ox m\u0259yus olduq, \u00e7\u00fcnki d\u00fcnya bu sava\u015fa bizim ist\u0259diyimiz kimi reaksiya verm\u0259di. S\u0259b\u0259b h\u0259m d\u0259 bizim t\u0259r\u0259fimizd\u0259n legitimliyin olmamas\u0131 idi. Az\u0259rbaycan Qaraba\u011fda az\u0131 3-4 BMT q\u0259tnam\u0259sin\u0259 \u0259saslanan \u0259m\u0259liyyat ke\u00e7irdi\u201d&#8230;<\/p>\n<p><strong>Qiym\u0259tli etirafd\u0131r, \u0259g\u0259r davam\u0131 g\u0259ls\u0259.<\/strong>\u00a0Y\u0259ni quru s\u00f6z x\u0259trin\u0259, siyasi konyunktura namin\u0259 deyilm\u0259s\u0259 v\u0259 daha vacibi, etiraf\u0131n dikt\u0259 el\u0259diyi i\u015fl\u0259r g\u00f6r\u00fcls\u0259. Ke\u00e7\u0259k konkretliy\u0259.<\/p>\n<p>Ondan ba\u015flayaq ki, Simonyan s\u0131radan biri deyil. \u00d6lk\u0259nin \u00fc\u00e7\u00fcnc\u00fc r\u0259smi \u015f\u0259xsidir. \u018fg\u0259r o v\u0259 onun timsal\u0131nda hakim komanda hesab edirs\u0259 ki, Qaraba\u011fda \u00f6t\u0259n il apar\u0131lan antiterror \u0259m\u0259liyyat\u0131 v\u0259 ondan qabaqk\u0131 44 g\u00fcnl\u00fck m\u00fcharib\u0259 beyn\u0259lxalq h\u00fcquqa uy\u011fun olub, o zaman hans\u0131 \u0259sasla Erm\u0259nistan konstitusiyas\u0131nda Az\u0259rbaycana \u0259razi iddias\u0131 qal\u0131r? El\u0259c\u0259 d\u0259 beyn\u0259lxalq h\u00fcquqa zidd olan dig\u0259r qanunverici aktlar.<\/p>\n<p>M\u0259s\u0259l\u0259n, h\u0259l\u0259 90-c\u0131 ill\u0259rd\u0259 q\u0259bul edilmi\u015f qanunlar\u0131n birin\u0259 g\u00f6r\u0259, he\u00e7 bir erm\u0259ni r\u0259smisi \u201cDa\u011fl\u0131q Qaraba\u011f\u0131\u201d Az\u0259rbaycan \u0259razisi sayan s\u0259n\u0259d\u0259 qola \u00e7\u0259k\u0259 bilm\u0259z. Simonyan s\u00f6zl\u0259rind\u0259 s\u0259mimidirs\u0259, yax\u015f\u0131 olmazm\u0131 he\u00e7 olmasa, s\u0259dri oldu\u011fu parlamentd\u0259 h\u0259min qanuna m\u00fcvafiq d\u00fcz\u0259li\u015f edilsin v\u0259 ya onun l\u0259\u011fvin\u0259 nail olsun? Konstitusiya d\u0259yi\u015fikliyi d\u0259 ki, \u00f6z yerind\u0259&#8230;<\/p>\n<p><strong>S\u00f6zs\u00fcz ki, Az\u0259rbaycan torpaqlar\u0131nda t\u00f6r\u0259dilmi\u015f \u00e7oxsayl\u0131 soyq\u0131r\u0131m\u0131 aktlar\u0131na (Xocal\u0131, Ba\u015fl\u0131bel, Me\u015f\u0259li v\u0259 s.), etnik t\u0259mizl\u0259m\u0259l\u0259r\u0259, dig\u0259r v\u0259h\u015filikl\u0259r\u0259 v\u0259 vandall\u0131qlara g\u00f6r\u0259 d\u0259 etiraflar olmal\u0131d\u0131r. G\u00f6zl\u0259yirik. G\u00f6zl\u0259m\u0259y\u0259 haqq\u0131m\u0131z var!<\/strong><\/p>\n<p>\u018fslind\u0259 bu, \u0259n \u00e7ox erm\u0259ni xalq\u0131n\u0131n \u00f6z\u00fcn\u0259, onun m\u0259n\u0259vi t\u0259mizl\u0259nm\u0259si, paklanmas\u0131 \u00fc\u00e7\u00fcn laz\u0131md\u0131r. M\u0259d\u0259ni xalqlar bel\u0259 edir. Misal \u00fc\u00e7\u00fcn, almanlar. Ba\u015fqa \u00f6lk\u0259l\u0259r\u0259 v\u0259 xalqlara ya\u015fatd\u0131qlar\u0131 iztirablara g\u00f6r\u0259 \u00fczrxahl\u0131q etdil\u0259r, t\u0259zminat \u00f6d\u0259dil\u0259r, n\u0259inki erm\u0259ni toplumu kimi m\u00fcharib\u0259 cinay\u0259tkarlar\u0131n\u0131 q\u0259hr\u0259manla\u015fd\u0131rd\u0131lar, onlara abid\u0259l\u0259r ucaltd\u0131lar.<\/p>\n<p>Dem\u0259k, iki xalq\u0131n bar\u0131\u015f\u0131\u011f\u0131n\u0131 ist\u0259y\u0259nl\u0259r g\u00fcn\u00fcn birind\u0259 Xocal\u0131 h\u0259rfi canil\u0259rini \u2013 Robert K\u00f6\u00e7\u0259ryan\u0131, Serj S\u0259rkisyan\u0131, Seyran Ohanyan\u0131, h\u0259m\u00e7inin dig\u0259r ikiayaql\u0131 v\u0259h\u015fil\u0259ri &#8211; Vitali Balasanyan\u0131, Samvel Babayan\u0131 da Az\u0259rbaycana t\u0259hvil verm\u0259lidir. \u00d6zl\u0259ri onlar\u0131 m\u00fchakim\u0259 ed\u0259 bilm\u0259zl\u0259r, \u00e7\u00fcnki bu \u015f\u0259r\u0259fsizl\u0259r b\u0259\u015f\u0259riyy\u0259t \u0259leyhin\u0259 cinay\u0259tl\u0259ri bizim \u0259razimizd\u0259 t\u00f6r\u0259dibl\u0259r&#8230;<\/p>\n<p>\u018fn \u0259sas\u0131, b\u00fct\u00fcn bunlar\u0131 b\u0259dnam qon\u015fular\u0131m\u0131z r\u0259smi Bak\u0131n\u0131n t\u0259l\u0259bi \u0259sas\u0131nda yox, k\u00f6n\u00fcll\u00fc \u015f\u0259kild\u0259, xo\u015fluqla etm\u0259lidirl\u0259r. \u018fks halda, hakimiyy\u0259td\u0259 kim olur-olsun, n\u0259 Erm\u0259nistana, n\u0259 d\u0259 onun c\u0259miyy\u0259tin\u0259 qon\u015fu Az\u0259rbaycan v\u0259 T\u00fcrkiy\u0259nin he\u00e7 vaxt etimad\u0131 olmayacaq. Erm\u0259nil\u0259rin d\u00fcz s\u00f6z\u00fcn\u0259 bel\u0259, inanan tap\u0131lmayacaq.<\/p>\n<p><strong>Bu is\u0259 erm\u0259ni c\u0259miyy\u0259ti \u00fc\u00e7\u00fcn m\u00fcharib\u0259d\u0259ki ac\u0131 m\u0259\u011flubiyy\u0259td\u0259n d\u0259 bet\u0259r bir durumdur.<\/strong>\u00a0\u201cBar\u0131t qoxulu\u201d konstitusiya da n\u0259z\u0259r\u0259 al\u0131nmaqla, yeni potensial faci\u0259, \u201cbar\u0131t \u00e7\u0259ll\u0259yi\u201d \u00fcst\u00fcnd\u0259 oturmaq dem\u0259kdir. \u00c7\u00fcnki diplomatik \u0259laq\u0259l\u0259r qurulsa, kommunikasiyalar v\u0259 s\u0259rh\u0259dl\u0259r a\u00e7\u0131lsa bel\u0259, etibars\u0131zl\u0131q m\u00fchiti \u00f6z\u00fcn\u00fc b\u00fct\u00fcn sah\u0259l\u0259rd\u0259 g\u00f6st\u0259r\u0259c\u0259k, n\u0259tic\u0259d\u0259 kapitulyant \u00f6lk\u0259nin inki\u015faf\u0131 l\u0259ngiy\u0259c\u0259k&#8230;<\/p>\n<p>\u0130nsaf\u0259n, Bak\u0131da m\u0259hk\u0259m\u0259si g\u00f6zl\u0259nil\u0259n separat\u00e7\u0131lar\u0131n, ke\u00e7mi\u015f xunta rejiminin r\u0259hb\u0259rl\u0259rinin burax\u0131lmas\u0131 il\u0259 ba\u011fl\u0131 Pa\u015finyan iqtidar\u0131 f\u0259all\u0131q g\u00f6st\u0259rmir. Amma bu, kifay\u0259t deyil \u0259lb\u0259tt\u0259 ki. Ger\u00e7\u0259k h\u0259m\u00e7inin bel\u0259dir ki, Erm\u0259nistan terrorizmin qoru\u011fu, terror\u00e7ular\u0131n himay\u0259dar\u0131 olaraq qal\u0131r. Onun \u0259razisi h\u0259l\u0259 d\u0259 Az\u0259rbaycan-T\u00fcrk xalq\u0131na, onun i\u015f\u0131ql\u0131 simalar\u0131na qar\u015f\u0131 a\u011f\u0131r cinay\u0259tl\u0259r t\u00f6r\u0259tmi\u015f terror\u00e7u-quldurlar\u0131n heyk\u0259ll\u0259ri il\u0259 doludur. Onlardan biri \u2013 \u201cNemezis\u201d kompleksi is\u0259 m\u0259hz Pa\u015finyan iqtidar\u0131 d\u00f6vr\u00fcnd\u0259, \u00f6t\u0259n il (aprel, 2023) ucald\u0131l\u0131b.<\/p>\n<p><strong>N\u0259hay\u0259t, etiraflar s\u0259mimi t\u00f6vb\u0259l\u0259rl\u0259 bitm\u0259lidir.<\/strong>\u00a0Erm\u0259nil\u0259r b\u00fct\u00fcn d\u00fcnyan\u0131n qar\u015f\u0131s\u0131nda s\u00f6z v\u0259 z\u0259man\u0259t verm\u0259lidirl\u0259r ki, bir daha b\u00f6lg\u0259d\u0259 m\u00fcharib\u0259 s\u0259b\u0259bkar\u0131 olmayacaqlar, \u00f6zl\u0259rin\u0259 v\u0259 qon\u015fulara faci\u0259l\u0259r ya\u015fatmayacaqlar, xarici m\u0259krli g\u00fccl\u0259rin \u0259lind\u0259 al\u0259t\u0259, ma\u015faya \u00e7evrilm\u0259y\u0259c\u0259kl\u0259r.<\/p>\n<p><strong>Bacararlarm\u0131?..<\/strong><\/p>\n<div class=\"news-author text-left\"><a href=\"https:\/\/musavat.com\/author\/zahid-seferoglu_2\"><img class=\"img-responsive img-author\" src=\"https:\/\/cdn.musavat.com\/authors\/thumbnails\/7dceba561e27f2296f5e82d34d1dd6bd.jpg\" \/>Zahid S\u018fF\u018fRO\u011eLU<\/a><\/div>\n","protected":false},"excerpt":{"rendered":"<p>\u00d6t\u0259n h\u0259ft\u0259sonu Erm\u0259nistan parlamentinin s\u0259dri Alen Simonyandan m\u00fch\u00fcm bir etiraf e\u015fitdik. Spiker ist\u0259r 44 g\u00fcnl\u00fck m\u00fcharib\u0259 zaman\u0131, ist\u0259rs\u0259 d\u0259 2023-c\u00fc ild\u0259 Az\u0259rbaycan\u0131n Qaraba\u011fda legitim, BMT q\u0259tnam\u0259l\u0259ri \u0259sas\u0131nda \u0259m\u0259liyyat ke\u00e7irdiyini s\u00f6yl\u0259di. Sitat: \u201cErm\u0259ni t\u0259r\u0259fi 2-ci Qaraba\u011f m\u00fcharib\u0259si zaman\u0131 beyn\u0259lxalq ictimaiyy\u0259td\u0259n ist\u0259diyi reaksiyan\u0131 almad\u0131. M\u00fcharib\u0259 ba\u015flayanda \u00e7ox m\u0259yus olduq, \u00e7\u00fcnki d\u00fcnya bu sava\u015fa bizim ist\u0259diyimiz kimi reaksiya verm\u0259di. S\u0259b\u0259b h\u0259m d\u0259 bizim t\u0259r\u0259fimizd\u0259n legitimliyin olmamas\u0131 idi. Az\u0259rbaycan Qaraba\u011fda az\u0131 3-4 BMT q\u0259tnam\u0259sin\u0259 \u0259saslanan \u0259m\u0259liyyat ke\u00e7irdi\u201d&#8230; Qiym\u0259tli etirafd\u0131r, \u0259g\u0259r davam\u0131 g\u0259ls\u0259.\u00a0Y\u0259ni quru s\u00f6z x\u0259trin\u0259, siyasi konyunktura namin\u0259 deyilm\u0259s\u0259 v\u0259 daha vacibi, etiraf\u0131n dikt\u0259&hellip;<\/p>\n","protected":false},"author":2,"featured_media":763141,"comment_status":"closed","ping_status":"closed","sticky":false,"template":"","format":"standard","meta":{"om_disable_all_campaigns":false,"_monsterinsights_skip_tracking":false,"_monsterinsights_sitenote_active":false,"_monsterinsights_sitenote_note":"","_monsterinsights_sitenote_category":0},"categories":[19],"tags":[],"aioseo_notices":[],"gutentor_comment":0,"rttpg_featured_image_url":{"full":["https:\/\/arantv.az\/wp-content\/uploads\/2024\/10\/5d3c1f9f41bac71bce9639dce57c8d78.jpg",576,396,false],"landscape":["https:\/\/arantv.az\/wp-content\/uploads\/2024\/10\/5d3c1f9f41bac71bce9639dce57c8d78.jpg",576,396,false],"portraits":["https:\/\/arantv.az\/wp-content\/uploads\/2024\/10\/5d3c1f9f41bac71bce9639dce57c8d78.jpg",576,396,false],"thumbnail":["https:\/\/arantv.az\/wp-content\/uploads\/2024\/10\/5d3c1f9f41bac71bce9639dce57c8d78-500x280.jpg",500,280,true],"medium":["https:\/\/arantv.az\/wp-content\/uploads\/2024\/10\/5d3c1f9f41bac71bce9639dce57c8d78-531x365.jpg",531,365,true],"large":["https:\/\/arantv.az\/wp-content\/uploads\/2024\/10\/5d3c1f9f41bac71bce9639dce57c8d78.jpg",576,396,false],"1536x1536":["https:\/\/arantv.az\/wp-content\/uploads\/2024\/10\/5d3c1f9f41bac71bce9639dce57c8d78.jpg",576,396,false],"2048x2048":["https:\/\/arantv.az\/wp-content\/uploads\/2024\/10\/5d3c1f9f41bac71bce9639dce57c8d78.jpg",576,396,false],"post-thumbnail":["https:\/\/arantv.az\/wp-content\/uploads\/2024\/10\/5d3c1f9f41bac71bce9639dce57c8d78-240x172.jpg",240,172,true],"advps-thumb-one":["https:\/\/arantv.az\/wp-content\/uploads\/2024\/10\/5d3c1f9f41bac71bce9639dce57c8d78.jpg",576,396,false]},"rttpg_author":{"display_name":"V\u00fcsal Rafiqo\u011flu","author_link":"https:\/\/arantv.az\/?author=2"},"rttpg_comment":0,"rttpg_category":"<a href=\"https:\/\/arantv.az\/?cat=19\" rel=\"category\">G\u00fcnd\u0259m<\/a>","rttpg_excerpt":"\u00d6t\u0259n h\u0259ft\u0259sonu Erm\u0259nistan parlamentinin s\u0259dri Alen Simonyandan m\u00fch\u00fcm bir etiraf e\u015fitdik. Spiker ist\u0259r 44 g\u00fcnl\u00fck m\u00fcharib\u0259 zaman\u0131, ist\u0259rs\u0259 d\u0259 2023-c\u00fc ild\u0259 Az\u0259rbaycan\u0131n Qaraba\u011fda legitim, BMT q\u0259tnam\u0259l\u0259ri \u0259sas\u0131nda \u0259m\u0259liyyat ke\u00e7irdiyini s\u00f6yl\u0259di. Sitat: \u201cErm\u0259ni t\u0259r\u0259fi 2-ci Qaraba\u011f m\u00fcharib\u0259si zaman\u0131 beyn\u0259lxalq ictimaiyy\u0259td\u0259n ist\u0259diyi reaksiyan\u0131 almad\u0131. M\u00fcharib\u0259 ba\u015flayanda \u00e7ox m\u0259yus olduq, \u00e7\u00fcnki d\u00fcnya bu sava\u015fa bizim ist\u0259diyimiz kimi reaksiya&hellip;","_links":{"self":[{"href":"https:\/\/arantv.az\/index.php?rest_route=\/wp\/v2\/posts\/763140"}],"collection":[{"href":"https:\/\/arantv.az\/index.php?rest_route=\/wp\/v2\/posts"}],"about":[{"href":"https:\/\/arantv.az\/index.php?rest_route=\/wp\/v2\/types\/post"}],"author":[{"embeddable":true,"href":"https:\/\/arantv.az\/index.php?rest_route=\/wp\/v2\/users\/2"}],"replies":[{"embeddable":true,"href":"https:\/\/arantv.az\/index.php?rest_route=%2Fwp%2Fv2%2Fcomments&post=763140"}],"version-history":[{"count":1,"href":"https:\/\/arantv.az\/index.php?rest_route=\/wp\/v2\/posts\/763140\/revisions"}],"predecessor-version":[{"id":763142,"href":"https:\/\/arantv.az\/index.php?rest_route=\/wp\/v2\/posts\/763140\/revisions\/763142"}],"wp:featuredmedia":[{"embeddable":true,"href":"https:\/\/arantv.az\/index.php?rest_route=\/wp\/v2\/media\/763141"}],"wp:attachment":[{"href":"https:\/\/arantv.az\/index.php?rest_route=%2Fwp%2Fv2%2Fmedia&parent=763140"}],"wp:term":[{"taxonomy":"category","embeddable":true,"href":"https:\/\/arantv.az\/index.php?rest_route=%2Fwp%2Fv2%2Fcategories&post=763140"},{"taxonomy":"post_tag","embeddable":true,"href":"https:\/\/arantv.az\/index.php?rest_route=%2Fwp%2Fv2%2Ftags&post=763140"}],"curies":[{"name":"wp","href":"https:\/\/api.w.org\/{rel}","templated":true}]}}