{"id":763147,"date":"2024-10-21T14:27:54","date_gmt":"2024-10-21T10:27:54","guid":{"rendered":"https:\/\/arantv.az\/?p=763147"},"modified":"2024-10-21T14:27:54","modified_gmt":"2024-10-21T10:27:54","slug":"gurcu-muxalif%c9%99tinin-arzusu-ivanisvilinin-sonu","status":"publish","type":"post","link":"https:\/\/arantv.az\/?p=763147","title":{"rendered":"G\u00fcrc\u00fc m\u00fcxalif\u0259tinin arzusu &#8211; \u201c\u0130vani\u015fvilinin sonu\u201d"},"content":{"rendered":"<p><strong>G\u00fcrc\u00fcstan m\u00fcxalif\u0259ti Tiflisin m\u0259rk\u0259zind\u0259 ke\u00e7irdiyini izdihaml\u0131 mitinqd\u0259n sonra xeyli \u00fcmidl\u0259nib. \u018fsas \u015f\u00fcar\u0131 \u201cG\u00fcrc\u00fcstan Avropan\u0131 se\u00e7ir\u201d olan aksiyada \u00f6lk\u0259 prezidenti Salome Zurabi\u015fvili il\u0259 yana\u015f\u0131, G\u00fcrc\u00fcstan\u0131n m\u0259\u015fhur musiqi\u00e7il\u0259ri d\u0259 i\u015ftirak edibl\u0259r.<\/strong><\/p>\n<p>M\u00fcxalif\u0259t oktyabr\u0131n 26-da q\u0259l\u0259b\u0259 qazanaca\u011f\u0131na inan\u0131r v\u0259 indiki iqtidar\u0131n m\u00fcqavim\u0259t g\u00f6st\u0259rm\u0259si hal\u0131nda xalq\u0131 m\u00fcbariz\u0259y\u0259 haz\u0131rlama\u011fa s\u0259sl\u0259yir.<\/p>\n<p>Y\u00fcr\u00fc\u015f i\u015ftirak\u00e7\u0131lar\u0131 h\u0259l\u0259 aksiya ba\u015flamazdan \u0259vv\u0259l \u0259sas tezisl\u0259rini a\u00e7\u0131qlay\u0131blar: G\u00fcrc\u00fcstan Rusiyan\u0131n \u201c\u0259yal\u0259ti\u201d olmamal\u0131d\u0131r v\u0259 \u00f6lk\u0259d\u0259ki b\u00fct\u00fcn pislikl\u0259r \u201cG\u00fcrc\u00fc arzusu\u201dndan qaynaqlan\u0131r.<\/p>\n<p>\u0130nsanlar oktyabr\u0131n 26-n\u0131n Bidzina \u0130vani\u015fvilinin v\u0259 onun siyasi rejiminin hakimiyy\u0259tinin sonunun ba\u015flan\u011f\u0131c\u0131 oldu\u011funa bir-birini inand\u0131raraq, G\u00fcrc\u00fcstan\u0131n v\u0259 Avropa Birliyinin n\u0259h\u0259ng bayraqlar\u0131n\u0131 a\u00e7\u0131blar. \u00dcst\u0259lik, h\u0259r \u015fey ruhland\u0131r\u0131c\u0131 v\u0259t\u0259np\u0259rv\u0259rlik mahn\u0131lar\u0131n\u0131n m\u00fc\u015fayi\u0259ti il\u0259 ba\u015f verib. Batumi, Qori v\u0259 \u00f6lk\u0259nin dig\u0259r ya\u015fay\u0131\u015f m\u0259nt\u0259q\u0259l\u0259rind\u0259 d\u0259 m\u00fcxalif\u0259tin mitinql\u0259ri ke\u00e7irilib.<\/p>\n<p>\u201cBiz t\u0259kpartiyal\u0131 hakimiyy\u0259td\u0259n imtina ed\u0259c\u0259yik, q\u00fctbl\u0259\u015fm\u0259 il\u0259, qar\u015f\u0131l\u0131ql\u0131 nifr\u0259tl\u0259 vidala\u015faca\u011f\u0131q, \u00e7\u00fcnki indi dayand\u0131\u011f\u0131m\u0131z v\u0259 alternativsiz olan yol inki\u015faf, s\u00fclh, t\u0259hsil yoludur. Sizin qorxaca\u011f\u0131n\u0131z bir \u015fey yoxdur, \u00e7\u00fcnki siz do\u011fru yoldas\u0131n\u0131z, biz d\u0259 d\u00fcz yolday\u0131q\u201d, &#8211; Zurabi\u015fvili mitinqd\u0259 \u00e7\u0131x\u0131\u015f ed\u0259rk\u0259n deyib.<\/p>\n<p>\u00d6z n\u00f6vb\u0259sind\u0259, A\u0130-nin G\u00fcrc\u00fcstandak\u0131 s\u0259firi Pavel Qer\u00e7inski mitinq \u0259r\u0259f\u0259sind\u0259 bildirib ki, g\u00fcrc\u00fcl\u0259r \u00f6zl\u0259ri v\u0259 u\u015faqlar\u0131 \u00fc\u00e7\u00fcn nec\u0259 g\u0259l\u0259c\u0259k ist\u0259dikl\u0259rin\u0259 q\u0259rar verm\u0259lidirl\u0259r. \u201cH\u0259r birinizin G\u00fcrc\u00fcstan\u0131n A\u0130-y\u0259 \u00fczv olmas\u0131n\u0131 ist\u0259yib-ist\u0259m\u0259diyiniz\u0259 q\u0259rar verm\u0259k imkan\u0131 olacaq&#8230; Biz \u00f6z t\u0259r\u0259fimizd\u0259n sizi salamlama\u011fa haz\u0131r\u0131q. Biz G\u00fcrc\u00fcstan\u0131n A\u0130-y\u0259 \u00fczv olmas\u0131na haz\u0131r\u0131q, lakin bu, ham\u0131m\u0131za aid olan qayda v\u0259 prinsipl\u0259r\u0259 \u0259saslanmal\u0131d\u0131r&#8230; Bu qaydalar \u00e7ox ayd\u0131nd\u0131r: azadl\u0131q, demokratiya, qanunun aliliyi, insan haqlar\u0131. Bu qaydalar A\u0130 m\u00fcqavil\u0259l\u0259rind\u0259 n\u0259z\u0259rd\u0259 tutulub v\u0259 m\u00fczakir\u0259 m\u00f6vzusu deyil\u201d, &#8211; s\u0259fir qeyd edib.<\/p>\n<p>Onun s\u00f6zl\u0259rin\u0259 g\u00f6r\u0259, r\u0259smi Tiflis xarici agentl\u0259r v\u0259 cinsi azl\u0131qlar\u0131n h\u00fcquqlar\u0131n\u0131n pozulmas\u0131 il\u0259 ba\u011fl\u0131 qanunlar\u0131 l\u0259\u011fv etm\u0259s\u0259, \u00f6lk\u0259 A\u0130-y\u0259 daxil ola bilm\u0259y\u0259c\u0259k. Bundan \u0259lav\u0259, qar\u015f\u0131dan g\u0259l\u0259n se\u00e7kil\u0259r \u0259n y\u00fcks\u0259k Avropa standartlar\u0131na cavab verm\u0259lidir, \u0259ks halda g\u00fcrc\u00fcl\u0259r iqtisadi yard\u0131m\u0131n dondurulmas\u0131 hal\u0131nda xo\u015fag\u0259lm\u0259z n\u0259tic\u0259l\u0259rl\u0259 \u00fczl\u0259\u015f\u0259 bil\u0259r. Y\u0259ni Br\u00fcssel indiki hakim partiyan\u0131n m\u00fcmk\u00fcn q\u0259l\u0259b\u0259sini mikroskop alt\u0131na qoyma\u011fa haz\u0131rla\u015f\u0131r.<\/p>\n<p>AB\u015e-\u0131n G\u00fcrc\u00fcstandak\u0131 s\u0259firi Kennet Yalovi\u00e7 b\u0259yan edib ki, g\u00fcrc\u00fc xalq\u0131n\u0131n avtoritarizm v\u0259 demokratiya aras\u0131nda se\u00e7im etm\u0259k qar\u015f\u0131s\u0131nda qald\u0131qda, d\u00fczg\u00fcn se\u00e7im ed\u0259c\u0259yin\u0259 inan\u0131r.<\/p>\n<p>Diplomat\u0131n s\u00f6zl\u0259rin\u0259 g\u00f6r\u0259, \u201cG\u00fcrc\u00fc arzusu\u201d tam f\u0259aliyy\u0259t azadl\u0131\u011f\u0131 \u0259ld\u0259 etm\u0259k \u00fc\u00e7\u00fcn t\u0259kpartiyal\u0131 sistem qurmaq ist\u0259yir. Bu halda Tiflis d\u0259 Rusiya il\u0259 dostluq etm\u0259y\u0259 \u00e7al\u0131\u015facaq, lakin bu, 2008-ci il m\u00fcharib\u0259sinin t\u0259krar\u0131 il\u0259 yekunla\u015facaq.<\/p>\n<p>Bu arada \u201cG\u00fcrc\u00fc arzusu\u201dnun yarad\u0131c\u0131s\u0131 Bidzina \u0130vani\u015fvili iddia edir ki, Avropaya inteqrasiyan\u0131 pozmaqda g\u00fcnahkar onun t\u0259\u015fkilat\u0131 deyil, onun \u0259leyhdarlar\u0131d\u0131r. \u201cC\u0259miyy\u0259ti par\u00e7alamaq, i\u011fti\u015fa\u015flar v\u0259 d\u00f6vl\u0259t \u00e7evrili\u015fl\u0259ri t\u0259\u015fkil etm\u0259k, d\u00f6vl\u0259t\u0259 qar\u015f\u0131 t\u0259xribat t\u00f6r\u0259tm\u0259k \u00fc\u00e7\u00fcn davaml\u0131 c\u0259hdl\u0259rl\u0259 G\u00fcrc\u00fcstana, o c\u00fcml\u0259d\u0259n avrointeqrasiya bax\u0131m\u0131ndan xeyli ziyan vurublar\u201d, &#8211; \u0130vani\u015fvili oktyabr\u0131n 19-da Kutaisid\u0259 se\u00e7ki mitinqind\u0259 \u00e7\u0131x\u0131\u015f ed\u0259rk\u0259n deyib.<\/p>\n<p>Eyni zamanda o, m\u00fcxalif\u0259ti \u201ck\u00f6ks\u00fcz cinay\u0259tkarlar\u0131n son s\u0131\u011f\u0131naca\u011f\u0131\u201d adland\u0131r\u0131b v\u0259 deyib ki, \u201cG\u00fcrc\u00fc arzusu\u201dnun konstitusiya \u00e7oxlu\u011funu \u0259ld\u0259 etm\u0259si laz\u0131md\u0131r.<\/p>\n<p>\u201cG\u00fcrc\u00fc Arzusu\u201dnun yarad\u0131c\u0131s\u0131n\u0131n fikrinc\u0259, m\u00fcxalif\u0259tin m\u00fcqavim\u0259tini q\u0131rd\u0131qdan sonra Avropaya ged\u0259n yolda b\u00fct\u00fcn mane\u0259l\u0259r aradan qalxacaq v\u0259 2030-cu ild\u0259 G\u00fcrc\u00fcstan A\u0130-y\u0259 daxil olacaq.<\/p>\n<p><strong>Araz Altayl\u0131, Musavat.com<\/strong><\/p>\n","protected":false},"excerpt":{"rendered":"<p>G\u00fcrc\u00fcstan m\u00fcxalif\u0259ti Tiflisin m\u0259rk\u0259zind\u0259 ke\u00e7irdiyini izdihaml\u0131 mitinqd\u0259n sonra xeyli \u00fcmidl\u0259nib. \u018fsas \u015f\u00fcar\u0131 \u201cG\u00fcrc\u00fcstan Avropan\u0131 se\u00e7ir\u201d olan aksiyada \u00f6lk\u0259 prezidenti Salome Zurabi\u015fvili il\u0259 yana\u015f\u0131, G\u00fcrc\u00fcstan\u0131n m\u0259\u015fhur musiqi\u00e7il\u0259ri d\u0259 i\u015ftirak edibl\u0259r. M\u00fcxalif\u0259t oktyabr\u0131n 26-da q\u0259l\u0259b\u0259 qazanaca\u011f\u0131na inan\u0131r v\u0259 indiki iqtidar\u0131n m\u00fcqavim\u0259t g\u00f6st\u0259rm\u0259si hal\u0131nda xalq\u0131 m\u00fcbariz\u0259y\u0259 haz\u0131rlama\u011fa s\u0259sl\u0259yir. Y\u00fcr\u00fc\u015f i\u015ftirak\u00e7\u0131lar\u0131 h\u0259l\u0259 aksiya ba\u015flamazdan \u0259vv\u0259l \u0259sas tezisl\u0259rini a\u00e7\u0131qlay\u0131blar: G\u00fcrc\u00fcstan Rusiyan\u0131n \u201c\u0259yal\u0259ti\u201d olmamal\u0131d\u0131r v\u0259 \u00f6lk\u0259d\u0259ki b\u00fct\u00fcn pislikl\u0259r \u201cG\u00fcrc\u00fc arzusu\u201dndan qaynaqlan\u0131r. \u0130nsanlar oktyabr\u0131n 26-n\u0131n Bidzina \u0130vani\u015fvilinin v\u0259 onun siyasi rejiminin hakimiyy\u0259tinin sonunun ba\u015flan\u011f\u0131c\u0131 oldu\u011funa bir-birini inand\u0131raraq, G\u00fcrc\u00fcstan\u0131n v\u0259 Avropa Birliyinin n\u0259h\u0259ng bayraqlar\u0131n\u0131 a\u00e7\u0131blar. \u00dcst\u0259lik, h\u0259r \u015fey&hellip;<\/p>\n","protected":false},"author":2,"featured_media":763148,"comment_status":"closed","ping_status":"closed","sticky":false,"template":"","format":"standard","meta":{"om_disable_all_campaigns":false,"_monsterinsights_skip_tracking":false,"_monsterinsights_sitenote_active":false,"_monsterinsights_sitenote_note":"","_monsterinsights_sitenote_category":0},"categories":[7],"tags":[],"aioseo_notices":[],"gutentor_comment":0,"rttpg_featured_image_url":{"full":["https:\/\/arantv.az\/wp-content\/uploads\/2024\/10\/683ab794b40a89eeef523923c67a9528.jpg",450,300,false],"landscape":["https:\/\/arantv.az\/wp-content\/uploads\/2024\/10\/683ab794b40a89eeef523923c67a9528.jpg",450,300,false],"portraits":["https:\/\/arantv.az\/wp-content\/uploads\/2024\/10\/683ab794b40a89eeef523923c67a9528.jpg",450,300,false],"thumbnail":["https:\/\/arantv.az\/wp-content\/uploads\/2024\/10\/683ab794b40a89eeef523923c67a9528-450x280.jpg",450,280,true],"medium":["https:\/\/arantv.az\/wp-content\/uploads\/2024\/10\/683ab794b40a89eeef523923c67a9528.jpg",450,300,false],"large":["https:\/\/arantv.az\/wp-content\/uploads\/2024\/10\/683ab794b40a89eeef523923c67a9528.jpg",450,300,false],"1536x1536":["https:\/\/arantv.az\/wp-content\/uploads\/2024\/10\/683ab794b40a89eeef523923c67a9528.jpg",450,300,false],"2048x2048":["https:\/\/arantv.az\/wp-content\/uploads\/2024\/10\/683ab794b40a89eeef523923c67a9528.jpg",450,300,false],"post-thumbnail":["https:\/\/arantv.az\/wp-content\/uploads\/2024\/10\/683ab794b40a89eeef523923c67a9528-240x172.jpg",240,172,true],"advps-thumb-one":["https:\/\/arantv.az\/wp-content\/uploads\/2024\/10\/683ab794b40a89eeef523923c67a9528.jpg",450,300,false]},"rttpg_author":{"display_name":"V\u00fcsal Rafiqo\u011flu","author_link":"https:\/\/arantv.az\/?author=2"},"rttpg_comment":0,"rttpg_category":"<a href=\"https:\/\/arantv.az\/?cat=7\" rel=\"category\">D\u00fcnya<\/a>","rttpg_excerpt":"G\u00fcrc\u00fcstan m\u00fcxalif\u0259ti Tiflisin m\u0259rk\u0259zind\u0259 ke\u00e7irdiyini izdihaml\u0131 mitinqd\u0259n sonra xeyli \u00fcmidl\u0259nib. \u018fsas \u015f\u00fcar\u0131 \u201cG\u00fcrc\u00fcstan Avropan\u0131 se\u00e7ir\u201d olan aksiyada \u00f6lk\u0259 prezidenti Salome Zurabi\u015fvili il\u0259 yana\u015f\u0131, G\u00fcrc\u00fcstan\u0131n m\u0259\u015fhur musiqi\u00e7il\u0259ri d\u0259 i\u015ftirak edibl\u0259r. M\u00fcxalif\u0259t oktyabr\u0131n 26-da q\u0259l\u0259b\u0259 qazanaca\u011f\u0131na inan\u0131r v\u0259 indiki iqtidar\u0131n m\u00fcqavim\u0259t g\u00f6st\u0259rm\u0259si hal\u0131nda xalq\u0131 m\u00fcbariz\u0259y\u0259 haz\u0131rlama\u011fa s\u0259sl\u0259yir. Y\u00fcr\u00fc\u015f i\u015ftirak\u00e7\u0131lar\u0131 h\u0259l\u0259 aksiya ba\u015flamazdan \u0259vv\u0259l \u0259sas tezisl\u0259rini a\u00e7\u0131qlay\u0131blar: G\u00fcrc\u00fcstan&hellip;","_links":{"self":[{"href":"https:\/\/arantv.az\/index.php?rest_route=\/wp\/v2\/posts\/763147"}],"collection":[{"href":"https:\/\/arantv.az\/index.php?rest_route=\/wp\/v2\/posts"}],"about":[{"href":"https:\/\/arantv.az\/index.php?rest_route=\/wp\/v2\/types\/post"}],"author":[{"embeddable":true,"href":"https:\/\/arantv.az\/index.php?rest_route=\/wp\/v2\/users\/2"}],"replies":[{"embeddable":true,"href":"https:\/\/arantv.az\/index.php?rest_route=%2Fwp%2Fv2%2Fcomments&post=763147"}],"version-history":[{"count":2,"href":"https:\/\/arantv.az\/index.php?rest_route=\/wp\/v2\/posts\/763147\/revisions"}],"predecessor-version":[{"id":763150,"href":"https:\/\/arantv.az\/index.php?rest_route=\/wp\/v2\/posts\/763147\/revisions\/763150"}],"wp:featuredmedia":[{"embeddable":true,"href":"https:\/\/arantv.az\/index.php?rest_route=\/wp\/v2\/media\/763148"}],"wp:attachment":[{"href":"https:\/\/arantv.az\/index.php?rest_route=%2Fwp%2Fv2%2Fmedia&parent=763147"}],"wp:term":[{"taxonomy":"category","embeddable":true,"href":"https:\/\/arantv.az\/index.php?rest_route=%2Fwp%2Fv2%2Fcategories&post=763147"},{"taxonomy":"post_tag","embeddable":true,"href":"https:\/\/arantv.az\/index.php?rest_route=%2Fwp%2Fv2%2Ftags&post=763147"}],"curies":[{"name":"wp","href":"https:\/\/api.w.org\/{rel}","templated":true}]}}