{"id":763168,"date":"2024-10-21T17:21:54","date_gmt":"2024-10-21T13:21:54","guid":{"rendered":"https:\/\/arantv.az\/?p=763168"},"modified":"2024-10-21T17:21:54","modified_gmt":"2024-10-21T13:21:54","slug":"cop29-da-qeydiyyatdan-kec%c9%99nl%c9%99rin-ilkin-sayi-aciqlanib","status":"publish","type":"post","link":"https:\/\/arantv.az\/?p=763168","title":{"rendered":"COP29-da qeydiyyatdan ke\u00e7\u0259nl\u0259rin ilkin say\u0131 a\u00e7\u0131qlan\u0131b"},"content":{"rendered":"<p><strong>Haz\u0131rk\u0131 tarix\u0259 olan m\u0259lumata \u0259sas\u0259n, bu ilin 11-22 noyabr\u0131nda Bak\u0131da ke\u00e7iril\u0259c\u0259k Birl\u0259\u015fmi\u015f Mill\u0259tl\u0259r T\u0259\u015fkilat\u0131n\u0131n \u0130qlim D\u0259yi\u015fm\u0259l\u0259ri \u00fczr\u0259 \u00c7\u0259r\u00e7iv\u0259 Konvensiyas\u0131n\u0131n T\u0259r\u0259fl\u0259r Konfrans\u0131n\u0131n 29-cu sessiyas\u0131nda i\u015ftirak \u00fc\u00e7\u00fcn m\u00fcvafiq qeydiyyat prosesind\u0259n ke\u00e7\u0259n i\u015ftirak\u00e7\u0131lar\u0131n say\u0131 32 min n\u0259f\u0259ri ke\u00e7ib.<\/strong><\/p>\n<p>Bu bar\u0259d\u0259\u00a0<strong>Musavat.com<\/strong>-a\u00a0COP29 Az\u0259rbaycan \u018fm\u0259liyyat \u015eirk\u0259tind\u0259n m\u0259lumat verilib.<\/p>\n<p>Qeyd ed\u0259k ki, beyn\u0259lxalq iqlim konfrans\u0131nda i\u015ftirakla ba\u011fl\u0131 qeydiyyat prosesin\u0259 bu ilin 24 iyun tarixind\u0259n etibar\u0259n ba\u015flan\u0131l\u0131b. D\u00fcnyan\u0131n m\u00fcxt\u0259lif \u00f6lk\u0259l\u0259rind\u0259n konfransda i\u015ftiraka dair g\u00f6st\u0259ril\u0259n maraq qeydiyyatdan ke\u00e7\u0259nl\u0259rin say\u0131n\u0131n da g\u00fcnb\u0259g\u00fcn art\u0131m\u0131 il\u0259 m\u00fc\u015faiy\u0259t edilir. COP t\u0259dbirl\u0259rin\u0259 xas olan \u0259ks\u0259r deleqasiyalar\u0131n t\u0259dbir\u0259 daha yax\u0131n tarixl\u0259rd\u0259 qeydiyyat \u00fc\u00e7\u00fcn m\u00fcraci\u0259t etm\u0259 tendensiyas\u0131 n\u0259z\u0259r\u0259 al\u0131naraq, davam ed\u0259n qeydiyyat prosesi \u0259rzind\u0259 bu r\u0259q\u0259ml\u0259rin yax\u0131n h\u0259ft\u0259l\u0259rd\u0259 daha da artmas\u0131 g\u00f6zl\u0259nilir.<\/p>\n<p>Qeyd ed\u0259k ki, 11-22 noyabr tarixl\u0259rind\u0259 Bak\u0131da ke\u00e7iril\u0259c\u0259k COP29 konfrans\u0131 beyn\u0259lxalq iqlim siyas\u0259tinin formala\u015fmas\u0131nda \u0259sas platforma olaraq, d\u00fcnya miqyas\u0131nda iqlim d\u0259yi\u015fm\u0259l\u0259rin\u0259 qar\u015f\u0131 m\u00fcbariz\u0259 m\u0259s\u0259l\u0259l\u0259rinin m\u00fczakir\u0259 m\u0259rk\u0259zi olacaq. D\u00fcnyan\u0131n bir s\u0131ra \u00f6lk\u0259l\u0259rind\u0259n bu m\u00fczakir\u0259l\u0259rd\u0259 i\u015ftirak etm\u0259k \u00fc\u00e7\u00fcn onminl\u0259rl\u0259 n\u00fcmay\u0259nd\u0259nin Bak\u0131da qar\u015f\u0131lanmas\u0131 \u00fc\u00e7\u00fcn yekun haz\u0131rl\u0131q i\u015fl\u0259ri davam etdirilir.<\/p>\n","protected":false},"excerpt":{"rendered":"<p>Haz\u0131rk\u0131 tarix\u0259 olan m\u0259lumata \u0259sas\u0259n, bu ilin 11-22 noyabr\u0131nda Bak\u0131da ke\u00e7iril\u0259c\u0259k Birl\u0259\u015fmi\u015f Mill\u0259tl\u0259r T\u0259\u015fkilat\u0131n\u0131n \u0130qlim D\u0259yi\u015fm\u0259l\u0259ri \u00fczr\u0259 \u00c7\u0259r\u00e7iv\u0259 Konvensiyas\u0131n\u0131n T\u0259r\u0259fl\u0259r Konfrans\u0131n\u0131n 29-cu sessiyas\u0131nda i\u015ftirak \u00fc\u00e7\u00fcn m\u00fcvafiq qeydiyyat prosesind\u0259n ke\u00e7\u0259n i\u015ftirak\u00e7\u0131lar\u0131n say\u0131 32 min n\u0259f\u0259ri ke\u00e7ib. Bu bar\u0259d\u0259\u00a0Musavat.com-a\u00a0COP29 Az\u0259rbaycan \u018fm\u0259liyyat \u015eirk\u0259tind\u0259n m\u0259lumat verilib. Qeyd ed\u0259k ki, beyn\u0259lxalq iqlim konfrans\u0131nda i\u015ftirakla ba\u011fl\u0131 qeydiyyat prosesin\u0259 bu ilin 24 iyun tarixind\u0259n etibar\u0259n ba\u015flan\u0131l\u0131b. D\u00fcnyan\u0131n m\u00fcxt\u0259lif \u00f6lk\u0259l\u0259rind\u0259n konfransda i\u015ftiraka dair g\u00f6st\u0259ril\u0259n maraq qeydiyyatdan ke\u00e7\u0259nl\u0259rin say\u0131n\u0131n da g\u00fcnb\u0259g\u00fcn art\u0131m\u0131 il\u0259 m\u00fc\u015faiy\u0259t edilir. COP t\u0259dbirl\u0259rin\u0259 xas olan \u0259ks\u0259r deleqasiyalar\u0131n t\u0259dbir\u0259 daha yax\u0131n tarixl\u0259rd\u0259 qeydiyyat \u00fc\u00e7\u00fcn m\u00fcraci\u0259t etm\u0259&hellip;<\/p>\n","protected":false},"author":2,"featured_media":763169,"comment_status":"closed","ping_status":"closed","sticky":false,"template":"","format":"standard","meta":{"om_disable_all_campaigns":false,"_monsterinsights_skip_tracking":false,"_monsterinsights_sitenote_active":false,"_monsterinsights_sitenote_note":"","_monsterinsights_sitenote_category":0},"categories":[1],"tags":[],"aioseo_notices":[],"gutentor_comment":0,"rttpg_featured_image_url":{"full":["https:\/\/arantv.az\/wp-content\/uploads\/2024\/10\/7234397f807d030e7913ba0edfbda03c.jpg",850,500,false],"landscape":["https:\/\/arantv.az\/wp-content\/uploads\/2024\/10\/7234397f807d030e7913ba0edfbda03c.jpg",850,500,false],"portraits":["https:\/\/arantv.az\/wp-content\/uploads\/2024\/10\/7234397f807d030e7913ba0edfbda03c.jpg",850,500,false],"thumbnail":["https:\/\/arantv.az\/wp-content\/uploads\/2024\/10\/7234397f807d030e7913ba0edfbda03c-500x280.jpg",500,280,true],"medium":["https:\/\/arantv.az\/wp-content\/uploads\/2024\/10\/7234397f807d030e7913ba0edfbda03c-621x365.jpg",621,365,true],"large":["https:\/\/arantv.az\/wp-content\/uploads\/2024\/10\/7234397f807d030e7913ba0edfbda03c-840x494.jpg",640,376,true],"1536x1536":["https:\/\/arantv.az\/wp-content\/uploads\/2024\/10\/7234397f807d030e7913ba0edfbda03c.jpg",850,500,false],"2048x2048":["https:\/\/arantv.az\/wp-content\/uploads\/2024\/10\/7234397f807d030e7913ba0edfbda03c.jpg",850,500,false],"post-thumbnail":["https:\/\/arantv.az\/wp-content\/uploads\/2024\/10\/7234397f807d030e7913ba0edfbda03c-240x172.jpg",240,172,true],"advps-thumb-one":["https:\/\/arantv.az\/wp-content\/uploads\/2024\/10\/7234397f807d030e7913ba0edfbda03c.jpg",850,500,false]},"rttpg_author":{"display_name":"V\u00fcsal Rafiqo\u011flu","author_link":"https:\/\/arantv.az\/?author=2"},"rttpg_comment":0,"rttpg_category":"<a href=\"https:\/\/arantv.az\/?cat=1\" rel=\"category\">C\u0259miyy\u0259t<\/a>","rttpg_excerpt":"Haz\u0131rk\u0131 tarix\u0259 olan m\u0259lumata \u0259sas\u0259n, bu ilin 11-22 noyabr\u0131nda Bak\u0131da ke\u00e7iril\u0259c\u0259k Birl\u0259\u015fmi\u015f Mill\u0259tl\u0259r T\u0259\u015fkilat\u0131n\u0131n \u0130qlim D\u0259yi\u015fm\u0259l\u0259ri \u00fczr\u0259 \u00c7\u0259r\u00e7iv\u0259 Konvensiyas\u0131n\u0131n T\u0259r\u0259fl\u0259r Konfrans\u0131n\u0131n 29-cu sessiyas\u0131nda i\u015ftirak \u00fc\u00e7\u00fcn m\u00fcvafiq qeydiyyat prosesind\u0259n ke\u00e7\u0259n i\u015ftirak\u00e7\u0131lar\u0131n say\u0131 32 min n\u0259f\u0259ri ke\u00e7ib. Bu bar\u0259d\u0259\u00a0Musavat.com-a\u00a0COP29 Az\u0259rbaycan \u018fm\u0259liyyat \u015eirk\u0259tind\u0259n m\u0259lumat verilib. Qeyd ed\u0259k ki, beyn\u0259lxalq iqlim konfrans\u0131nda i\u015ftirakla ba\u011fl\u0131 qeydiyyat prosesin\u0259 bu ilin 24&hellip;","_links":{"self":[{"href":"https:\/\/arantv.az\/index.php?rest_route=\/wp\/v2\/posts\/763168"}],"collection":[{"href":"https:\/\/arantv.az\/index.php?rest_route=\/wp\/v2\/posts"}],"about":[{"href":"https:\/\/arantv.az\/index.php?rest_route=\/wp\/v2\/types\/post"}],"author":[{"embeddable":true,"href":"https:\/\/arantv.az\/index.php?rest_route=\/wp\/v2\/users\/2"}],"replies":[{"embeddable":true,"href":"https:\/\/arantv.az\/index.php?rest_route=%2Fwp%2Fv2%2Fcomments&post=763168"}],"version-history":[{"count":1,"href":"https:\/\/arantv.az\/index.php?rest_route=\/wp\/v2\/posts\/763168\/revisions"}],"predecessor-version":[{"id":763170,"href":"https:\/\/arantv.az\/index.php?rest_route=\/wp\/v2\/posts\/763168\/revisions\/763170"}],"wp:featuredmedia":[{"embeddable":true,"href":"https:\/\/arantv.az\/index.php?rest_route=\/wp\/v2\/media\/763169"}],"wp:attachment":[{"href":"https:\/\/arantv.az\/index.php?rest_route=%2Fwp%2Fv2%2Fmedia&parent=763168"}],"wp:term":[{"taxonomy":"category","embeddable":true,"href":"https:\/\/arantv.az\/index.php?rest_route=%2Fwp%2Fv2%2Fcategories&post=763168"},{"taxonomy":"post_tag","embeddable":true,"href":"https:\/\/arantv.az\/index.php?rest_route=%2Fwp%2Fv2%2Ftags&post=763168"}],"curies":[{"name":"wp","href":"https:\/\/api.w.org\/{rel}","templated":true}]}}