{"id":763174,"date":"2024-10-21T17:23:50","date_gmt":"2024-10-21T13:23:50","guid":{"rendered":"https:\/\/arantv.az\/?p=763174"},"modified":"2024-10-21T17:23:50","modified_gmt":"2024-10-21T13:23:50","slug":"naxcivanin-dag-k%c9%99ndl%c9%99rin%c9%99-ilk-qar-yagib","status":"publish","type":"post","link":"https:\/\/arantv.az\/?p=763174","title":{"rendered":"Nax\u00e7\u0131van\u0131n da\u011f k\u0259ndl\u0259rin\u0259 ilk qar ya\u011f\u0131b"},"content":{"rendered":"<p>Nax\u00e7\u0131van Muxtar Respublikas\u0131n\u0131n (MR) da\u011f k\u0259ndl\u0259rin\u0259 ilk qar ya\u011f\u0131b.<\/p>\n<p>&#8220;Report&#8221;un yerli b\u00fcrosu x\u0259b\u0259r verir ki, oktyabr\u0131n 21-i g\u00fcnorta saatlar\u0131ndan ba\u015flayaraq ya\u011fan qar \u015eahbuz v\u0259 Ordubad rayonlar\u0131n\u0131n da\u011f k\u0259ndl\u0259rind\u0259 daha intensiv olub.<\/p>\n<p>Haz\u0131rda muxtar respublikan\u0131n \u0259razisind\u0259 soyuq v\u0259 ya\u011f\u0131nt\u0131l\u0131 hava \u015f\u0259raiti h\u00f6km s\u00fcr\u00fcr.<\/p>\n","protected":false},"excerpt":{"rendered":"<p>Nax\u00e7\u0131van Muxtar Respublikas\u0131n\u0131n (MR) da\u011f k\u0259ndl\u0259rin\u0259 ilk qar ya\u011f\u0131b. &#8220;Report&#8221;un yerli b\u00fcrosu x\u0259b\u0259r verir ki, oktyabr\u0131n 21-i g\u00fcnorta saatlar\u0131ndan ba\u015flayaraq ya\u011fan qar \u015eahbuz v\u0259 Ordubad rayonlar\u0131n\u0131n da\u011f k\u0259ndl\u0259rind\u0259 daha intensiv olub. Haz\u0131rda muxtar respublikan\u0131n \u0259razisind\u0259 soyuq v\u0259 ya\u011f\u0131nt\u0131l\u0131 hava \u015f\u0259raiti h\u00f6km s\u00fcr\u00fcr.<\/p>\n","protected":false},"author":2,"featured_media":763175,"comment_status":"closed","ping_status":"closed","sticky":false,"template":"","format":"standard","meta":{"om_disable_all_campaigns":false,"_monsterinsights_skip_tracking":false,"_monsterinsights_sitenote_active":false,"_monsterinsights_sitenote_note":"","_monsterinsights_sitenote_category":0},"categories":[1],"tags":[],"aioseo_notices":[],"gutentor_comment":0,"rttpg_featured_image_url":{"full":["https:\/\/arantv.az\/wp-content\/uploads\/2024\/10\/bac52e84ace55e76defa9a003de2b69c.jpg",850,500,false],"landscape":["https:\/\/arantv.az\/wp-content\/uploads\/2024\/10\/bac52e84ace55e76defa9a003de2b69c.jpg",850,500,false],"portraits":["https:\/\/arantv.az\/wp-content\/uploads\/2024\/10\/bac52e84ace55e76defa9a003de2b69c.jpg",850,500,false],"thumbnail":["https:\/\/arantv.az\/wp-content\/uploads\/2024\/10\/bac52e84ace55e76defa9a003de2b69c-500x280.jpg",500,280,true],"medium":["https:\/\/arantv.az\/wp-content\/uploads\/2024\/10\/bac52e84ace55e76defa9a003de2b69c-621x365.jpg",621,365,true],"large":["https:\/\/arantv.az\/wp-content\/uploads\/2024\/10\/bac52e84ace55e76defa9a003de2b69c-840x494.jpg",640,376,true],"1536x1536":["https:\/\/arantv.az\/wp-content\/uploads\/2024\/10\/bac52e84ace55e76defa9a003de2b69c.jpg",850,500,false],"2048x2048":["https:\/\/arantv.az\/wp-content\/uploads\/2024\/10\/bac52e84ace55e76defa9a003de2b69c.jpg",850,500,false],"post-thumbnail":["https:\/\/arantv.az\/wp-content\/uploads\/2024\/10\/bac52e84ace55e76defa9a003de2b69c-240x172.jpg",240,172,true],"advps-thumb-one":["https:\/\/arantv.az\/wp-content\/uploads\/2024\/10\/bac52e84ace55e76defa9a003de2b69c.jpg",850,500,false]},"rttpg_author":{"display_name":"V\u00fcsal Rafiqo\u011flu","author_link":"https:\/\/arantv.az\/?author=2"},"rttpg_comment":0,"rttpg_category":"<a href=\"https:\/\/arantv.az\/?cat=1\" rel=\"category\">C\u0259miyy\u0259t<\/a>","rttpg_excerpt":"Nax\u00e7\u0131van Muxtar Respublikas\u0131n\u0131n (MR) da\u011f k\u0259ndl\u0259rin\u0259 ilk qar ya\u011f\u0131b. &#8220;Report&#8221;un yerli b\u00fcrosu x\u0259b\u0259r verir ki, oktyabr\u0131n 21-i g\u00fcnorta saatlar\u0131ndan ba\u015flayaraq ya\u011fan qar \u015eahbuz v\u0259 Ordubad rayonlar\u0131n\u0131n da\u011f k\u0259ndl\u0259rind\u0259 daha intensiv olub. Haz\u0131rda muxtar respublikan\u0131n \u0259razisind\u0259 soyuq v\u0259 ya\u011f\u0131nt\u0131l\u0131 hava \u015f\u0259raiti h\u00f6km s\u00fcr\u00fcr.","_links":{"self":[{"href":"https:\/\/arantv.az\/index.php?rest_route=\/wp\/v2\/posts\/763174"}],"collection":[{"href":"https:\/\/arantv.az\/index.php?rest_route=\/wp\/v2\/posts"}],"about":[{"href":"https:\/\/arantv.az\/index.php?rest_route=\/wp\/v2\/types\/post"}],"author":[{"embeddable":true,"href":"https:\/\/arantv.az\/index.php?rest_route=\/wp\/v2\/users\/2"}],"replies":[{"embeddable":true,"href":"https:\/\/arantv.az\/index.php?rest_route=%2Fwp%2Fv2%2Fcomments&post=763174"}],"version-history":[{"count":1,"href":"https:\/\/arantv.az\/index.php?rest_route=\/wp\/v2\/posts\/763174\/revisions"}],"predecessor-version":[{"id":763176,"href":"https:\/\/arantv.az\/index.php?rest_route=\/wp\/v2\/posts\/763174\/revisions\/763176"}],"wp:featuredmedia":[{"embeddable":true,"href":"https:\/\/arantv.az\/index.php?rest_route=\/wp\/v2\/media\/763175"}],"wp:attachment":[{"href":"https:\/\/arantv.az\/index.php?rest_route=%2Fwp%2Fv2%2Fmedia&parent=763174"}],"wp:term":[{"taxonomy":"category","embeddable":true,"href":"https:\/\/arantv.az\/index.php?rest_route=%2Fwp%2Fv2%2Fcategories&post=763174"},{"taxonomy":"post_tag","embeddable":true,"href":"https:\/\/arantv.az\/index.php?rest_route=%2Fwp%2Fv2%2Ftags&post=763174"}],"curies":[{"name":"wp","href":"https:\/\/api.w.org\/{rel}","templated":true}]}}