{"id":763189,"date":"2024-10-21T17:30:41","date_gmt":"2024-10-21T13:30:41","guid":{"rendered":"https:\/\/arantv.az\/?p=763189"},"modified":"2024-10-21T17:30:41","modified_gmt":"2024-10-21T13:30:41","slug":"xalq-artisti-kibercinay%c9%99tkarliqla-mubariz%c9%99-bas-idar%c9%99sin%c9%99-muraci%c9%99t-etdi","status":"publish","type":"post","link":"https:\/\/arantv.az\/?p=763189","title":{"rendered":"Xalq artisti Kibercinay\u0259tkarl\u0131qla M\u00fcbariz\u0259 Ba\u015f \u0130dar\u0259sin\u0259 m\u00fcraci\u0259t etdi"},"content":{"rendered":"<p>Xalq artisti M\u0259nsum \u0130brahimov sosial mediada ona qar\u015f\u0131 apar\u0131lan qarayaxma kampaniyalar\u0131na m\u00fcnasib\u0259t bildirib.<\/p>\n<p>Bu bar\u0259d\u0259 o, Modern.az-a m\u0259lumat verib.<\/p>\n<p>Xalq artisti sosial \u015f\u0259b\u0259k\u0259l\u0259rd\u0259 ona qar\u015f\u0131 m\u0259qs\u0259dli qarayaxma kampaniyas\u0131 apar\u0131ld\u0131\u011f\u0131n\u0131 v\u0259 bununla ba\u011fl\u0131 Kibercinay\u0259tkarl\u0131qla M\u00fcbariz\u0259 \u0130dar\u0259sin\u0259 v\u0259 dig\u0259r d\u00f6vl\u0259t orqanlar\u0131na m\u00fcraci\u0259t etdiyini deyib.<\/p>\n<p>&#8220;M\u0259n\u0259 aid olmayan videomateriallar\u0131 q\u0259sd\u0259n yayan, sosial \u015f\u0259b\u0259k\u0259l\u0259rd\u0259 s\u0259simi montajlayaraq tirajlayanlar qanun qar\u015f\u0131s\u0131nda cavab ver\u0259c\u0259kl\u0259r&#8221;, &#8211; dey\u0259 M\u0259nsum \u0130brahimov vur\u011fulay\u0131b.<\/p>\n<p>Qeyd ed\u0259k ki, son g\u00fcnl\u0259r sosial \u015f\u0259b\u0259k\u0259l\u0259rd\u0259 M\u0259nsum \u0130brahimovun 2000-ci ill\u0259rin \u0259vv\u0259ll\u0259rind\u0259 \u00e7\u0259kildiyi bildiril\u0259n mu\u011fam t\u0259snifinin xaric oxumas\u0131 iddias\u0131 il\u0259 ba\u011fl\u0131 g\u00f6r\u00fcnt\u00fcl\u0259r, Can\u0259li \u018fkb\u0259rovun is\u0259 Xalq artisti haqq\u0131nda t\u0259nqidi \u00e7\u0131x\u0131\u015f\u0131 v\u0259 dig\u0259r bu q\u0259bild\u0259n olan videolar yay\u0131l\u0131b.<\/p>\n","protected":false},"excerpt":{"rendered":"<p>Xalq artisti M\u0259nsum \u0130brahimov sosial mediada ona qar\u015f\u0131 apar\u0131lan qarayaxma kampaniyalar\u0131na m\u00fcnasib\u0259t bildirib. Bu bar\u0259d\u0259 o, Modern.az-a m\u0259lumat verib. Xalq artisti sosial \u015f\u0259b\u0259k\u0259l\u0259rd\u0259 ona qar\u015f\u0131 m\u0259qs\u0259dli qarayaxma kampaniyas\u0131 apar\u0131ld\u0131\u011f\u0131n\u0131 v\u0259 bununla ba\u011fl\u0131 Kibercinay\u0259tkarl\u0131qla M\u00fcbariz\u0259 \u0130dar\u0259sin\u0259 v\u0259 dig\u0259r d\u00f6vl\u0259t orqanlar\u0131na m\u00fcraci\u0259t etdiyini deyib. &#8220;M\u0259n\u0259 aid olmayan videomateriallar\u0131 q\u0259sd\u0259n yayan, sosial \u015f\u0259b\u0259k\u0259l\u0259rd\u0259 s\u0259simi montajlayaraq tirajlayanlar qanun qar\u015f\u0131s\u0131nda cavab ver\u0259c\u0259kl\u0259r&#8221;, &#8211; dey\u0259 M\u0259nsum \u0130brahimov vur\u011fulay\u0131b. Qeyd ed\u0259k ki, son g\u00fcnl\u0259r sosial \u015f\u0259b\u0259k\u0259l\u0259rd\u0259 M\u0259nsum \u0130brahimovun 2000-ci ill\u0259rin \u0259vv\u0259ll\u0259rind\u0259 \u00e7\u0259kildiyi bildiril\u0259n mu\u011fam t\u0259snifinin xaric oxumas\u0131 iddias\u0131 il\u0259 ba\u011fl\u0131 g\u00f6r\u00fcnt\u00fcl\u0259r, Can\u0259li \u018fkb\u0259rovun is\u0259 Xalq artisti haqq\u0131nda&hellip;<\/p>\n","protected":false},"author":2,"featured_media":763190,"comment_status":"closed","ping_status":"closed","sticky":false,"template":"","format":"standard","meta":{"om_disable_all_campaigns":false,"_monsterinsights_skip_tracking":false,"_monsterinsights_sitenote_active":false,"_monsterinsights_sitenote_note":"","_monsterinsights_sitenote_category":0},"categories":[20],"tags":[],"aioseo_notices":[],"gutentor_comment":0,"rttpg_featured_image_url":{"full":["https:\/\/arantv.az\/wp-content\/uploads\/2024\/10\/1590ff99e6656369d6342b4a61c189c3.jpg",870,500,false],"landscape":["https:\/\/arantv.az\/wp-content\/uploads\/2024\/10\/1590ff99e6656369d6342b4a61c189c3.jpg",870,500,false],"portraits":["https:\/\/arantv.az\/wp-content\/uploads\/2024\/10\/1590ff99e6656369d6342b4a61c189c3.jpg",870,500,false],"thumbnail":["https:\/\/arantv.az\/wp-content\/uploads\/2024\/10\/1590ff99e6656369d6342b4a61c189c3-500x280.jpg",500,280,true],"medium":["https:\/\/arantv.az\/wp-content\/uploads\/2024\/10\/1590ff99e6656369d6342b4a61c189c3-635x365.jpg",635,365,true],"large":["https:\/\/arantv.az\/wp-content\/uploads\/2024\/10\/1590ff99e6656369d6342b4a61c189c3-840x483.jpg",640,368,true],"1536x1536":["https:\/\/arantv.az\/wp-content\/uploads\/2024\/10\/1590ff99e6656369d6342b4a61c189c3.jpg",870,500,false],"2048x2048":["https:\/\/arantv.az\/wp-content\/uploads\/2024\/10\/1590ff99e6656369d6342b4a61c189c3.jpg",870,500,false],"post-thumbnail":["https:\/\/arantv.az\/wp-content\/uploads\/2024\/10\/1590ff99e6656369d6342b4a61c189c3-240x172.jpg",240,172,true],"advps-thumb-one":["https:\/\/arantv.az\/wp-content\/uploads\/2024\/10\/1590ff99e6656369d6342b4a61c189c3.jpg",870,500,false]},"rttpg_author":{"display_name":"V\u00fcsal Rafiqo\u011flu","author_link":"https:\/\/arantv.az\/?author=2"},"rttpg_comment":0,"rttpg_category":"<a href=\"https:\/\/arantv.az\/?cat=20\" rel=\"category\">\u015eou biznes<\/a>","rttpg_excerpt":"Xalq artisti M\u0259nsum \u0130brahimov sosial mediada ona qar\u015f\u0131 apar\u0131lan qarayaxma kampaniyalar\u0131na m\u00fcnasib\u0259t bildirib. Bu bar\u0259d\u0259 o, Modern.az-a m\u0259lumat verib. Xalq artisti sosial \u015f\u0259b\u0259k\u0259l\u0259rd\u0259 ona qar\u015f\u0131 m\u0259qs\u0259dli qarayaxma kampaniyas\u0131 apar\u0131ld\u0131\u011f\u0131n\u0131 v\u0259 bununla ba\u011fl\u0131 Kibercinay\u0259tkarl\u0131qla M\u00fcbariz\u0259 \u0130dar\u0259sin\u0259 v\u0259 dig\u0259r d\u00f6vl\u0259t orqanlar\u0131na m\u00fcraci\u0259t etdiyini deyib. &#8220;M\u0259n\u0259 aid olmayan videomateriallar\u0131 q\u0259sd\u0259n yayan, sosial \u015f\u0259b\u0259k\u0259l\u0259rd\u0259 s\u0259simi montajlayaraq tirajlayanlar qanun qar\u015f\u0131s\u0131nda&hellip;","_links":{"self":[{"href":"https:\/\/arantv.az\/index.php?rest_route=\/wp\/v2\/posts\/763189"}],"collection":[{"href":"https:\/\/arantv.az\/index.php?rest_route=\/wp\/v2\/posts"}],"about":[{"href":"https:\/\/arantv.az\/index.php?rest_route=\/wp\/v2\/types\/post"}],"author":[{"embeddable":true,"href":"https:\/\/arantv.az\/index.php?rest_route=\/wp\/v2\/users\/2"}],"replies":[{"embeddable":true,"href":"https:\/\/arantv.az\/index.php?rest_route=%2Fwp%2Fv2%2Fcomments&post=763189"}],"version-history":[{"count":1,"href":"https:\/\/arantv.az\/index.php?rest_route=\/wp\/v2\/posts\/763189\/revisions"}],"predecessor-version":[{"id":763191,"href":"https:\/\/arantv.az\/index.php?rest_route=\/wp\/v2\/posts\/763189\/revisions\/763191"}],"wp:featuredmedia":[{"embeddable":true,"href":"https:\/\/arantv.az\/index.php?rest_route=\/wp\/v2\/media\/763190"}],"wp:attachment":[{"href":"https:\/\/arantv.az\/index.php?rest_route=%2Fwp%2Fv2%2Fmedia&parent=763189"}],"wp:term":[{"taxonomy":"category","embeddable":true,"href":"https:\/\/arantv.az\/index.php?rest_route=%2Fwp%2Fv2%2Fcategories&post=763189"},{"taxonomy":"post_tag","embeddable":true,"href":"https:\/\/arantv.az\/index.php?rest_route=%2Fwp%2Fv2%2Ftags&post=763189"}],"curies":[{"name":"wp","href":"https:\/\/api.w.org\/{rel}","templated":true}]}}