{"id":763214,"date":"2024-10-21T17:37:32","date_gmt":"2024-10-21T13:37:32","guid":{"rendered":"https:\/\/arantv.az\/?p=763214"},"modified":"2024-10-21T17:37:32","modified_gmt":"2024-10-21T13:37:32","slug":"az%c9%99rbaycanda-cop29-la-bagli-park-salinacaq","status":"publish","type":"post","link":"https:\/\/arantv.az\/?p=763214","title":{"rendered":"Az\u0259rbaycanda COP29-la ba\u011fl\u0131 park sal\u0131nacaq"},"content":{"rendered":"<p>Az\u0259rbaycanda COP29 \u00e7\u0259r\u00e7iv\u0259sind\u0259 COP29 Miras park\u0131 sal\u0131nacaq.<\/p>\n<p>&#8220;Qafqazinfo&#8221;\u00a0<a title=\"xeberler son xeberler 2024\" href=\"https:\/\/big.az\/\" target=\"_blank\" rel=\"noopener\">x\u0259b\u0259r<\/a>\u00a0verir ki, bunu COP29 \u018fm\u0259liyyat \u015eirk\u0259tinin Koordinasiya \u015euras\u0131n\u0131n \u00fczv\u00fc Ayan N\u0259c\u0259f Heyd\u0259r \u018fliyev M\u0259rk\u0259zind\u0259 media n\u00fcmay\u0259nd\u0259l\u0259ri \u00fc\u00e7\u00fcn &#8220;ESG Hesabatlar\u0131n\u0131n T\u0259rifi v\u0259 T\u0259hlili&#8221; m\u00f6vzusunda ke\u00e7iril\u0259n seminarda \u00e7\u0131x\u0131\u015f\u0131 zaman\u0131 deyib.<\/p>\n<div class=\"AdviadNativeVideo\"><\/div>\n<p>Onun s\u00f6zl\u0259rin\u0259 g\u00f6r\u0259, bu m\u0259qs\u0259dl\u0259 10 hektar \u0259razid\u0259 10 min \u0259d\u0259d Pavlovniya a\u011fac\u0131 \u0259kil\u0259c\u0259k.<\/p>\n","protected":false},"excerpt":{"rendered":"<p>Az\u0259rbaycanda COP29 \u00e7\u0259r\u00e7iv\u0259sind\u0259 COP29 Miras park\u0131 sal\u0131nacaq. &#8220;Qafqazinfo&#8221;\u00a0x\u0259b\u0259r\u00a0verir ki, bunu COP29 \u018fm\u0259liyyat \u015eirk\u0259tinin Koordinasiya \u015euras\u0131n\u0131n \u00fczv\u00fc Ayan N\u0259c\u0259f Heyd\u0259r \u018fliyev M\u0259rk\u0259zind\u0259 media n\u00fcmay\u0259nd\u0259l\u0259ri \u00fc\u00e7\u00fcn &#8220;ESG Hesabatlar\u0131n\u0131n T\u0259rifi v\u0259 T\u0259hlili&#8221; m\u00f6vzusunda ke\u00e7iril\u0259n seminarda \u00e7\u0131x\u0131\u015f\u0131 zaman\u0131 deyib. Onun s\u00f6zl\u0259rin\u0259 g\u00f6r\u0259, bu m\u0259qs\u0259dl\u0259 10 hektar \u0259razid\u0259 10 min \u0259d\u0259d Pavlovniya a\u011fac\u0131 \u0259kil\u0259c\u0259k.<\/p>\n","protected":false},"author":2,"featured_media":763215,"comment_status":"closed","ping_status":"closed","sticky":false,"template":"","format":"standard","meta":{"om_disable_all_campaigns":false,"_monsterinsights_skip_tracking":false,"_monsterinsights_sitenote_active":false,"_monsterinsights_sitenote_note":"","_monsterinsights_sitenote_category":0},"categories":[1],"tags":[],"aioseo_notices":[],"gutentor_comment":0,"rttpg_featured_image_url":{"full":["https:\/\/arantv.az\/wp-content\/uploads\/2024\/10\/az_31729509669.jpg",637,400,false],"landscape":["https:\/\/arantv.az\/wp-content\/uploads\/2024\/10\/az_31729509669.jpg",637,400,false],"portraits":["https:\/\/arantv.az\/wp-content\/uploads\/2024\/10\/az_31729509669.jpg",637,400,false],"thumbnail":["https:\/\/arantv.az\/wp-content\/uploads\/2024\/10\/az_31729509669-500x280.jpg",500,280,true],"medium":["https:\/\/arantv.az\/wp-content\/uploads\/2024\/10\/az_31729509669-581x365.jpg",581,365,true],"large":["https:\/\/arantv.az\/wp-content\/uploads\/2024\/10\/az_31729509669.jpg",637,400,false],"1536x1536":["https:\/\/arantv.az\/wp-content\/uploads\/2024\/10\/az_31729509669.jpg",637,400,false],"2048x2048":["https:\/\/arantv.az\/wp-content\/uploads\/2024\/10\/az_31729509669.jpg",637,400,false],"post-thumbnail":["https:\/\/arantv.az\/wp-content\/uploads\/2024\/10\/az_31729509669-240x172.jpg",240,172,true],"advps-thumb-one":["https:\/\/arantv.az\/wp-content\/uploads\/2024\/10\/az_31729509669.jpg",637,400,false]},"rttpg_author":{"display_name":"V\u00fcsal Rafiqo\u011flu","author_link":"https:\/\/arantv.az\/?author=2"},"rttpg_comment":0,"rttpg_category":"<a href=\"https:\/\/arantv.az\/?cat=1\" rel=\"category\">C\u0259miyy\u0259t<\/a>","rttpg_excerpt":"Az\u0259rbaycanda COP29 \u00e7\u0259r\u00e7iv\u0259sind\u0259 COP29 Miras park\u0131 sal\u0131nacaq. &#8220;Qafqazinfo&#8221;\u00a0x\u0259b\u0259r\u00a0verir ki, bunu COP29 \u018fm\u0259liyyat \u015eirk\u0259tinin Koordinasiya \u015euras\u0131n\u0131n \u00fczv\u00fc Ayan N\u0259c\u0259f Heyd\u0259r \u018fliyev M\u0259rk\u0259zind\u0259 media n\u00fcmay\u0259nd\u0259l\u0259ri \u00fc\u00e7\u00fcn &#8220;ESG Hesabatlar\u0131n\u0131n T\u0259rifi v\u0259 T\u0259hlili&#8221; m\u00f6vzusunda ke\u00e7iril\u0259n seminarda \u00e7\u0131x\u0131\u015f\u0131 zaman\u0131 deyib. Onun s\u00f6zl\u0259rin\u0259 g\u00f6r\u0259, bu m\u0259qs\u0259dl\u0259 10 hektar \u0259razid\u0259 10 min \u0259d\u0259d Pavlovniya a\u011fac\u0131 \u0259kil\u0259c\u0259k.","_links":{"self":[{"href":"https:\/\/arantv.az\/index.php?rest_route=\/wp\/v2\/posts\/763214"}],"collection":[{"href":"https:\/\/arantv.az\/index.php?rest_route=\/wp\/v2\/posts"}],"about":[{"href":"https:\/\/arantv.az\/index.php?rest_route=\/wp\/v2\/types\/post"}],"author":[{"embeddable":true,"href":"https:\/\/arantv.az\/index.php?rest_route=\/wp\/v2\/users\/2"}],"replies":[{"embeddable":true,"href":"https:\/\/arantv.az\/index.php?rest_route=%2Fwp%2Fv2%2Fcomments&post=763214"}],"version-history":[{"count":1,"href":"https:\/\/arantv.az\/index.php?rest_route=\/wp\/v2\/posts\/763214\/revisions"}],"predecessor-version":[{"id":763216,"href":"https:\/\/arantv.az\/index.php?rest_route=\/wp\/v2\/posts\/763214\/revisions\/763216"}],"wp:featuredmedia":[{"embeddable":true,"href":"https:\/\/arantv.az\/index.php?rest_route=\/wp\/v2\/media\/763215"}],"wp:attachment":[{"href":"https:\/\/arantv.az\/index.php?rest_route=%2Fwp%2Fv2%2Fmedia&parent=763214"}],"wp:term":[{"taxonomy":"category","embeddable":true,"href":"https:\/\/arantv.az\/index.php?rest_route=%2Fwp%2Fv2%2Fcategories&post=763214"},{"taxonomy":"post_tag","embeddable":true,"href":"https:\/\/arantv.az\/index.php?rest_route=%2Fwp%2Fv2%2Ftags&post=763214"}],"curies":[{"name":"wp","href":"https:\/\/api.w.org\/{rel}","templated":true}]}}