{"id":763233,"date":"2024-10-21T19:34:54","date_gmt":"2024-10-21T15:34:54","guid":{"rendered":"https:\/\/arantv.az\/?p=763233"},"modified":"2024-10-21T19:34:54","modified_gmt":"2024-10-21T15:34:54","slug":"i%c9%99t-in-%c9%99m%c9%99k-m%c9%99rk%c9%99zi-il%c9%99-b%c9%99t-in-t%c9%99lim-m%c9%99rk%c9%99zi-arasinda-%c9%99m%c9%99kdasliq-s%c9%99n%c9%99di-imzalanib","status":"publish","type":"post","link":"https:\/\/arantv.az\/?p=763233","title":{"rendered":"\u0130\u018fT-in \u018fm\u0259k M\u0259rk\u0259zi il\u0259 B\u018fT-in T\u0259lim M\u0259rk\u0259zi aras\u0131nda \u0259m\u0259kda\u015fl\u0131q s\u0259n\u0259di imzalan\u0131b"},"content":{"rendered":"<p><strong>\u0130slam \u018fm\u0259kda\u015fl\u0131q T\u0259\u015fkilat\u0131n\u0131n (\u0130\u018fT) Bak\u0131da yerl\u0259\u015f\u0259n beyn\u0259lxalq statuslu \u018fm\u0259k M\u0259rk\u0259zi il\u0259 Beyn\u0259lxalq \u018fm\u0259k T\u0259\u015fkilat\u0131n\u0131n (B\u018fT) \u0130taliyan\u0131n Turin \u015f\u0259h\u0259rind\u0259ki Beyn\u0259lxalq T\u0259lim M\u0259rk\u0259zi aras\u0131nda Anla\u015fma Memorandumu imzalan\u0131b.<\/strong><\/p>\n<p>Bu bar\u0259d\u0259\u00a0<strong>Musavat.com<\/strong>-a \u0130slam \u018fm\u0259kda\u015fl\u0131q T\u0259\u015fkilat\u0131n\u0131n \u018fm\u0259k M\u0259rk\u0259zind\u0259n m\u0259lumat verilib.<\/p>\n<p>Bildirilib ki, s\u0259n\u0259di B\u018fT T\u0259lim M\u0259rk\u0259zinin direktoru Kristof Perrin v\u0259 \u0130\u018fT \u018fm\u0259k M\u0259rk\u0259zinin direktoru Az\u0259r Bayramov imzalay\u0131blar. \u0130\u018fT \u018fm\u0259k M\u0259rk\u0259zinin n\u00fcmay\u0259nd\u0259 hey\u0259tinin B\u018fT-in d\u0259v\u0259ti il\u0259 oktyabr\u0131n 15-17-d\u0259 \u0130taliyan\u0131n Turin \u015f\u0259h\u0259rin\u0259 s\u0259f\u0259ri \u00e7\u0259r\u00e7iv\u0259sind\u0259 imzalanan Memorandumda g\u0259l\u0259c\u0259k \u0259m\u0259kda\u015fl\u0131q istiqam\u0259tl\u0259ri \u0259ks olunub.<\/p>\n<p>S\u0259n\u0259d\u0259 \u0259sas\u0259n t\u0259r\u0259fl\u0259r \u0130\u018fT \u018fm\u0259k M\u0259rk\u0259zinin \u00fczv \u00f6lk\u0259l\u0259rinin m\u00fcvafiq d\u00f6vl\u0259t qurumlar\u0131, h\u0259mkarlar v\u0259 sahibkarlar t\u0259\u015fkilatlar\u0131 \u00fc\u00e7\u00fcn layiqli \u0259m\u0259k, sosial m\u00fcdafi\u0259, sosial dialoq, beyn\u0259lxalq \u0259m\u0259k standartlar\u0131, insan kapital\u0131n\u0131n inki\u015faf\u0131, \u0259dal\u0259tli ke\u00e7id v\u0259 dig\u0259r istiqam\u0259tl\u0259r \u00fczr\u0259 birg\u0259 layih\u0259l\u0259r v\u0259 t\u0259lim proqramlar\u0131 h\u0259yata ke\u00e7ir\u0259c\u0259kl\u0259r.<\/p>\n<p>Xatirladaq ki, \u00f6t\u0259n ay Cenevr\u0259 \u015f\u0259h\u0259rind\u0259 B\u018fT-l\u0259 \u0130\u018fT \u018fm\u0259k M\u0259rk\u0259zi aras\u0131nda da \u0259m\u0259kda\u015fl\u0131q m\u00fcqavil\u0259si imzalan\u0131b v\u0259 m\u00fcqavil\u0259y\u0259 \u0259sas\u0259n bir ne\u00e7\u0259 layih\u0259nin icras\u0131na ba\u015flan\u0131l\u0131b.<\/p>\n<p>M\u0259rk\u0259zi q\u0259rargah\u0131 Bak\u0131 \u015f\u0259h\u0259rind\u0259 yerl\u0259\u015f\u0259n v\u0259 f\u0259aliyy\u0259ti \u0130\u018fT-in 56 \u00fczv d\u00f6vl\u0259tini \u0259hat\u0259 ed\u0259n \u0130\u018fT \u018fm\u0259k M\u0259rk\u0259zi Az\u0259rbaycan Respublikas\u0131n\u0131n Prezidenti c\u0259nab \u0130lham \u018fliyevin t\u0259\u015f\u0259bb\u00fcs\u00fc il\u0259 yarad\u0131l\u0131b. 2023-c\u00fc ilin noyabr ay\u0131nda \u0130\u018fT \u00fczv d\u00f6vl\u0259tl\u0259rin \u0259m\u0259k nazirl\u0259rinin Bak\u0131da ke\u00e7iril\u0259n 5-ci konfrans\u0131 \u00e7\u0259r\u00e7iv\u0259sind\u0259 is\u0259 \u0130\u018fT-in Ba\u015f katibinin i\u015ftirak\u0131 il\u0259 \u018fm\u0259k M\u0259rk\u0259zinin f\u0259aliyy\u0259t\u0259 ba\u015flamas\u0131 il\u0259 ba\u011fl\u0131 q\u0259rar q\u0259bul edilib.<\/p>\n<p>M\u0259rk\u0259zin \u0259sas f\u0259aliyy\u0259t istiqam\u0259tl\u0259rin\u0259 \u00fczv d\u00f6vl\u0259tl\u0259rd\u0259 \u0259m\u0259k, m\u0259\u015f\u011fulluq, sosial m\u00fcdafi\u0259 v\u0259 insan kapital\u0131n\u0131n inki\u015faf\u0131 sah\u0259sind\u0259 \u0259m\u0259kda\u015fl\u0131\u011f\u0131n\u0131n geni\u015fl\u0259ndirilm\u0259si, \u0259m\u0259k sah\u0259sind\u0259 f\u0259aliyy\u0259tin \u0259laq\u0259l\u0259ndirilm\u0259si, \u0259m\u0259k \u015f\u0259raitinin yax\u015f\u0131la\u015fd\u0131r\u0131lmas\u0131, sosial t\u0259r\u0259fda\u015fl\u0131\u011f\u0131n g\u00fccl\u0259ndirilm\u0259si, layiqli \u0259m\u0259yin t\u0259tbiqi, m\u0259\u015f\u011fulluq imkanlar\u0131n\u0131n geni\u015fl\u0259ndirilm\u0259si v\u0259 dayan\u0131ql\u0131 sosial m\u00fcdafi\u0259 sisteminin formala\u015fd\u0131r\u0131lmas\u0131n\u0131n t\u0259\u015fviq edilm\u0259si daxildir.<\/p>\n","protected":false},"excerpt":{"rendered":"<p>\u0130slam \u018fm\u0259kda\u015fl\u0131q T\u0259\u015fkilat\u0131n\u0131n (\u0130\u018fT) Bak\u0131da yerl\u0259\u015f\u0259n beyn\u0259lxalq statuslu \u018fm\u0259k M\u0259rk\u0259zi il\u0259 Beyn\u0259lxalq \u018fm\u0259k T\u0259\u015fkilat\u0131n\u0131n (B\u018fT) \u0130taliyan\u0131n Turin \u015f\u0259h\u0259rind\u0259ki Beyn\u0259lxalq T\u0259lim M\u0259rk\u0259zi aras\u0131nda Anla\u015fma Memorandumu imzalan\u0131b. Bu bar\u0259d\u0259\u00a0Musavat.com-a \u0130slam \u018fm\u0259kda\u015fl\u0131q T\u0259\u015fkilat\u0131n\u0131n \u018fm\u0259k M\u0259rk\u0259zind\u0259n m\u0259lumat verilib. Bildirilib ki, s\u0259n\u0259di B\u018fT T\u0259lim M\u0259rk\u0259zinin direktoru Kristof Perrin v\u0259 \u0130\u018fT \u018fm\u0259k M\u0259rk\u0259zinin direktoru Az\u0259r Bayramov imzalay\u0131blar. \u0130\u018fT \u018fm\u0259k M\u0259rk\u0259zinin n\u00fcmay\u0259nd\u0259 hey\u0259tinin B\u018fT-in d\u0259v\u0259ti il\u0259 oktyabr\u0131n 15-17-d\u0259 \u0130taliyan\u0131n Turin \u015f\u0259h\u0259rin\u0259 s\u0259f\u0259ri \u00e7\u0259r\u00e7iv\u0259sind\u0259 imzalanan Memorandumda g\u0259l\u0259c\u0259k \u0259m\u0259kda\u015fl\u0131q istiqam\u0259tl\u0259ri \u0259ks olunub. S\u0259n\u0259d\u0259 \u0259sas\u0259n t\u0259r\u0259fl\u0259r \u0130\u018fT \u018fm\u0259k M\u0259rk\u0259zinin \u00fczv \u00f6lk\u0259l\u0259rinin m\u00fcvafiq d\u00f6vl\u0259t qurumlar\u0131, h\u0259mkarlar v\u0259 sahibkarlar t\u0259\u015fkilatlar\u0131 \u00fc\u00e7\u00fcn layiqli&hellip;<\/p>\n","protected":false},"author":2,"featured_media":763235,"comment_status":"closed","ping_status":"closed","sticky":false,"template":"","format":"standard","meta":{"om_disable_all_campaigns":false,"_monsterinsights_skip_tracking":false,"_monsterinsights_sitenote_active":false,"_monsterinsights_sitenote_note":"","_monsterinsights_sitenote_category":0},"categories":[4],"tags":[],"aioseo_notices":[],"gutentor_comment":0,"rttpg_featured_image_url":{"full":["https:\/\/arantv.az\/wp-content\/uploads\/2024\/10\/afc1203c2681906f5b0df31a0fffeb8a.jpg",870,500,false],"landscape":["https:\/\/arantv.az\/wp-content\/uploads\/2024\/10\/afc1203c2681906f5b0df31a0fffeb8a.jpg",870,500,false],"portraits":["https:\/\/arantv.az\/wp-content\/uploads\/2024\/10\/afc1203c2681906f5b0df31a0fffeb8a.jpg",870,500,false],"thumbnail":["https:\/\/arantv.az\/wp-content\/uploads\/2024\/10\/afc1203c2681906f5b0df31a0fffeb8a-500x280.jpg",500,280,true],"medium":["https:\/\/arantv.az\/wp-content\/uploads\/2024\/10\/afc1203c2681906f5b0df31a0fffeb8a-635x365.jpg",635,365,true],"large":["https:\/\/arantv.az\/wp-content\/uploads\/2024\/10\/afc1203c2681906f5b0df31a0fffeb8a-840x483.jpg",640,368,true],"1536x1536":["https:\/\/arantv.az\/wp-content\/uploads\/2024\/10\/afc1203c2681906f5b0df31a0fffeb8a.jpg",870,500,false],"2048x2048":["https:\/\/arantv.az\/wp-content\/uploads\/2024\/10\/afc1203c2681906f5b0df31a0fffeb8a.jpg",870,500,false],"post-thumbnail":["https:\/\/arantv.az\/wp-content\/uploads\/2024\/10\/afc1203c2681906f5b0df31a0fffeb8a-240x172.jpg",240,172,true],"advps-thumb-one":["https:\/\/arantv.az\/wp-content\/uploads\/2024\/10\/afc1203c2681906f5b0df31a0fffeb8a.jpg",870,500,false]},"rttpg_author":{"display_name":"V\u00fcsal Rafiqo\u011flu","author_link":"https:\/\/arantv.az\/?author=2"},"rttpg_comment":0,"rttpg_category":"<a href=\"https:\/\/arantv.az\/?cat=4\" rel=\"category\">Siyas\u0259t<\/a>","rttpg_excerpt":"\u0130slam \u018fm\u0259kda\u015fl\u0131q T\u0259\u015fkilat\u0131n\u0131n (\u0130\u018fT) Bak\u0131da yerl\u0259\u015f\u0259n beyn\u0259lxalq statuslu \u018fm\u0259k M\u0259rk\u0259zi il\u0259 Beyn\u0259lxalq \u018fm\u0259k T\u0259\u015fkilat\u0131n\u0131n (B\u018fT) \u0130taliyan\u0131n Turin \u015f\u0259h\u0259rind\u0259ki Beyn\u0259lxalq T\u0259lim M\u0259rk\u0259zi aras\u0131nda Anla\u015fma Memorandumu imzalan\u0131b. Bu bar\u0259d\u0259\u00a0Musavat.com-a \u0130slam \u018fm\u0259kda\u015fl\u0131q T\u0259\u015fkilat\u0131n\u0131n \u018fm\u0259k M\u0259rk\u0259zind\u0259n m\u0259lumat verilib. Bildirilib ki, s\u0259n\u0259di B\u018fT T\u0259lim M\u0259rk\u0259zinin direktoru Kristof Perrin v\u0259 \u0130\u018fT \u018fm\u0259k M\u0259rk\u0259zinin direktoru Az\u0259r Bayramov imzalay\u0131blar. \u0130\u018fT \u018fm\u0259k M\u0259rk\u0259zinin n\u00fcmay\u0259nd\u0259&hellip;","_links":{"self":[{"href":"https:\/\/arantv.az\/index.php?rest_route=\/wp\/v2\/posts\/763233"}],"collection":[{"href":"https:\/\/arantv.az\/index.php?rest_route=\/wp\/v2\/posts"}],"about":[{"href":"https:\/\/arantv.az\/index.php?rest_route=\/wp\/v2\/types\/post"}],"author":[{"embeddable":true,"href":"https:\/\/arantv.az\/index.php?rest_route=\/wp\/v2\/users\/2"}],"replies":[{"embeddable":true,"href":"https:\/\/arantv.az\/index.php?rest_route=%2Fwp%2Fv2%2Fcomments&post=763233"}],"version-history":[{"count":2,"href":"https:\/\/arantv.az\/index.php?rest_route=\/wp\/v2\/posts\/763233\/revisions"}],"predecessor-version":[{"id":763237,"href":"https:\/\/arantv.az\/index.php?rest_route=\/wp\/v2\/posts\/763233\/revisions\/763237"}],"wp:featuredmedia":[{"embeddable":true,"href":"https:\/\/arantv.az\/index.php?rest_route=\/wp\/v2\/media\/763235"}],"wp:attachment":[{"href":"https:\/\/arantv.az\/index.php?rest_route=%2Fwp%2Fv2%2Fmedia&parent=763233"}],"wp:term":[{"taxonomy":"category","embeddable":true,"href":"https:\/\/arantv.az\/index.php?rest_route=%2Fwp%2Fv2%2Fcategories&post=763233"},{"taxonomy":"post_tag","embeddable":true,"href":"https:\/\/arantv.az\/index.php?rest_route=%2Fwp%2Fv2%2Ftags&post=763233"}],"curies":[{"name":"wp","href":"https:\/\/api.w.org\/{rel}","templated":true}]}}