{"id":763244,"date":"2024-10-21T19:43:14","date_gmt":"2024-10-21T15:43:14","guid":{"rendered":"https:\/\/arantv.az\/?p=763244"},"modified":"2024-10-21T19:43:14","modified_gmt":"2024-10-21T15:43:14","slug":"birinci-qarabag-muharib%c9%99si-veterani-intihar-etdi","status":"publish","type":"post","link":"https:\/\/arantv.az\/?p=763244","title":{"rendered":"Birinci Qaraba\u011f m\u00fcharib\u0259si veteran\u0131 \u0130NT\u0130HAR ETD\u0130"},"content":{"rendered":"<p>Bak\u0131da intihar hadis\u0259si ba\u015f verib.<\/p>\n<p>Lent.az\u00a0<a title=\"xeberler son xeberler 2024\" href=\"https:\/\/big.az\/\" target=\"_blank\" rel=\"noopener\">x\u0259b\u0259r<\/a>\u00a0verir ki, hadis\u0259 paytaxt\u0131n N\u0259simi rayonunda qeyd\u0259 al\u0131n\u0131b.<\/p>\n<p>Bak\u0131 \u015f\u0259h\u0259r sakini, 48 ya\u015fl\u0131 Z\u0259ka Xudak\u0259rim o\u011flu \u018fliyev ya\u015fad\u0131\u011f\u0131 evd\u0259 sirk\u0259 tur\u015fusu i\u00e7ib.<\/p>\n<div class=\"AdviadNativeVideo\"><\/div>\n<p>T\u0259cili x\u0259st\u0259xanaya yerl\u0259\u015fdiril\u0259n Z.\u018fliyev orada \u00f6l\u00fcb.<\/p>\n<p>Faktla ba\u011fl\u0131 rayon prokurorlu\u011fu t\u0259r\u0259find\u0259n ara\u015fd\u0131rma apar\u0131l\u0131r.<\/p>\n<p>Qeyd ed\u0259k ki, Z.\u018fliyev Birinci Qaraba\u011f m\u00fcharib\u0259si veteran\u0131d\u0131r.<\/p>\n","protected":false},"excerpt":{"rendered":"<p>Bak\u0131da intihar hadis\u0259si ba\u015f verib. Lent.az\u00a0x\u0259b\u0259r\u00a0verir ki, hadis\u0259 paytaxt\u0131n N\u0259simi rayonunda qeyd\u0259 al\u0131n\u0131b. Bak\u0131 \u015f\u0259h\u0259r sakini, 48 ya\u015fl\u0131 Z\u0259ka Xudak\u0259rim o\u011flu \u018fliyev ya\u015fad\u0131\u011f\u0131 evd\u0259 sirk\u0259 tur\u015fusu i\u00e7ib. T\u0259cili x\u0259st\u0259xanaya yerl\u0259\u015fdiril\u0259n Z.\u018fliyev orada \u00f6l\u00fcb. Faktla ba\u011fl\u0131 rayon prokurorlu\u011fu t\u0259r\u0259find\u0259n ara\u015fd\u0131rma apar\u0131l\u0131r. Qeyd ed\u0259k ki, Z.\u018fliyev Birinci Qaraba\u011f m\u00fcharib\u0259si veteran\u0131d\u0131r.<\/p>\n","protected":false},"author":2,"featured_media":763245,"comment_status":"closed","ping_status":"closed","sticky":false,"template":"","format":"standard","meta":{"om_disable_all_campaigns":false,"_monsterinsights_skip_tracking":false,"_monsterinsights_sitenote_active":false,"_monsterinsights_sitenote_note":"","_monsterinsights_sitenote_category":0},"categories":[5],"tags":[],"aioseo_notices":[],"gutentor_comment":0,"rttpg_featured_image_url":{"full":["https:\/\/arantv.az\/wp-content\/uploads\/2024\/10\/886.png",649,438,false],"landscape":["https:\/\/arantv.az\/wp-content\/uploads\/2024\/10\/886.png",649,438,false],"portraits":["https:\/\/arantv.az\/wp-content\/uploads\/2024\/10\/886.png",649,438,false],"thumbnail":["https:\/\/arantv.az\/wp-content\/uploads\/2024\/10\/886-500x280.png",500,280,true],"medium":["https:\/\/arantv.az\/wp-content\/uploads\/2024\/10\/886-541x365.png",541,365,true],"large":["https:\/\/arantv.az\/wp-content\/uploads\/2024\/10\/886.png",640,432,false],"1536x1536":["https:\/\/arantv.az\/wp-content\/uploads\/2024\/10\/886.png",649,438,false],"2048x2048":["https:\/\/arantv.az\/wp-content\/uploads\/2024\/10\/886.png",649,438,false],"post-thumbnail":["https:\/\/arantv.az\/wp-content\/uploads\/2024\/10\/886-240x172.png",240,172,true],"advps-thumb-one":["https:\/\/arantv.az\/wp-content\/uploads\/2024\/10\/886.png",649,438,false]},"rttpg_author":{"display_name":"V\u00fcsal Rafiqo\u011flu","author_link":"https:\/\/arantv.az\/?author=2"},"rttpg_comment":0,"rttpg_category":"<a href=\"https:\/\/arantv.az\/?cat=5\" rel=\"category\">Hadis\u0259<\/a>","rttpg_excerpt":"Bak\u0131da intihar hadis\u0259si ba\u015f verib. Lent.az\u00a0x\u0259b\u0259r\u00a0verir ki, hadis\u0259 paytaxt\u0131n N\u0259simi rayonunda qeyd\u0259 al\u0131n\u0131b. Bak\u0131 \u015f\u0259h\u0259r sakini, 48 ya\u015fl\u0131 Z\u0259ka Xudak\u0259rim o\u011flu \u018fliyev ya\u015fad\u0131\u011f\u0131 evd\u0259 sirk\u0259 tur\u015fusu i\u00e7ib. T\u0259cili x\u0259st\u0259xanaya yerl\u0259\u015fdiril\u0259n Z.\u018fliyev orada \u00f6l\u00fcb. Faktla ba\u011fl\u0131 rayon prokurorlu\u011fu t\u0259r\u0259find\u0259n ara\u015fd\u0131rma apar\u0131l\u0131r. Qeyd ed\u0259k ki, Z.\u018fliyev Birinci Qaraba\u011f m\u00fcharib\u0259si veteran\u0131d\u0131r.","_links":{"self":[{"href":"https:\/\/arantv.az\/index.php?rest_route=\/wp\/v2\/posts\/763244"}],"collection":[{"href":"https:\/\/arantv.az\/index.php?rest_route=\/wp\/v2\/posts"}],"about":[{"href":"https:\/\/arantv.az\/index.php?rest_route=\/wp\/v2\/types\/post"}],"author":[{"embeddable":true,"href":"https:\/\/arantv.az\/index.php?rest_route=\/wp\/v2\/users\/2"}],"replies":[{"embeddable":true,"href":"https:\/\/arantv.az\/index.php?rest_route=%2Fwp%2Fv2%2Fcomments&post=763244"}],"version-history":[{"count":1,"href":"https:\/\/arantv.az\/index.php?rest_route=\/wp\/v2\/posts\/763244\/revisions"}],"predecessor-version":[{"id":763246,"href":"https:\/\/arantv.az\/index.php?rest_route=\/wp\/v2\/posts\/763244\/revisions\/763246"}],"wp:featuredmedia":[{"embeddable":true,"href":"https:\/\/arantv.az\/index.php?rest_route=\/wp\/v2\/media\/763245"}],"wp:attachment":[{"href":"https:\/\/arantv.az\/index.php?rest_route=%2Fwp%2Fv2%2Fmedia&parent=763244"}],"wp:term":[{"taxonomy":"category","embeddable":true,"href":"https:\/\/arantv.az\/index.php?rest_route=%2Fwp%2Fv2%2Fcategories&post=763244"},{"taxonomy":"post_tag","embeddable":true,"href":"https:\/\/arantv.az\/index.php?rest_route=%2Fwp%2Fv2%2Ftags&post=763244"}],"curies":[{"name":"wp","href":"https:\/\/api.w.org\/{rel}","templated":true}]}}